{"id":21227,"date":"2023-10-19T08:01:44","date_gmt":"2023-10-19T06:01:44","guid":{"rendered":"https:\/\/www.generationsanstabac.org\/actualites\/suisse-deux-partis-politiques-finances-par-philip-morris\/"},"modified":"2023-10-19T08:01:44","modified_gmt":"2023-10-19T06:01:44","slug":"suisse-deux-partis-politiques-finances-par-philip-morris","status":"publish","type":"actualites","link":"https:\/\/www.generationsanstabac.org\/en\/actualites\/suisse-deux-partis-politiques-finances-par-philip-morris\/","title":{"rendered":"Switzerland: Two political parties financed by Philip Morris"},"content":{"rendered":"<p style=\"text-align: justify;\"><em>En Suisse, deux partis politiques ont re\u00e7u des financements de Philip Morris pour les \u00e9lections au Conseil national, alors que la loi sur les produits du tabac devrait \u00eatre prochainement r\u00e9vis\u00e9e. Philippe Nantermod, vice-pr\u00e9sident d\u2019un des deux partis mis en cause, a indiqu\u00e9 n\u2019y voir aucun probl\u00e8me de conflit d\u2019int\u00e9r\u00eats. Les journaux suisses ont toutefois soulign\u00e9 ses liens de proximit\u00e9 avec l\u2019industrie du tabac. <\/em><\/p>\n<p style=\"text-align: justify;\">En octobre 2023, le Conseil f\u00e9d\u00e9ral suisse impose aux partis politiques de d\u00e9clarer les financements re\u00e7us, si ceux-ci d\u00e9passent les 15 000 Francs suisses, soit 15 700 euros. C\u2019est le cas de l\u2019Union D\u00e9mocratique du Centre (UDC) et du Parti Lib\u00e9ral-Radical (PLR), qui ont ainsi d\u00e9clar\u00e9 avoir respectivement re\u00e7u 35 000 Francs suisses de la part du fabricant Philip Morris.<\/p>\n<h2 style=\"text-align: justify;\"><strong>Pas de risque d\u2019influence, selon le vice-pr\u00e9sident du PLR <\/strong><\/h2>\n<p style=\"text-align: justify;\">Selon Philippe Nantermod, vice-pr\u00e9sident du Parti Lib\u00e9ral-Radical suisse, cette situation n\u2019est pas probl\u00e9matique, et n\u2019indique en rien une relation d\u2019influence de l\u2019industrie du tabac \u00e0 l\u2019\u00e9gard de la ligne politique du PLR. Interrog\u00e9 par la presse, Nantermod a assur\u00e9 avoir \u00ab d\u00e9couvert \u00bb que son parti recevait de l\u2019argent de Philip Morris, et que cette donn\u00e9e n\u2019influen\u00e7ait en aucun cas sa position \u00e0 l\u2019\u00e9gard du tabac, ni celle du parti, r\u00e9sum\u00e9e par l\u2019int\u00e9ress\u00e9 comme visant \u00e0 \u00ab une pr\u00e9vention forte \u00e0 l\u2019\u00e9gard des mineurs \u00bb.<\/p>\n<h2 style=\"text-align: justify;\"><strong>Des liens de financement critiqu\u00e9s par une partie de la classe politique suisse<\/strong><\/h2>\n<p style=\"text-align: justify;\">Ces liens de financement, publi\u00e9s par le Contr\u00f4le f\u00e9d\u00e9ral des finances, font toutefois l\u2019objet de critiques de la part d\u2019une partie de la classe politique helv\u00e8te. Interrog\u00e9 dans le journal 24 heures, Pierre-Yves Maillard, du Parti socialiste suisse, s\u2019interroge : \u00ab Pourquoi ces entreprises verseraient-elles ces sommes si elles n\u2019en attendaient pas en retour un impact sur les votes des \u00e9lus ? Si ces dons existent, c\u2019est qu\u2019ils ach\u00e8tent de l\u2019influence \u00bb. En effet, le caract\u00e8re d\u00e9sint\u00e9ress\u00e9 du financement de partis par Philip Morris peut interroger, alors que la Commission de la s\u00e9curit\u00e9 sociale et de la sant\u00e9 publique, dont Philippe Nantermod est l\u2019un des membres, est actuellement en train de r\u00e9viser la loi sur les produits du tabac.<\/p>\n<h2 style=\"text-align: justify;\"><strong>Un lien de proximit\u00e9 entre le vice-pr\u00e9sident et le secr\u00e9taire g\u00e9n\u00e9ral de Swiss Cigarette<\/strong><\/h2>\n<p style=\"text-align: justify;\">A cet \u00e9gard, plusieurs journaux suisses ont rappel\u00e9 la proximit\u00e9 entre Philippe Nantermod et Martin Kuonen, secr\u00e9taire g\u00e9n\u00e9ral de Swiss Cigarette, association qui regroupe Philip Morris, British American Tobacco, ainsi que Japan Tobacco International, les trois fabricants de tabac pr\u00e9sents en Suisse. C\u2019est en effet \u00e0 l\u2019invitation de Philippe Nantermod que le secr\u00e9taire g\u00e9n\u00e9ral est accr\u00e9dit\u00e9 au Parlement f\u00e9d\u00e9ral. Nantermod r\u00e9cuse toutefois tout lien avec l\u2019industrie du tabac, affirmant que son lien avec Martin Kuonen s\u2019explique par le fait que celui-ci est par ailleurs directeur du \u00ab Centre patronal qui g\u00e8re le secr\u00e9tariat d\u2019une trentaine d\u2019associations \u00bb.<\/p>\n<p>Comme le souligne l&rsquo;Association suisse pour la pr\u00e9vention du tabagisme, les liens d&rsquo;int\u00e9r\u00eats entre certains parlementaires de l&rsquo;UDC ou du PLR et l&rsquo;industrie du tabac sont bien connus, tels que Gregor Rutz, qui occupe aussi le poste de pr\u00e9sident de Swiss Tobacco et Damien Cottier repr\u00e9sentant le canton de Neuch\u00e2tel o\u00f9 Philip Morris a son centre de recherche et de d\u00e9veloppement global.<a href=\"#_ftn1\" name=\"_ftnref1\">[1]<\/a><\/p>\n<h2 style=\"text-align: justify;\"><strong>Des prises de positions en ad\u00e9quation avec les int\u00e9r\u00eats des fabricants<\/strong><\/h2>\n<p style=\"text-align: justify;\">Si Philippe Nantermod nie toute influence du cigarettier sur ses prises de position ou celles de son parti en mati\u00e8re de lutte contre le tabagisme, force est de constater que le membre de la Commission de la sant\u00e9 suisse d\u00e9fend des mesures proches de celles pr\u00e9conis\u00e9es par les cigarettiers. En 2020, Nantermod s\u2019\u00e9tait notamment d\u00e9clar\u00e9 contre l\u2019interdiction de la publicit\u00e9 en faveur du tabac, pr\u00e9f\u00e9rant s\u2019en tenir \u00e0 une interdiction des publicit\u00e9s sp\u00e9cifiquement dirig\u00e9s vers les mineurs : \u00ab bannir ce qui s\u2019adresse directement aux mineurs, d\u2019accord. Mais ce qui pourrait \u00ab peut- \u00eatre \u00bb toucher les mineurs, non \u00bb. Or, sur ce point, les \u00e9tudes scientifiques d\u00e9montrent que seules les interdictions compl\u00e8tes en faveur du tabac sont efficaces, l\u00e0 o\u00f9 les restrictions partielles conduisent uniquement \u00e0 un transfert d\u2019investissement publicitaire d\u2019un support vers un autre.<\/p>\n<h2 style=\"text-align: justify;\"><strong>Une situation symptomatique de la Suisse<\/strong><\/h2>\n<p style=\"text-align: justify;\">La Suisse est l\u2019un des derniers pays du monde n\u2019ayant pas ratifi\u00e9 la Convention-cadre de l\u2019Organisation mondiale de la sant\u00e9 pour la lutte antitabac (CCLAT). En 2021, l\u2019Indice d\u2019interf\u00e9rence de l\u2019industrie du tabac pla\u00e7ait la Suisse \u00e0 l\u2019avant-derni\u00e8re place du classement europ\u00e9en, soulignant la forte influence des cigarettiers dans les politiques publiques. Cette forte influence se traduit par un retard consid\u00e9rable du pays en mati\u00e8re de r\u00e9glementation, qu\u2019il s\u2019agisse de l\u2019interdiction de la publicit\u00e9 ou de la politique fiscale.<\/p>\n<p style=\"text-align: justify;\"><strong>Mots-cl\u00e9s : Suisse, PLR, UDC, Nantermod, lobby<\/strong><\/p>\n<p><a href=\"#_ftnref1\" name=\"_ftn1\">[1]<\/a> Association suisse pour la pr\u00e9vention du tabagisme, <a href=\"https:\/\/www.at-schweiz.ch\/fr?id=217&amp;Les-lections-fdrales-2023-et-largent-de-Philip-Morris#nouvelles-et-articles-de-blog\">Les \u00e9lections f\u00e9d\u00e9rales 2023 et l\u2019argent de Philip Morris<\/a>, 02\/102023, (consult\u00e9 le 20\/10\/2023)<\/p>\n<p style=\"text-align: justify;\"><strong><a href=\"https:\/\/www.generationsanstabac.org\/\">\u00a9G\u00e9n\u00e9ration Sans Tabac<\/a><\/strong><\/p>\n<p style=\"text-align: right;\"><b><i>FT<\/i><\/b><\/p>\n<hr \/>\n<p><strong><a href=\"http:\/\/www.cnct.fr\/\" target=\"_blank\" rel=\"noopener noreferrer\">Comit\u00e9 national contre le tabagisme |<\/a><\/strong><\/p>\n","protected":false},"excerpt":{"rendered":"<p>In Switzerland, two political parties received funding from Philip Morris for the National Council elections, while the law on tobacco products is due to be revised soon. Philippe Nantermod, vice-president of one of the two parties in question, said he saw no conflict of interest problem. However, Swiss newspapers highlighted his close ties to the tobacco industry.<\/p>","protected":false},"featured_media":11771,"template":"","tags":[],"thematique":[499],"class_list":["post-21227","actualites","type-actualites","status-publish","has-post-thumbnail","hentry","thematique-lobby"],"acf":[],"_links":{"self":[{"href":"https:\/\/www.generationsanstabac.org\/en\/wp-json\/wp\/v2\/actualites\/21227","targetHints":{"allow":["GET"]}}],"collection":[{"href":"https:\/\/www.generationsanstabac.org\/en\/wp-json\/wp\/v2\/actualites"}],"about":[{"href":"https:\/\/www.generationsanstabac.org\/en\/wp-json\/wp\/v2\/types\/actualites"}],"version-history":[{"count":0,"href":"https:\/\/www.generationsanstabac.org\/en\/wp-json\/wp\/v2\/actualites\/21227\/revisions"}],"wp:featuredmedia":[{"embeddable":true,"href":"https:\/\/www.generationsanstabac.org\/en\/wp-json\/wp\/v2\/media\/11771"}],"wp:attachment":[{"href":"https:\/\/www.generationsanstabac.org\/en\/wp-json\/wp\/v2\/media?parent=21227"}],"wp:term":[{"taxonomy":"post_tag","embeddable":true,"href":"https:\/\/www.generationsanstabac.org\/en\/wp-json\/wp\/v2\/tags?post=21227"},{"taxonomy":"thematique","embeddable":true,"href":"https:\/\/www.generationsanstabac.org\/en\/wp-json\/wp\/v2\/thematique?post=21227"}],"curies":[{"name":"wp","href":"https:\/\/api.w.org\/{rel}","templated":true}]}}