{"id":21222,"date":"2023-10-17T08:00:27","date_gmt":"2023-10-17T06:00:27","guid":{"rendered":"https:\/\/www.generationsanstabac.org\/actualites\/lecosse-sinterroge-sur-le-sevrage-nicotinique-des-enfants-de-moins-de-12-ans\/"},"modified":"2023-10-17T08:00:27","modified_gmt":"2023-10-17T06:00:27","slug":"lecosse-sinterroge-sur-le-sevrage-nicotinique-des-enfants-de-moins-de-12-ans","status":"publish","type":"actualites","link":"https:\/\/www.generationsanstabac.org\/en\/actualites\/lecosse-sinterroge-sur-le-sevrage-nicotinique-des-enfants-de-moins-de-12-ans\/","title":{"rendered":"Scotland considers nicotine withdrawal for children under 12"},"content":{"rendered":"<p style=\"font-weight: 400; text-align: justify;\"><em>La rapide progression de l\u2019\u00e9pid\u00e9mie p\u00e9diatrique de cigarettes \u00e9lectroniques en Ecosse conduit les acteurs de sant\u00e9 \u00e0 s\u2019interroger sur les traitements de sevrage nicotinique applicables aux enfants de moins de 12 ans. Les traitements et les protocoles disponibles ne sont en effet pr\u00e9vus que pour les personnes de plus de 12 ans. Plusieurs propositions ont aussi \u00e9t\u00e9 \u00e9mises en vue de r\u00e9duire l\u2019attractivit\u00e9 des produits de vapotage et leur accessibilit\u00e9.  <\/em><\/p>\n<p style=\"font-weight: 400; text-align: justify;\">En juin 2023, une \u00e9tude sur les comportements de sant\u00e9 des enfants en \u00e2ge d\u2019\u00eatre scolaris\u00e9s indiquait que 3 % des enfants de 11 ans et 10 % des enfants de 13 ans \u00e9taient des consommateurs r\u00e9guliers de cigarettes \u00e9lectroniques. Ils \u00e9taient respectivement 4 % et 16 % \u00e0 avoir exp\u00e9riment\u00e9 les cigarettes \u00e9lectroniques au cours de leur vie. Les signalements de vapotage en milieu scolaire se sont fortement multipli\u00e9s et certains parents ont emmen\u00e9 leurs enfants de 11 ou 12 ans consulter des p\u00e9diatres pour des motifs de sevrage de cigarettes \u00e9lectroniques.<\/p>\n<h2 style=\"font-weight: 400; text-align: justify;\"><strong>Un volet \u00e0 d\u00e9velopper dans la prise en charge de la d\u00e9pendance nicotinique<\/strong><\/h2>\n<p style=\"font-weight: 400; text-align: justify;\">La question de la d\u00e9pendance nicotinique des enfants et de leur sevrage fut initialement soulev\u00e9e le 12 septembre 2023 par la d\u00e9put\u00e9e \u00e9cologiste Gillian Mackay. Alert\u00e9e par des p\u00e9diatres et des parents que des enfants vapotent d\u00e8s 8 ans, elle a questionn\u00e9 Jenni Minto, la ministre de la Sant\u00e9 publique, lors d\u2019une r\u00e9union du Health, Social Care and Sports Committee. Elle lui a demand\u00e9 si des conseils et des traitements d\u2019aide au sevrage nicotinique pouvaient \u00eatre propos\u00e9s \u00e0 des enfants de moins de 12 ans<a href=\"applewebdata:\/\/BEE79FD1-F596-418C-843D-6F89D4289DE4#_ftn1\" name=\"_ftnref1\">[1]<\/a>.<\/p>\n<p style=\"font-weight: 400; text-align: justify;\">Les traitements actuels d\u2019aide au sevrage nicotinique \u00e9tant r\u00e9serv\u00e9s aux personnes de plus de 12 ans, la ministre a r\u00e9pondu qu\u2019elle consulterait l\u2019ordre national des pharmaciens pour se pencher sur ce probl\u00e8me, dont elle s\u2019est depuis empar\u00e9e<a href=\"applewebdata:\/\/BEE79FD1-F596-418C-843D-6F89D4289DE4#_ftn2\" name=\"_ftnref2\">[2]<\/a>. \u00ab Id\u00e9alement, l\u2019approche se ferait \u00e0 l\u2019aide de prescriptions, mais il n\u2019y a actuellement aucun produit qui soit approuv\u00e9 par l\u2019Agence de r\u00e9gulation des m\u00e9dicaments et des produits de sant\u00e9 \u00bb, a-t-elle d\u00e9clar\u00e9. Elle a toutefois r\u00e9affirm\u00e9 l\u2019int\u00e9r\u00eat des pouvoirs publics \u00e9cossais sur ce sujet.<\/p>\n<p style=\"font-weight: 400; text-align: justify;\">L\u2019aide \u00e0 l\u2019arr\u00eat du tabac et la valorisation du programme \u00ab Quit your way \u00bb (\u00ab Arr\u00eatez \u00e0 votre fa\u00e7on \u00bb) constituent en effet un volet important de la strat\u00e9gie antitabac de 2018<a href=\"applewebdata:\/\/BEE79FD1-F596-418C-843D-6F89D4289DE4#_ftn3\" name=\"_ftnref3\">[3]<\/a>. Sheila Duffy, directrice ex\u00e9cutive de l\u2019organisation Action on Smoking and Health (ASH Ecosse), attend la publication cet automne du nouveau plan d\u2019action pour voir si la question du sevrage des cigarettes \u00e9lectroniques peut \u00eatre mieux prise en compte par les services de sant\u00e9 du National Health Service (NHS) \u00e9cossais.<\/p>\n<h2 style=\"font-weight: 400; text-align: justify;\"><strong>L\u2019Ecosse cherche \u00e0 enrayer le vapotage des mineurs <\/strong><\/h2>\n<p style=\"font-weight: 400; text-align: justify;\">Pour faire face \u00e0 la rapide \u00e9mergence du vapotage chez les mineurs, les autorit\u00e9s \u00e9cossaises ont \u00e9t\u00e9 interpell\u00e9es sur les mesures qui permettraient de r\u00e9duire l\u2019exposition et l\u2019attractivit\u00e9 des cigarettes \u00e9lectroniques. L\u2019interdiction de vente de cigarettes \u00e9lectroniques \u00e0 des mineurs a ainsi \u00e9t\u00e9 r\u00e9affirm\u00e9e, apr\u00e8s qu\u2019une enqu\u00eate a r\u00e9v\u00e9l\u00e9 que 20 % des revendeurs acceptent de vendre ces produits aux mineurs. Une consultation publique a pr\u00e9conis\u00e9 des restrictions de la publicit\u00e9 et de la promotion des cigarettes \u00e9lectroniques. La d\u00e9put\u00e9e Gillian Mackay avait, pour sa part, demand\u00e9, fin 2022, la suppression des \u00e9tals et des ar\u00f4mes attractifs dans les cigarettes \u00e9lectroniques. En juin 2023, un coll\u00e8ge de p\u00e9diatres avait de son c\u00f4t\u00e9 lanc\u00e9 un appel \u00e0 interdire les cigarettes \u00e9lectroniques jetables. La ministre Jenni Minto a assur\u00e9 que le prochain plan d\u2019action Tabac prendrait en consid\u00e9ration l\u2019ensemble de ces propositions.<\/p>\n<p style=\"font-weight: 400; text-align: justify;\"><strong>Mots-cl\u00e9s : Ecosse, mineurs, cigarettes \u00e9lectroniques, puffs, d\u00e9pendance nicotinique, Gillian Mackay, Jenni Minto.<\/strong><\/p>\n<p style=\"text-align: justify;\"><strong><a href=\"https:\/\/www.generationsanstabac.org\/\">\u00a9G\u00e9n\u00e9ration Sans Tabac<\/a><\/strong><\/p>\n<p style=\"text-align: right;\"><em><strong>MF<\/strong><\/em><\/p>\n<p style=\"text-align: justify;\"><a href=\"applewebdata:\/\/BEE79FD1-F596-418C-843D-6F89D4289DE4#_ftnref1\" name=\"_ftn1\">[1]<\/a> <a href=\"https:\/\/www.parliament.scot\/chamber-and-committees\/committees\/current-and-previous-committees\/session-6-health-social-care-and-sport-committee\/meetings\/2023\/hscss62325\"><em>Health, Social Care and Sport Committee, 25th Meeting 2023, Session 6, Official report<\/em><\/a>, The Scottish Parliament, publi\u00e9 le 12 septembre 2023, consult\u00e9 le 11 octobre 2023.<\/p>\n<p style=\"text-align: justify;\"><a href=\"applewebdata:\/\/BEE79FD1-F596-418C-843D-6F89D4289DE4#_ftnref2\" name=\"_ftn2\">[2]<\/a> Lovell T, <a href=\"https:\/\/pharmaceutical-journal.com\/article\/news\/scottish-government-considers-nicotine-addiction-treatment-for-children-aged-under-12-years\"><em>Scottish government considers nicotine addiction treatment for children aged under 12 years<\/em><\/a>, The Pharmaceutical Journal, publi\u00e9 le 9 octobre 2023, consult\u00e9 le 11 octobre 2023.<\/p>\n<p style=\"text-align: justify;\"><a href=\"applewebdata:\/\/BEE79FD1-F596-418C-843D-6F89D4289DE4#_ftnref3\" name=\"_ftn3\">[3]<\/a> <a href=\"https:\/\/www.gov.scot\/binaries\/content\/documents\/govscot\/publications\/strategy-plan\/2018\/06\/raising-scotlands-tobacco-free-generation-tobacco-control-action-plan-2018\/documents\/00537031-pdf\/00537031-pdf\/govscot%3Adocument\/00537031.pdf\"><em>Raising Scotland\u2019s Tobacco-free Generation, Our Tobacco-Control Action Plan 2018<\/em><\/a>, Scottish Government, Juin 2018, 48 p.<\/p>\n<p style=\"text-align: justify;\"><strong><a href=\"http:\/\/www.cnct.fr\/\" target=\"_blank\" rel=\"noopener noreferrer\">Comit\u00e9 national contre le tabagisme |<\/a><\/strong><\/p>\n","protected":false},"excerpt":{"rendered":"<p>The growing pediatric e-cigarette epidemic in Scotland is leading health professionals to question nicotine withdrawal treatments applicable to children under 12 years of age.<\/p>","protected":false},"featured_media":21072,"template":"","tags":[],"thematique":[474],"class_list":["post-21222","actualites","type-actualites","status-publish","has-post-thumbnail","hentry","thematique-sante"],"acf":[],"_links":{"self":[{"href":"https:\/\/www.generationsanstabac.org\/en\/wp-json\/wp\/v2\/actualites\/21222","targetHints":{"allow":["GET"]}}],"collection":[{"href":"https:\/\/www.generationsanstabac.org\/en\/wp-json\/wp\/v2\/actualites"}],"about":[{"href":"https:\/\/www.generationsanstabac.org\/en\/wp-json\/wp\/v2\/types\/actualites"}],"version-history":[{"count":0,"href":"https:\/\/www.generationsanstabac.org\/en\/wp-json\/wp\/v2\/actualites\/21222\/revisions"}],"wp:featuredmedia":[{"embeddable":true,"href":"https:\/\/www.generationsanstabac.org\/en\/wp-json\/wp\/v2\/media\/21072"}],"wp:attachment":[{"href":"https:\/\/www.generationsanstabac.org\/en\/wp-json\/wp\/v2\/media?parent=21222"}],"wp:term":[{"taxonomy":"post_tag","embeddable":true,"href":"https:\/\/www.generationsanstabac.org\/en\/wp-json\/wp\/v2\/tags?post=21222"},{"taxonomy":"thematique","embeddable":true,"href":"https:\/\/www.generationsanstabac.org\/en\/wp-json\/wp\/v2\/thematique?post=21222"}],"curies":[{"name":"wp","href":"https:\/\/api.w.org\/{rel}","templated":true}]}}