{"id":21217,"date":"2023-10-14T08:00:40","date_gmt":"2023-10-14T06:00:40","guid":{"rendered":"https:\/\/www.generationsanstabac.org\/actualites\/a-monaco-les-puffs-bientot-interdites\/"},"modified":"2023-10-14T08:00:40","modified_gmt":"2023-10-14T06:00:40","slug":"a-monaco-les-puffs-bientot-interdites","status":"publish","type":"actualites","link":"https:\/\/www.generationsanstabac.org\/en\/actualites\/a-monaco-les-puffs-bientot-interdites\/","title":{"rendered":"In Monaco, puffs will soon be banned"},"content":{"rendered":"<p style=\"font-weight: 400; text-align: justify;\"><em>A Monaco, un projet de loi en cours de r\u00e9daction devrait bient\u00f4t interdire la vente de puffs dans la principaut\u00e9. Cette mesure, annonc\u00e9e par Christophe Robino, Conseiller du Gouvernement et Ministre des Affaires Sociales et de la Sant\u00e9, vise un double objectif, sanitaire et environnemental<a href=\"applewebdata:\/\/E9AD037F-E054-4EA8-A0E5-56B185C2C2C2#_ftn1\" name=\"_ftnref1\"><strong>[1]<\/strong><\/a>. <\/em><\/p>\n<h2 style=\"font-weight: 400; text-align: justify;\"><strong>Interdire les puffs pour prot\u00e9ger les jeunes de la nicotine et du tabac<\/strong><\/h2>\n<p style=\"font-weight: 400; text-align: justify;\">Le texte, quasiment finalis\u00e9, devrait \u00eatre rapidement soumis au Conseil national de Monaco. L\u2019objectif premier de ce texte de loi est de pr\u00e9venir l\u2019\u00e9pid\u00e9mie nicotinique chez les jeunes g\u00e9n\u00e9rations. Par ailleurs, une des raisons invoqu\u00e9es pour motiver l\u2019interdiction des cigarettes \u00e9lectroniques jetables est le risque d\u2019effet passerelle entre les puffs et les produits du tabac. A l\u2019heure actuelle, aucune donn\u00e9e n\u2019existe sur la consommation de ces produits par les jeunes Mon\u00e9gasques. En France, une \u00e9tude de l\u2019Alliance contre le tabac t\u00e9moignait toutefois de la forte accessibilit\u00e9 des cigarettes \u00e9lectroniques jetables chez les adolescents fran\u00e7ais, puisque 13% des mineurs \u00e2g\u00e9s de 13 \u00e0 16 ans avaient consomm\u00e9 au moins une fois une puff dans leur vie. L\u2019hypoth\u00e8se peut \u00eatre faite que les niveaux \u00e0 Monaco sont comparables \u00e0 ceux de la France.<\/p>\n<h2 style=\"font-weight: 400; text-align: justify;\"><strong>Interdire les puffs pour des raisons environnementales<\/strong><\/h2>\n<p style=\"font-weight: 400; text-align: justify;\">Par ailleurs, les puffs sont \u00e9galement vivement critiqu\u00e9es dans la principaut\u00e9 en raison des risques environnementaux que celles-ci entra\u00eenent. En effet, ces nouveaux dispositifs, d\u2019une dur\u00e9e de vie particuli\u00e8rement courte et destin\u00e9s \u00e0 \u00eatre rapidement jet\u00e9s, sont des objets extr\u00eamement polluants. La pr\u00e9sence d\u2019une batterie non rechargeable, et donc la pr\u00e9sence de m\u00e9taux lourds ou de lithium, fait de la puff un d\u00e9chet particuli\u00e8rement toxique, si celui-ci se retrouve dans la nature. De la m\u00eame mani\u00e8re, la composition plastique des cigarettes \u00e9lectroniques jetables sont un probl\u00e8me environnemental suppl\u00e9mentaire. Or, une r\u00e9cente \u00e9tude men\u00e9e au Royaume-Uni montrait que la moiti\u00e9 des puffs \u00e9taient jet\u00e9es dans les ordures m\u00e9nag\u00e8res ou dans la nature. Enfin, ces dispositifs ont \u00e9t\u00e9 commercialis\u00e9s par les fabricants sans qu\u2019une fili\u00e8re de recyclage ne soit mise en place. Ainsi, \u00e0 ce jour, aucune solution de gestion ou d\u2019\u00e9limination de ces d\u00e9chets n\u2019existe.<\/p>\n<h2 style=\"font-weight: 400; text-align: justify;\"><strong>La notion de \u00ab jetable \u00bb, l\u2019enjeu central de la r\u00e9glementation<\/strong><\/h2>\n<p style=\"text-align: justify;\"><span style=\"font-weight: 400;\">Cette probable interdiction de la puff \u00e0 Monaco fait suite \u00e0 l\u2019annonce de la Premi\u00e8re ministre fran\u00e7aise Elisabeth Borne, souhaitant mettre fin \u00e0 la vente de ces produits en France. Toutefois, ce risque d\u2019interdiction a potentiellement \u00e9t\u00e9 anticip\u00e9 par les fabricants, qui pourraient contourner la r\u00e9glementation \u00e0 travers la commercialisation de produits rechargeables, mais avec un nombre de recharges limit\u00e9. Autrement dit, l\u2019efficacit\u00e9 de cette loi est conditionn\u00e9e \u00e0 sa capacit\u00e9 \u00e0 d\u00e9finir ce qu\u2019est une cigarette \u00e9lectronique \u00ab jetable \u00bb. <\/span><\/p>\n<p style=\"text-align: justify;\"><strong><a href=\"https:\/\/www.generationsanstabac.org\/\">\u00a9G\u00e9n\u00e9ration Sans Tabac<\/a><\/strong><\/p>\n<p style=\"text-align: right;\"><em><strong>FT<\/strong><\/em><\/p>\n<p style=\"text-align: justify;\"><a href=\"applewebdata:\/\/E9AD037F-E054-4EA8-A0E5-56B185C2C2C2#_ftnref1\" name=\"_ftn1\">[1]<\/a> Nice-Matin, <a href=\"https:\/\/www.nicematin.com\/sante\/le-gouvernement-princier-veut-interdire-la-vente-de-la-puff-a-monaco-877425\">Le gouvernement princier veut interdire la vente de la puff \u00e0 Monaco<\/a>, 06\/10\/2023, (consult\u00e9 le 11\/10\/2023)<\/p>\n<p><strong><a href=\"http:\/\/www.cnct.fr\/\" target=\"_blank\" rel=\"noopener noreferrer\">Comit\u00e9 national contre le tabagisme |<\/a><\/strong><\/p>\n","protected":false},"excerpt":{"rendered":"<p>In Monaco, a bill currently being drafted should soon ban the sale of puffs in the principality.<\/p>","protected":false},"featured_media":21218,"template":"","tags":[],"thematique":[502],"class_list":["post-21217","actualites","type-actualites","status-publish","has-post-thumbnail","hentry","thematique-justice"],"acf":[],"_links":{"self":[{"href":"https:\/\/www.generationsanstabac.org\/en\/wp-json\/wp\/v2\/actualites\/21217","targetHints":{"allow":["GET"]}}],"collection":[{"href":"https:\/\/www.generationsanstabac.org\/en\/wp-json\/wp\/v2\/actualites"}],"about":[{"href":"https:\/\/www.generationsanstabac.org\/en\/wp-json\/wp\/v2\/types\/actualites"}],"version-history":[{"count":0,"href":"https:\/\/www.generationsanstabac.org\/en\/wp-json\/wp\/v2\/actualites\/21217\/revisions"}],"wp:featuredmedia":[{"embeddable":true,"href":"https:\/\/www.generationsanstabac.org\/en\/wp-json\/wp\/v2\/media\/21218"}],"wp:attachment":[{"href":"https:\/\/www.generationsanstabac.org\/en\/wp-json\/wp\/v2\/media?parent=21217"}],"wp:term":[{"taxonomy":"post_tag","embeddable":true,"href":"https:\/\/www.generationsanstabac.org\/en\/wp-json\/wp\/v2\/tags?post=21217"},{"taxonomy":"thematique","embeddable":true,"href":"https:\/\/www.generationsanstabac.org\/en\/wp-json\/wp\/v2\/thematique?post=21217"}],"curies":[{"name":"wp","href":"https:\/\/api.w.org\/{rel}","templated":true}]}}