{"id":21216,"date":"2023-10-13T08:00:00","date_gmt":"2023-10-13T06:00:00","guid":{"rendered":"https:\/\/www.generationsanstabac.org\/actualites\/la-jamaique-entend-renforcer-sa-lutte-contre-le-tabagisme\/"},"modified":"2023-10-13T08:00:00","modified_gmt":"2023-10-13T06:00:00","slug":"la-jamaique-entend-renforcer-sa-lutte-contre-le-tabagisme","status":"publish","type":"actualites","link":"https:\/\/www.generationsanstabac.org\/en\/actualites\/la-jamaique-entend-renforcer-sa-lutte-contre-le-tabagisme\/","title":{"rendered":"Jamaica to step up fight against smoking"},"content":{"rendered":"<p style=\"font-weight: 400; text-align: justify;\"><em>Constatant une forte croissance de maladies non transmissibles, le ministre de la Sant\u00e9 de la Jama\u00efque a annonc\u00e9 vouloir donner un nouvel \u00e9lan \u00e0 la lutte antitabac. Il a soulign\u00e9 le caract\u00e8re rentable de la lutte contre le tabagisme et souhaite davantage sensibiliser le public aux dangers du tabac. Il demande \u00e9galement d\u2019\u00e9viter les interactions entre les instances publiques et les industriels du tabac.<\/em><\/p>\n<p style=\"font-weight: 400; text-align: justify;\">C\u2019est en marge de l\u2019assembl\u00e9e g\u00e9n\u00e9rale des Nations Unies que Tobacco Free Portfolios, une organisation visant \u00e0 exclure l\u2019industrie du tabac des placements financiers, a tenu le 19 septembre 2023 un \u00e9v\u00e9nement intitul\u00e9 <em>\u00ab Il n\u2019y a pas de place pour le tabac dans un monde Z\u00e9ro \u00e9mission nette \u00bb<\/em>. Intervenant \u00e0 cette occasion, Christopher Tufton, le ministre de la Sant\u00e9 jama\u00efcain, a dessin\u00e9 les grands traits de la politique antitabac en Jama\u00efque<a href=\"applewebdata:\/\/714F8A16-B67B-4BF1-BD9A-5F3F58C3824C#_ftn1\" name=\"_ftnref1\">[1]<\/a>.<\/p>\n<h2 style=\"font-weight: 400; text-align: justify;\"><strong>Un lourd tribut aux maladies non transmissibles<\/strong><\/h2>\n<p style=\"font-weight: 400; text-align: justify;\">Constatant que plus de 70 % des d\u00e9c\u00e8s survenant en Jama\u00efque sont caus\u00e9s par des maladies non transmissibles, dont une grande part est imputable au tabac, Christopher Tufton a estim\u00e9 que la lutte antitabac devrait \u00eatre renforc\u00e9e.<\/p>\n<p style=\"font-weight: 400; text-align: justify;\"><em>\u00ab Le retour sur investissement des interventions tabac sur une p\u00e9riode de quinze ans montre que chaque dollar investi dans la lutte antitabac en Jama\u00efque se traduit par un retour de 5,37 dollars jama\u00efcains. Nous devons consolider ces gains. \u00bb<\/em><a href=\"applewebdata:\/\/714F8A16-B67B-4BF1-BD9A-5F3F58C3824C#_ftn2\" name=\"_ftnref2\">[2]<\/a>, a d\u00e9clar\u00e9 Chistopher Tufton. Il a \u00e9nonc\u00e9 son intention de d\u00e9ployer le Tobacco Control Act de 2020 et de mettre la Jama\u00efque en conformit\u00e9 avec les exigences de la Convention-cadre de l\u2019OMS pour la lutte antitabac (<a href=\"https:\/\/iris.who.int\/bitstream\/handle\/10665\/42812\/9242591017.pdf?sequence=1\">CCLAT<\/a>). Il a salu\u00e9 la collaboration de son pays avec l\u2019Organisation panam\u00e9ricaine de la sant\u00e9 (PAHO) et avec le secr\u00e9tariat de la CCLAT, remerci\u00e9s pour l\u2019aide apport\u00e9e dans la mise en place des r\u00e9glementations de sant\u00e9 internationale au sein du pays. Il a \u00e9galement soulign\u00e9 le soutien constant de la soci\u00e9t\u00e9 civile dans cette d\u00e9marche globale antitabac.<\/p>\n<h2 style=\"font-weight: 400; text-align: justify;\"><strong>Restreindre au minimum les interactions de la Jama\u00efque avec l\u2019industrie du tabac<\/strong><\/h2>\n<p style=\"font-weight: 400; text-align: justify;\">Parmi les actions envisag\u00e9es, Chistopher Tufton a notamment souhait\u00e9 prot\u00e9ger les pouvoirs publics  jama\u00efcains de toute interaction avec les industriels du tabac. Les \u00e9changes avec ces industriels, r\u00e9pertori\u00e9s et d\u00e9nonc\u00e9s par la Jamaica Coalition for Tobacco Control<a href=\"applewebdata:\/\/714F8A16-B67B-4BF1-BD9A-5F3F58C3824C#_ftn3\" name=\"_ftnref3\">[3]<\/a>, devront ainsi se restreindre aux interactions strictement n\u00e9cessaires pour assurer la r\u00e9glementation des produits du tabac, conform\u00e9ment aux dispositions du trait\u00e9 de la CCLAT.<\/p>\n<p style=\"font-weight: 400; text-align: justify;\">Le ministre de la Sant\u00e9 jama\u00efcain a par ailleurs souhait\u00e9 que soient r\u00e9alis\u00e9es des analyses toxicologiques du contenu et des \u00e9missions des produits du tabac, afin de mieux en informer la population. Des actions d\u2019information et de sensibilisation du grand public sur les produits du tabac et l\u2019exposition \u00e0 la fum\u00e9e de tabac seront aussi d\u00e9ploy\u00e9es. En 2016, la Jama\u00efque comptait 11 % de fumeurs r\u00e9guliers, dont 7 % de fumeurs quotidiens, ainsi que 13 % de fumeurs occasionnels<a href=\"applewebdata:\/\/714F8A16-B67B-4BF1-BD9A-5F3F58C3824C#_ftn4\" name=\"_ftnref4\">[4]<\/a>. Un peu plus des deux tiers des enfants de 13 \u00e0 17 ans sont fr\u00e9quemment expos\u00e9s \u00e0 la fum\u00e9e de tabac.<\/p>\n<h2 style=\"font-weight: 400; text-align: justify;\"><strong>Une attention au co\u00fbt environnemental de l\u2019industrie du tabac<\/strong><\/h2>\n<p style=\"font-weight: 400; text-align: justify;\">Christopher Tufton a enfin soulign\u00e9 le co\u00fbt environnemental majeur de l\u2019industrie du tabac, qu\u2019il s\u2019agisse de d\u00e9forestation, de consommation d\u2019eau, d\u2019\u00e9puisement de terres arables ou d\u2019\u00e9missions de CO<sup>2<\/sup>. Environ 500 fermiers jama\u00efcains produisent encore des feuilles de tabac.<\/p>\n<p style=\"font-weight: 400; text-align: justify;\">Un th\u00e8me \u00e9galement abord\u00e9 par Aur\u00e9lien Rousseau, le ministre de la Sant\u00e9 fran\u00e7ais. Lors du m\u00eame \u00e9v\u00e9nement, celui-ci a point\u00e9 les cons\u00e9quences environnementales des cigarettes \u00e9lectroniques et a rappel\u00e9 que son gouvernement envisage d\u2019interdire les cigarettes \u00e9lectroniques jetables (\u00ab puffs \u00bb). Parmi les autres intervenants fran\u00e7ais \u00e0 l\u2019\u00e9v\u00e9nement de Tobacco Free Portfolios, on pouvait aussi trouver des repr\u00e9sentants de BNP-Paribas, de la Soci\u00e9t\u00e9 G\u00e9n\u00e9rale et du Cr\u00e9dit Mutuel. Signataires du mouvement de d\u00e9sinvestissement financier de l\u2019industrie du tabac initi\u00e9 par Tobacco Free Portfolios, ces trois banques ont r\u00e9affirm\u00e9 leur rejet de l\u2019industrie du tabac et leur engagement en faveur de la sant\u00e9 humaine et de l\u2019environnement.<\/p>\n<p style=\"font-weight: 400; text-align: justify;\"><strong>Mots-cl\u00e9s : Jama\u00efque, Christopher Tufton, CCLAT, PAHO, Tobacco Free Portfolios.<\/strong><\/p>\n<p><strong><a href=\"https:\/\/www.generationsanstabac.org\/\">\u00a9G\u00e9n\u00e9ration Sans Tabac<\/a><\/strong><\/p>\n<p style=\"text-align: right;\"><em><strong>MF<\/strong><\/em><\/p>\n<p style=\"text-align: justify;\"><a href=\"applewebdata:\/\/714F8A16-B67B-4BF1-BD9A-5F3F58C3824C#_ftnref1\" name=\"_ftn1\">[1]<\/a> <a href=\"https:\/\/www.thestkittsnevisobserver.com\/jamaicas-minister-of-health-and-wellness-renews-commitment-to-tobacco-control\/\"><em>Jamaica\u2019s Minister Of Health And Wellness Renews Commitment To Tobacco Control<\/em><\/a>, The St Kitts &amp; Nevis Observer, publi\u00e9 le 6 octobre 2023, consult\u00e9 le 11 octobre 2023.<\/p>\n<p style=\"text-align: justify;\"><a href=\"applewebdata:\/\/714F8A16-B67B-4BF1-BD9A-5F3F58C3824C#_ftnref2\" name=\"_ftn2\">[2]<\/a> <a href=\"https:\/\/www.businesswire.com\/news\/home\/20230919872484\/en\/Tobacco-Free-Portfolios-Celebrates-5-Year-Anniversary-of-the-Tobacco-Free-Finance-Pledge-at-United-Nations-Headquarters\"><em>Tobacco Free Portfolios Celebrates 5-Year Anniversary of the Tobacco-Free Finance Pledge at United Nations Headquarters<\/em><\/a>, Business Wire, publi\u00e9 le 19 septembre 2023, consult\u00e9 le 11 octobre 2023.<\/p>\n<p style=\"text-align: justify;\"><a href=\"applewebdata:\/\/714F8A16-B67B-4BF1-BD9A-5F3F58C3824C#_ftnref3\" name=\"_ftn3\">[3]<\/a> <a href=\"https:\/\/www.paho.org\/sites\/default\/files\/presentation-tabacco-industry-interference-bmcgaw.pdf\"><em>Tobacco Industry Interference in the Caribbean, Subregional Workshop on the Use of Law to address Noncommunicable Diseases in the Caribbean<\/em><\/a>, JCTC\/HCC\/HFJ, mars 2020.<\/p>\n<p style=\"text-align: justify;\"><a href=\"applewebdata:\/\/714F8A16-B67B-4BF1-BD9A-5F3F58C3824C#_ftnref4\" name=\"_ftn4\">[4]<\/a> <a href=\"https:\/\/untobaccocontrol.org\/impldb\/wp-content\/uploads\/Jamaica_2020_WHOFCTCreport.pdf\"><em>Jamaica<\/em><\/a>, 2020 &#8211; Core questionnaire of the reporting instrument of WHO FCTC.<\/p>\n<p><strong><a href=\"http:\/\/www.cnct.fr\/\" target=\"_blank\" rel=\"noopener noreferrer\">Comit\u00e9 national contre le tabagisme |<\/a><\/strong><\/p>\n","protected":false},"excerpt":{"rendered":"<p>Noting a sharp increase in non-communicable diseases, Jamaica&#039;s Minister of Health has announced plans to give new impetus to tobacco control.<\/p>","protected":false},"featured_media":11757,"template":"","tags":[],"thematique":[474],"class_list":["post-21216","actualites","type-actualites","status-publish","has-post-thumbnail","hentry","thematique-sante"],"acf":[],"_links":{"self":[{"href":"https:\/\/www.generationsanstabac.org\/en\/wp-json\/wp\/v2\/actualites\/21216","targetHints":{"allow":["GET"]}}],"collection":[{"href":"https:\/\/www.generationsanstabac.org\/en\/wp-json\/wp\/v2\/actualites"}],"about":[{"href":"https:\/\/www.generationsanstabac.org\/en\/wp-json\/wp\/v2\/types\/actualites"}],"version-history":[{"count":0,"href":"https:\/\/www.generationsanstabac.org\/en\/wp-json\/wp\/v2\/actualites\/21216\/revisions"}],"wp:featuredmedia":[{"embeddable":true,"href":"https:\/\/www.generationsanstabac.org\/en\/wp-json\/wp\/v2\/media\/11757"}],"wp:attachment":[{"href":"https:\/\/www.generationsanstabac.org\/en\/wp-json\/wp\/v2\/media?parent=21216"}],"wp:term":[{"taxonomy":"post_tag","embeddable":true,"href":"https:\/\/www.generationsanstabac.org\/en\/wp-json\/wp\/v2\/tags?post=21216"},{"taxonomy":"thematique","embeddable":true,"href":"https:\/\/www.generationsanstabac.org\/en\/wp-json\/wp\/v2\/thematique?post=21216"}],"curies":[{"name":"wp","href":"https:\/\/api.w.org\/{rel}","templated":true}]}}