{"id":21207,"date":"2023-10-04T08:00:31","date_gmt":"2023-10-04T06:00:31","guid":{"rendered":"https:\/\/www.generationsanstabac.org\/actualites\/loms-publie-une-boite-a-outils-pour-la-creation-decoles-sans-tabac-et-sans-nicotine\/"},"modified":"2025-01-16T15:47:07","modified_gmt":"2025-01-16T14:47:07","slug":"loms-publie-une-boite-a-outils-pour-la-creation-decoles-sans-tabac-et-sans-nicotine","status":"publish","type":"actualites","link":"https:\/\/www.generationsanstabac.org\/en\/actualites\/loms-publie-une-boite-a-outils-pour-la-creation-decoles-sans-tabac-et-sans-nicotine\/","title":{"rendered":"WHO releases toolkit for creating tobacco- and nicotine-free schools"},"content":{"rendered":"<p style=\"text-align: justify\"><em>L&rsquo;Organisation mondiale de la sant\u00e9 (OMS) a publi\u00e9 une nouvelle bo\u00eete \u00e0 outils<a href=\"#_ftn1\" name=\"_ftnref1\"><strong>[1]<\/strong><\/a> destin\u00e9e \u00e0 fournir des conseils pratiques \u00e0 la direction et au personnel des \u00e9coles sur la mani\u00e8re d&rsquo;\u00e9laborer, de communiquer, d&rsquo;\u00e9duquer et d&rsquo;appliquer des politiques efficaces de lutte contre tabagisme et autres produits de la nicotine aux abords des \u00e9coles.<\/em><\/p>\n<p style=\"text-align: justify\">L\u2019OMS rappelle qu\u2019environ 88 % des fumeurs adultes fument leur premi\u00e8re cigarette avant l&rsquo;\u00e2ge de 18 ans. Alors que le tabagisme continue de diminuer chez les adolescents europ\u00e9ens, l&rsquo;utilisation de nouveaux produits du tabac et de la nicotine, comme les produits du vapotage, est en augmentation dans ces classes d\u2019\u00e2ge.<\/p>\n<p style=\"text-align: justify\">Les outils et les conseils ont \u00e9t\u00e9 \u00e9labor\u00e9s et test\u00e9s en collaboration avec des pays qui ont mis en \u0153uvre avec succ\u00e8s des politiques d\u2019\u00e9coles ou de campus sans tabac ni nicotine, comme l&rsquo;Inde, l&rsquo;Indon\u00e9sie, l&rsquo;Irlande, le Maroc, le Qatar, la Syrie, le Kirghizstan, l&rsquo;Arabie saoudite et l&rsquo;Ukraine.<\/p>\n<h2 style=\"text-align: justify\"><strong>Un ensemble de mesures pour d\u00e9normaliser le tabagisme et la nicotine aupr\u00e8s des enfants<\/strong><\/h2>\n<p style=\"text-align: justify\">Le guide est un manuel proposant, \u00e9tape par \u00e9tape, la cr\u00e9ation d&rsquo;\u00e9coles sans nicotine ni tabac avec des conseils sur l&rsquo;\u00e9laboration, la mise en \u0153uvre et l&rsquo;application des mesures, les campagnes d&rsquo;\u00e9ducation et de sensibilisation associ\u00e9es ainsi que des programmes de sevrage tabagique et nicotinique.<\/p>\n<p style=\"text-align: justify\">Le guide met en \u00e9vidence quatre axes pour favoriser un environnement sans tabac et sans nicotine et d\u00e9normaliser cette consommation aupr\u00e8s des plus jeunes. Si l&rsquo;interdiction de l&rsquo;usage du tabac et des produits de la nicotine est un \u00e9l\u00e9ment essentiel de la politique de l&rsquo;\u00e9cole, l\u2019OMS insiste sur l&rsquo;importance de l&rsquo;interdiction de la vente de ces produits \u00e0 proximit\u00e9 des \u00e9coles, de l&rsquo;interdiction de la publicit\u00e9 et de la promotion directes et indirectes \u00e0 proximit\u00e9 des \u00e9coles, et du refus de toute forme de parrainage ou d&rsquo;engagement avec l&rsquo;industrie du tabac et les industries apparent\u00e9es.<\/p>\n<p style=\"text-align: justify\">Dans de nombreux pays en d\u00e9veloppement, les fabricants de tabac et leurs alli\u00e9s utilisent la responsabilit\u00e9 sociale des entreprises pour faire la promotion de leurs produits aupr\u00e8s des jeunes, en offrant des subventions et des bourses, en faisant des dons d&rsquo;ordinateurs et m\u00eame en construisant des \u00e9coles. Cette strat\u00e9gie d\u2019image vise \u00e0 les pr\u00e9senter comme des acteurs responsables et engag\u00e9s pour le bien commun. L\u2019OMS rappelle qu\u2019il est important d&rsquo;\u00e9duquer les jeunes sur les nombreux dangers du tabagisme et de leur donner les outils n\u00e9cessaires pour s\u2019opposer aux tactiques de l&rsquo;industrie visant \u00e0 parvenir \u00e0 une g\u00e9n\u00e9ration sans tabac.<\/p>\n<p style=\"text-align: justify\">L\u2019OMS pr\u00e9cise \u00e9galement que pour \u00eatre mise en \u0153uvre avec succ\u00e8s, la politique doit \u00eatre globale et durable et se d\u00e9ployer au de-l\u00e0 de l\u2019enceinte de l\u2019\u00e9cole. Une bonne compr\u00e9hension des mesures de lutte contre le tabagisme, une sensibilisation aux tactiques de l&rsquo;industrie du tabac, une connaissance des risques du tabagisme et du vapotage et un soutien \u00e0 l\u2019arr\u00eat sont n\u00e9cessaires.<\/p>\n<h2 style=\"text-align: justify\"><strong>Prot\u00e9ger du tabagisme passif dans les \u00e9coles<\/strong><\/h2>\n<p style=\"text-align: justify\">L&rsquo;article 8 de la Convention-cadre de l\u2019OMS reconna\u00eet qu&rsquo;il n&rsquo;existe pas de niveau d&rsquo;exposition en de\u00e7\u00e0 duquel la fum\u00e9e secondaire serait sans risques. Cet article incite chaque pays \u00e0 \u00ab adopter et mettre en \u0153uvre [&#8230;] des mesures pr\u00e9voyant une protection contre l&rsquo;exposition \u00e0 la fum\u00e9e du tabac dans les lieux de travail int\u00e9rieurs, les transports publics, les lieux publics int\u00e9rieurs et, le cas \u00e9ch\u00e9ant, d&rsquo;autres lieux publics \u00bb. L\u2019OMS rappelle que pr\u00e8s de la moiti\u00e9 des enfants dans le monde respireraient un air pollu\u00e9 par la fum\u00e9e de tabac, et environ 51 000 enfants meurent chaque ann\u00e9e de maladies li\u00e9es au tabagisme passif.<\/p>\n<p style=\"text-align: justify\">\u00ab <em>Qu&rsquo;ils soient assis en classe, qu&rsquo;ils jouent dehors ou qu&rsquo;ils attendent \u00e0 l&rsquo;arr\u00eat du bus scolaire, nous devons prot\u00e9ger les jeunes de la fum\u00e9e secondaire du tabagisme et des \u00e9missions toxiques des produits du vapotage, ainsi que des publicit\u00e9s qui font la promotion de ces produits <\/em>\u00bb, a d\u00e9clar\u00e9 le Dr Ruediger Krech, directeur de la promotion de la sant\u00e9 \u00e0 l&rsquo;Organisation mondiale de la sant\u00e9.<\/p>\n<p style=\"text-align: justify\"><strong>Mots-cl\u00e9s : OMS, Article 8, tabagisme passif, d\u00e9normalisation, tabagisme, vapotage, jeunes, \u00e9coles<\/strong><\/p>\n<p><strong><a href=\"https:\/\/www.generationsanstabac.org\/\">\u00a9G\u00e9n\u00e9ration Sans Tabac<\/a><\/strong><\/p>\n<p style=\"text-align: right\"><em><strong>AE<\/strong><\/em><\/p>\n<p style=\"text-align: justify\"><a href=\"#_ftnref1\" name=\"_ftn1\">[1]<\/a> . Nicotine- and tobacco-free schools: policy development and implementation toolkit. Copenhagen: WHO Regional Office for Europe; 2023. Licence: CC BY-NC-SA 3.0 IGO.<\/p>\n<p><strong><a href=\"http:\/\/www.cnct.fr\/\" target=\"_blank\" rel=\"noopener noreferrer\">Comit\u00e9 national contre le tabagisme |<\/a><\/strong><\/p>\n","protected":false},"excerpt":{"rendered":"<p>The World Health Organization (WHO) has published a toolkit for effective policies to combat tobacco and other nicotine products around schools.<\/p>","protected":false},"featured_media":11747,"template":"","tags":[],"thematique":[491,474,565],"class_list":["post-21207","actualites","type-actualites","status-publish","has-post-thumbnail","hentry","thematique-politiques-publiques","thematique-sante","thematique-sensibilisation"],"acf":[],"_links":{"self":[{"href":"https:\/\/www.generationsanstabac.org\/en\/wp-json\/wp\/v2\/actualites\/21207","targetHints":{"allow":["GET"]}}],"collection":[{"href":"https:\/\/www.generationsanstabac.org\/en\/wp-json\/wp\/v2\/actualites"}],"about":[{"href":"https:\/\/www.generationsanstabac.org\/en\/wp-json\/wp\/v2\/types\/actualites"}],"version-history":[{"count":0,"href":"https:\/\/www.generationsanstabac.org\/en\/wp-json\/wp\/v2\/actualites\/21207\/revisions"}],"wp:featuredmedia":[{"embeddable":true,"href":"https:\/\/www.generationsanstabac.org\/en\/wp-json\/wp\/v2\/media\/11747"}],"wp:attachment":[{"href":"https:\/\/www.generationsanstabac.org\/en\/wp-json\/wp\/v2\/media?parent=21207"}],"wp:term":[{"taxonomy":"post_tag","embeddable":true,"href":"https:\/\/www.generationsanstabac.org\/en\/wp-json\/wp\/v2\/tags?post=21207"},{"taxonomy":"thematique","embeddable":true,"href":"https:\/\/www.generationsanstabac.org\/en\/wp-json\/wp\/v2\/thematique?post=21207"}],"curies":[{"name":"wp","href":"https:\/\/api.w.org\/{rel}","templated":true}]}}