{"id":21189,"date":"2023-09-20T08:00:54","date_gmt":"2023-09-20T06:00:54","guid":{"rendered":"https:\/\/www.generationsanstabac.org\/actualites\/espagne-un-elu-mis-en-cause-pour-avoir-organise-une-distribution-de-cendriers-de-poche\/"},"modified":"2023-09-20T08:00:54","modified_gmt":"2023-09-20T06:00:54","slug":"espagne-un-elu-mis-en-cause-pour-avoir-organise-une-distribution-de-cendriers-de-poche","status":"publish","type":"actualites","link":"https:\/\/www.generationsanstabac.org\/en\/actualites\/espagne-un-elu-mis-en-cause-pour-avoir-organise-une-distribution-de-cendriers-de-poche\/","title":{"rendered":"Spain: Elected official accused of organizing distribution of pocket ashtrays"},"content":{"rendered":"<p style=\"font-weight: 400; text-align: justify;\"><em>L\u2019\u00e9lu en charge de la sant\u00e9 publique et de la s\u00e9curit\u00e9 de la ville de Valladolid (Espagne) est contest\u00e9 pour avoir mont\u00e9 un partenariat de distribution de cendriers de poche avec une organisation \u00e9manant de l\u2019industrie du tabac. Les acteurs de sant\u00e9 y voient une op\u00e9ration de communication visant \u00e0 blanchir les industriels et \u00e0 renormaliser le tabac.  <\/em><\/p>\n<p style=\"font-weight: 400; text-align: justify;\">C\u2019est \u00e0 l\u2019occasion de la f\u00eate patronale de la ville de Valladolid qu\u2019Alberto Cuadrado Toquero (Vox), responsable municipal de la sant\u00e9 publique et de la s\u00e9curit\u00e9, s\u2019est vu reproch\u00e9 son partenariat avec Mesa del Tobaco (\u00ab le Forum du Tabac \u00bb), une organisation qui rassemble les revendeurs, les agriculteurs et les importateurs, distributeurs et fabricants de tabac<a href=\"applewebdata:\/\/87DF79FD-3B4F-4C7B-8E1B-9147A455ADC6#_ftn1\" name=\"_ftnref1\">[1]<\/a>. L\u2019op\u00e9ration, lanc\u00e9e le 7 septembre 2023, visait \u00e0 distribuer 7500 cendriers de poche, en particulier durant la p\u00e9riode de f\u00eate patronale, avec l\u2019objectif affich\u00e9 de responsabiliser les fumeurs et de limiter les jets de m\u00e9gots au sol.<\/p>\n<h2 style=\"font-weight: 400; text-align: justify;\"><strong>Les acteurs de sant\u00e9 publique d\u00e9noncent une op\u00e9ration \u00e0 contre-sens<\/strong><\/h2>\n<p style=\"font-weight: 400; text-align: justify;\">Le lancement de cette op\u00e9ration a provoqu\u00e9 une r\u00e9action g\u00e9n\u00e9ralis\u00e9e d\u2019incompr\u00e9hension de la part des associations de sant\u00e9 et des \u00e9lus de l\u2019opposition municipale, qui ont unanimement d\u00e9nonc\u00e9 ce partenariat comme une action publicitaire ayant pour objectif de renormaliser le tabac.<\/p>\n<p style=\"font-weight: 400; text-align: justify;\">Le pr\u00e9sident du Comit\u00e9 national pour la pr\u00e9vention du tabagisme (CNPT) a notamment d\u00e9clar\u00e9 qu\u2019 <em>\u00ab aucune autorit\u00e9 municipale, r\u00e9gionale ou nationale ne peut collaborer avec le Bureau du Tabac pour faire ce type de publicit\u00e9. Il s\u2019agit d\u2019un blanchiment d\u2019image, qui utilise le sol, les rivi\u00e8res et la mer comme pr\u00e9textes.  Mais en r\u00e9alit\u00e9, ce que disent [les fabricants], c\u2019est \u00ab allez-y, continuez \u00e0 fumer ! \u00bb Ce responsable consid\u00e8re \u00e9galement que \u00ab Le budget investi dans cet accord devrait \u00eatre consacr\u00e9 \u00e0 la pr\u00e9vention et \u00e0 la lutte contre le tabagisme. \u00bb<a href=\"applewebdata:\/\/87DF79FD-3B4F-4C7B-8E1B-9147A455ADC6#_ftn2\" name=\"_ftnref2\"><strong>[2]<\/strong><\/a>, la r\u00e9duction de la consommation de tabac \u00e9tant \u00e0 l\u2019origine d\u2019une r\u00e9duction des d\u00e9chets et \u00e9galement des risques associ\u00e9s \u00e0 ceux-ci comme les incendies. <\/em><\/p>\n<p style=\"font-weight: 400; text-align: justify;\">L\u2019Association espagnole de lutte contre le cancer (AECC) estime pour sa part que <em>\u00ab Cette initiative ne combat pas le tabagisme, mais elle le normalise et perp\u00e9tue la consommation de substances qui causent le cancer, ainsi que bien d\u2019autres maladies. C\u2019est un pas en arri\u00e8re dans la lutte contre le tabagisme. \u00bb<a href=\"applewebdata:\/\/87DF79FD-3B4F-4C7B-8E1B-9147A455ADC6#_ftn3\" name=\"_ftnref3\"><strong>[3]<\/strong><\/a><\/em><\/p>\n<h2 style=\"font-weight: 400; text-align: justify;\"><strong>Une tentative de renormalisation du tabac en Espagne<\/strong><\/h2>\n<p style=\"font-weight: 400; text-align: justify;\">Avec cette op\u00e9ration, soutenue par le maire de la ville (Parti Populaire), Alberto Cuadrado Toquero a en effet contrevenu \u00e0 l\u2019article 5.3 de la Convention-cadre de l\u2019OMS pour la lutte antitabac (CCLAT), qui proscrit toute collaboration d\u2019un repr\u00e9sentant public avec les industriels du tabac. Les distributions de cendriers sont ainsi consid\u00e9r\u00e9es par les acteurs de sant\u00e9 publique comme des op\u00e9rations de communication visant \u00e0 renormaliser le tabac, dont la consommation est en d\u00e9clin depuis plusieurs d\u00e9cennies.<\/p>\n<p style=\"font-weight: 400; text-align: justify;\">En France, les associations de sant\u00e9 publique ont pareillement d\u00e9nonc\u00e9 des op\u00e9rations similaires de distribution de cendriers de poche, qu\u2019elles soient organis\u00e9es par la Conf\u00e9d\u00e9ration des buralistes ou par <a href=\"https:\/\/www.generationsanstabac.org\/actualites\/alcome-pourquoi-leco-organisme-de-lutte-contre-les-megots-pose-probleme\/\">Alcome<\/a>, \u00e9co-organisme enti\u00e8rement financ\u00e9 par l\u2019industrie du tabac. Estimant que les cendriers de poche sont des fausses solutions au probl\u00e8me des m\u00e9gots jet\u00e9s au sol, ces associations restent vigilantes sur ce type d\u2019op\u00e9ration et pr\u00e9conisent plut\u00f4t la suppression des <a href=\"https:\/\/www.generationsanstabac.org\/article\/interdire-le-filtre-est-le-seul-moyen-pour-reduire-la-pollution-liee-aux-megots\/\">filtres<\/a> de cigarettes.<\/p>\n<p style=\"font-weight: 400; text-align: justify;\"><em>Pour en savoir davantage sur les cendriers de poche, lire notre <\/em><a href=\"https:\/\/www.generationsanstabac.org\/article\/cendriers-de-poche-fausse-solution-environnementale-vrai-outil-marketing\/\"><em>d\u00e9cryptage<\/em><\/a><em>.<\/em><\/p>\n<p style=\"font-weight: 400; text-align: justify;\"><strong>Mots-cl\u00e9s : Espagne, Valladolid, cendriers de poche, article 5.3.<\/strong><\/p>\n<p><strong><a href=\"https:\/\/www.generationsanstabac.org\/\">\u00a9G\u00e9n\u00e9ration Sans Tabac<\/a><\/strong><\/p>\n<p style=\"text-align: right;\"><b><i>MF<\/i><\/b><\/p>\n<p style=\"text-align: justify;\"><a href=\"applewebdata:\/\/87DF79FD-3B4F-4C7B-8E1B-9147A455ADC6#_ftnref1\" name=\"_ftn1\">[1]<\/a> Keeley G, <a href=\"https:\/\/inews.co.uk\/news\/world\/spanish-health-officials-handing-out-ashtrays-tobacco-lobbyists-2603345\"><em>Spanish health officials prompt outrage after handing out ashtrays from tobacco lobbyists<\/em><\/a>, i News, publi\u00e9 le 8 septembre 2023, consult\u00e9 le 13 septembre 2023.<\/p>\n<p style=\"text-align: justify;\"><a href=\"applewebdata:\/\/87DF79FD-3B4F-4C7B-8E1B-9147A455ADC6#_ftnref2\" name=\"_ftn2\">[2]<\/a> <a href=\"https:\/\/www.archynewsy.com\/the-smoking-prevention-committee-criticizes-the-councilor-for-public-health-of-valladolid-for-distributing-ashtrays-and-promoting-tobacco-consumption\/\"><em>The Smoking Prevention Committee criticizes the Councilor for Public Health of Valladolid for distributing ashtrays and promoting tobacco consumption<\/em><\/a>, Archynewsy, publi\u00e9 le 8 septembre 2023, consult\u00e9 le 13 septembre 2023.<\/p>\n<p style=\"text-align: justify;\"><a href=\"applewebdata:\/\/87DF79FD-3B4F-4C7B-8E1B-9147A455ADC6#_ftnref3\" name=\"_ftn3\">[3]<\/a> <em>The Association Against Cancer denounces the City Council\u2019s distribution of ashtrays at the Valladolid festivals<\/em>, Nation World News, publi\u00e9 le 8 septembre 2023, consult\u00e9 le 13 septembre 2023.<\/p>\n<div class=\"entry-content\">\n<p><strong><a href=\"http:\/\/www.cnct.fr\/\" target=\"_blank\" rel=\"noopener noreferrer\">Comit\u00e9 national contre le tabagisme |<\/a><\/strong><\/p>\n<\/div>\n","protected":false},"excerpt":{"rendered":"<p>The elected official in charge of public health in Valladolid (Spain) has set up a partnership with the tobacco industry to distribute pocket ashtrays.<\/p>","protected":false},"featured_media":21190,"template":"","tags":[],"thematique":[499],"class_list":["post-21189","actualites","type-actualites","status-publish","has-post-thumbnail","hentry","thematique-lobby"],"acf":[],"_links":{"self":[{"href":"https:\/\/www.generationsanstabac.org\/en\/wp-json\/wp\/v2\/actualites\/21189","targetHints":{"allow":["GET"]}}],"collection":[{"href":"https:\/\/www.generationsanstabac.org\/en\/wp-json\/wp\/v2\/actualites"}],"about":[{"href":"https:\/\/www.generationsanstabac.org\/en\/wp-json\/wp\/v2\/types\/actualites"}],"version-history":[{"count":0,"href":"https:\/\/www.generationsanstabac.org\/en\/wp-json\/wp\/v2\/actualites\/21189\/revisions"}],"wp:featuredmedia":[{"embeddable":true,"href":"https:\/\/www.generationsanstabac.org\/en\/wp-json\/wp\/v2\/media\/21190"}],"wp:attachment":[{"href":"https:\/\/www.generationsanstabac.org\/en\/wp-json\/wp\/v2\/media?parent=21189"}],"wp:term":[{"taxonomy":"post_tag","embeddable":true,"href":"https:\/\/www.generationsanstabac.org\/en\/wp-json\/wp\/v2\/tags?post=21189"},{"taxonomy":"thematique","embeddable":true,"href":"https:\/\/www.generationsanstabac.org\/en\/wp-json\/wp\/v2\/thematique?post=21189"}],"curies":[{"name":"wp","href":"https:\/\/api.w.org\/{rel}","templated":true}]}}