{"id":21188,"date":"2023-09-19T08:00:48","date_gmt":"2023-09-19T06:00:48","guid":{"rendered":"https:\/\/www.generationsanstabac.org\/actualites\/le-togo-affiche-la-lutte-contre-le-tabagisme-comme-une-de-ses-priorites\/"},"modified":"2023-09-19T08:00:48","modified_gmt":"2023-09-19T06:00:48","slug":"le-togo-affiche-la-lutte-contre-le-tabagisme-comme-une-de-ses-priorites","status":"publish","type":"actualites","link":"https:\/\/www.generationsanstabac.org\/en\/actualites\/le-togo-affiche-la-lutte-contre-le-tabagisme-comme-une-de-ses-priorites\/","title":{"rendered":"Togo displays the fight against smoking as one of its priorities"},"content":{"rendered":"<p style=\"font-weight: 400; text-align: justify;\"><em>Apr\u00e8s avoir augment\u00e9 les droits d\u2019accise sur les produits du tabac et s\u2019\u00eatre dot\u00e9 d\u2019un organisme national, d\u00e9di\u00e9 \u00e0 la lutte contre le tabagisme le Togo tente \u00e0 pr\u00e9sent de faire respecter l\u2019interdiction de fumer et de vendre du tabac dans les lieux publics et les transports.  <\/em><\/p>\n<p style=\"font-weight: 400; text-align: justify;\">La lutte contre le tabagisme semble prendre une nouvelle ampleur au Togo. Plusieurs d\u00e9cisions gouvernementales adopt\u00e9es en 2023 en t\u00e9moignent.<\/p>\n<p style=\"font-weight: 400; text-align: justify;\">Se basant sur le principe \u00e9prouv\u00e9 du \u00ab Plus c\u2019est cher, moins on fume \u00bb, le Togo a doubl\u00e9 en f\u00e9vrier 2023 le taux de ses droits d\u2019accises pour les produits du tabac, passant de 50 % \u00e0 100 %<a href=\"applewebdata:\/\/F269447F-07FB-47D1-AEBC-2F4513836023#_ftn1\" name=\"_ftnref1\">[1]<\/a>. Cette augmentation significative des droits d\u2019accise, et donc du prix des produits du tabac, est un signal fort en mati\u00e8re de sant\u00e9 publique. Il s\u2019agit en effet du moyen le plus efficace pour r\u00e9duire la pr\u00e9valence tabagique, en particulier dans les pays \u00e0 revenu faible ou interm\u00e9diaire en incitant \u00e0 la fois \u00e0 l\u2019arr\u00eat et en pr\u00e9venant l\u2019initiation des jeunes<a href=\"applewebdata:\/\/F269447F-07FB-47D1-AEBC-2F4513836023#_ftn2\" name=\"_ftnref2\">[2]<\/a>.<\/p>\n<h2 style=\"font-weight: 400; text-align: justify;\"><strong>Respect des interdictions de fumer et incitation \u00e0 stopper la culture du tabac<\/strong><\/h2>\n<p style=\"font-weight: 400; text-align: justify;\">Pr\u00e9vu par un d\u00e9cret de juillet 2012, le Comit\u00e9 national de lutte contre le tabac (CNLT), l\u2019organisme gouvernemental en charge d\u2019orchestrer la lutte antitabac, a pris forme en avril 2023. Il est pr\u00e9sid\u00e9 par le Dr Kokou Wotobe, \u00e9galement Secr\u00e9taire g\u00e9n\u00e9ral du minist\u00e8re de la Sant\u00e9. Les membres de ce comit\u00e9 ont \u00e9t\u00e9 nomm\u00e9s pour un mandat de trois ans<a href=\"applewebdata:\/\/F269447F-07FB-47D1-AEBC-2F4513836023#_ftn3\" name=\"_ftnref3\">[3]<\/a>.<\/p>\n<p style=\"font-weight: 400; text-align: justify;\">Dans le sillage de la Journ\u00e9e mondiale sans tabac, plac\u00e9e cette ann\u00e9e sous le th\u00e8me \u00ab Cultivons les aliments, pas du Tabac \u00bb et bien que la production de tabac soit   marginale au Togo, l\u2019Etat togolais a lanc\u00e9 le 7 juin 2023 un appel aux populations pour abandonner la culture du tabac et lui substituer des cultures vivri\u00e8res<a href=\"applewebdata:\/\/F269447F-07FB-47D1-AEBC-2F4513836023#_ftn4\" name=\"_ftnref4\">[4]<\/a>.<\/p>\n<p style=\"font-weight: 400; text-align: justify;\">Les autorit\u00e9s togolaises mettent aujourd\u2019hui l\u2019accent sur le respect de l\u2019interdiction de fumer et de vendre des produits du tabac dans les lieux publics, les lieux de travail et les transports en commun<a href=\"applewebdata:\/\/F269447F-07FB-47D1-AEBC-2F4513836023#_ftn5\" name=\"_ftnref5\">[5]<\/a> ;  Cette mesure a \u00e9t\u00e9 adopt\u00e9e elle aussi en juillet 2012. L\u2019objectif aujourd\u2019hui est notamment de mettre en \u0153uvre les sanctions pr\u00e9vues par le code p\u00e9nal de 2015, soit des peines d\u2019un \u00e0 six mois d\u2019emprisonnement et\/ou des amendes d\u2019un million \u00e0 cinq millions de francs CFA (soit 1500 \u00e0 7500 euros) pour les infractions aux interdictions de fumer ou de vente de tabac aux mineurs. Un focus est notamment port\u00e9 sur la chicha, en pleine expansion.<\/p>\n<h2 style=\"font-weight: 400; text-align: justify;\"><strong>Reprise de la lutte antitabac au Togo, apr\u00e8s une p\u00e9riode de flottement<\/strong><\/h2>\n<p style=\"font-weight: 400; text-align: justify;\">Le Togo avait \u00e9t\u00e9 rappel\u00e9 \u00e0 l\u2019ordre en 2015 par l\u2019Organisation Mondiale de la Sant\u00e9 (OMS) pour son inaction en mati\u00e8re de lutte contre le tabagisme. Un message qui a d\u00fb porter, puisque quelques ann\u00e9es plus tard, en 2020, le directeur g\u00e9n\u00e9ral de l\u2019OMS remettait au Pr Vinyo Kumako, alors chef du Programme anti-tabac au minist\u00e8re de la Sant\u00e9 togolais, un <a href=\"https:\/\/www.generationsanstabac.org\/actualites\/le-togo-recompense-pour-sa-lutte-contre-le-tabagisme\/\">prix honorifique<\/a> pour son engagement dans la lutte antitabac.<\/p>\n<p style=\"font-weight: 400; text-align: justify;\">L\u00e9once Dieudonn\u00e9 Sessou, Secr\u00e9taire Ex\u00e9cutif de l\u2019Alliance pour le Contr\u00f4le du Tabac en Afrique (ACTA), avait \u00e0 cette occasion appel\u00e9 les dirigeants africains \u00e0 <a href=\"https:\/\/www.generationsanstabac.org\/actualites\/afrique-une-coalition-de-lutte-contre-le-tabac-exhorte-les-gouvernements-a-renforcer-leurs-politiques-dans-ce-domaine\/\">intensifier leurs efforts<\/a> dans la lutte contre le tabagisme. Cette demande semble avoir au moins \u00e9t\u00e9 entendue au Togo.<\/p>\n<p style=\"font-weight: 400; text-align: justify;\"><strong>Mots-cl\u00e9s : Togo, lutte antitabac, interdiction de fumer, vente aux mineurs, OMS.<\/strong><\/p>\n<p><strong><a href=\"https:\/\/www.generationsanstabac.org\/\">\u00a9G\u00e9n\u00e9ration Sans Tabac<\/a><\/strong><\/p>\n<p style=\"text-align: right;\"><em><strong>MF<\/strong><\/em><\/p>\n<p style=\"text-align: justify;\"><a href=\"applewebdata:\/\/F269447F-07FB-47D1-AEBC-2F4513836023#_ftnref1\" name=\"_ftn1\">[1]<\/a> <a href=\"https:\/\/www.tabacologue.fr\/spip.php?article1744\"><em>Togo \u2013 les droits d\u2019accises sur le tabac passent de 50 \u00e0 100 %<\/em><\/a>, Tabacologue.fr, publi\u00e9 le 14 f\u00e9vrier 2023, consult\u00e9 le 12 septembre 2023.<\/p>\n<p style=\"text-align: justify;\"><a href=\"applewebdata:\/\/F269447F-07FB-47D1-AEBC-2F4513836023#_ftnref2\" name=\"_ftn2\">[2]<\/a> Nargis N, Stoklosa M, Shang C, Drope J, <a href=\"https:\/\/academic.oup.com\/ntr\/article\/23\/1\/40\/5875082?login=false\"><em>Price, Income, and Affordability as the Determinants of Tobacco Consumption: A Practitioner\u2019s Guide to Tobacco Taxation<\/em><\/a>, Nicotine &amp; Tobacco Research, 2021, 23 (1), 40\u201347.<\/p>\n<p style=\"text-align: justify;\"><a href=\"applewebdata:\/\/F269447F-07FB-47D1-AEBC-2F4513836023#_ftnref3\" name=\"_ftn3\">[3]<\/a> <a href=\"https:\/\/aralile.tg\/2023\/04\/11\/togo-dr-wotobe-kokou-nomme-president-ducomite-national-de-lutte-contre-le-tabac\/#:~:text=Les%20membres%20du%20Comit%C3%A9%20national,aux%20soins%2C%20Pr%20Moustafa%20Mijiyawa.\"><em>Togo : Dr WOTOBE Kokou nomm\u00e9 pr\u00e9sident du Comit\u00e9 national de lutte contre le tabac<\/em><\/a>, Aralile, publi\u00e9 le 11 avril 2023, consult\u00e9 le 12 septembre 2023.<\/p>\n<p style=\"text-align: justify;\"><a href=\"applewebdata:\/\/F269447F-07FB-47D1-AEBC-2F4513836023#_ftnref4\" name=\"_ftn4\">[4]<\/a> <a href=\"https:\/\/togoreveil.com\/singlepost-journee-mondiale-sans-tabac-2023---le-togo-s-engage-a-abandonner-la-culture-du-tabac-au-profit-des-aliments-31-5610\"><em>Journ\u00e9e Mondiale sans Tabac 2023 : Le Togo s\u2019engage \u00e0 abandonner la culture du tabac au profit des aliments<\/em><\/a>, Togo R\u00e9veil, publi\u00e9 le 10 juin 2023, consult\u00e9 le 12 septembre 2023.<\/p>\n<p style=\"text-align: justify;\"><a href=\"applewebdata:\/\/F269447F-07FB-47D1-AEBC-2F4513836023#_ftnref5\" name=\"_ftn5\">[5]<\/a> Hetinnon R, <a href=\"https:\/\/www.afrique-sur7.ci\/495159-togo-la-guerre-contre-le-tabagisme-une-priorite-du-gouvernement\"><em>Togo : la guerre contre le tabagisme, une priorit\u00e9 du gouvernement<\/em><\/a>, Afrique sur 7, publi\u00e9 le 12 septembre 2023, consult\u00e9 le m\u00eame jour.<\/p>\n<p><strong><a href=\"http:\/\/www.cnct.fr\/\" target=\"_blank\" rel=\"noopener noreferrer\">Comit\u00e9 national contre le tabagisme |<\/a><\/strong><\/p>\n","protected":false},"excerpt":{"rendered":"<p>The fight against smoking seems to be taking on new dimensions in Togo. Several government decisions adopted in 2023 bear witness to this.<\/p>","protected":false},"featured_media":11727,"template":"","tags":[],"thematique":[474],"class_list":["post-21188","actualites","type-actualites","status-publish","has-post-thumbnail","hentry","thematique-sante"],"acf":[],"_links":{"self":[{"href":"https:\/\/www.generationsanstabac.org\/en\/wp-json\/wp\/v2\/actualites\/21188","targetHints":{"allow":["GET"]}}],"collection":[{"href":"https:\/\/www.generationsanstabac.org\/en\/wp-json\/wp\/v2\/actualites"}],"about":[{"href":"https:\/\/www.generationsanstabac.org\/en\/wp-json\/wp\/v2\/types\/actualites"}],"version-history":[{"count":0,"href":"https:\/\/www.generationsanstabac.org\/en\/wp-json\/wp\/v2\/actualites\/21188\/revisions"}],"wp:featuredmedia":[{"embeddable":true,"href":"https:\/\/www.generationsanstabac.org\/en\/wp-json\/wp\/v2\/media\/11727"}],"wp:attachment":[{"href":"https:\/\/www.generationsanstabac.org\/en\/wp-json\/wp\/v2\/media?parent=21188"}],"wp:term":[{"taxonomy":"post_tag","embeddable":true,"href":"https:\/\/www.generationsanstabac.org\/en\/wp-json\/wp\/v2\/tags?post=21188"},{"taxonomy":"thematique","embeddable":true,"href":"https:\/\/www.generationsanstabac.org\/en\/wp-json\/wp\/v2\/thematique?post=21188"}],"curies":[{"name":"wp","href":"https:\/\/api.w.org\/{rel}","templated":true}]}}