{"id":21180,"date":"2023-09-13T08:00:27","date_gmt":"2023-09-13T06:00:27","guid":{"rendered":"https:\/\/www.generationsanstabac.org\/actualites\/le-malawi-ratifie-la-convention-cadre-de-loms-pour-la-lutte-antitabac\/"},"modified":"2023-09-13T08:00:27","modified_gmt":"2023-09-13T06:00:27","slug":"le-malawi-ratifie-la-convention-cadre-de-loms-pour-la-lutte-antitabac","status":"publish","type":"actualites","link":"https:\/\/www.generationsanstabac.org\/en\/actualites\/le-malawi-ratifie-la-convention-cadre-de-loms-pour-la-lutte-antitabac\/","title":{"rendered":"Malawi ratifies WHO Framework Convention on Tobacco Control"},"content":{"rendered":"<p style=\"font-weight: 400; text-align: justify;\"><em>Premier pays producteur de tabac en Afrique, le Malawi vient de ratifier la Convention-cadre de l\u2019OMS pour la lutte antitabac (CCLAT). Il \u00e9tait l\u2019un des derniers pays au monde \u00e0 ne pas l\u2019avoir ratifi\u00e9e.  <\/em><\/p>\n<p style=\"font-weight: 400; text-align: justify;\">Le 18 ao\u00fbt 2023 restera une date historique pour le Malawi. Il marque la ratification par ce pays de la Convention-cadre de l\u2019OMS pour la lutte antitabac (CLATT) et son engagement annonc\u00e9 dans la lutte antitabac. Le Malawi rejoint ainsi les 183 parties, soit 182 pays ainsi que l\u2019Union Europ\u00e9enne, \u00e0 avoir ratifi\u00e9 la CCLAT. Cette ratification a notamment \u00e9t\u00e9 salu\u00e9e par L\u00e9once Dieudonn\u00e9 SESSOU, Secr\u00e9taire Ex\u00e9cutif de l\u2019Alliance pour le Contr\u00f4le du Tabac en Afrique (ACTA)<a href=\"applewebdata:\/\/B4D8F18F-9085-4B6C-817E-CA2D3DC2C42E#_ftn1\" name=\"_ftnref1\">[1]<\/a>.<\/p>\n<h2 style=\"font-weight: 400; text-align: justify;\"><strong>La CCLAT, une opportunit\u00e9 pour le Malawi <\/strong><\/h2>\n<p style=\"font-weight: 400; text-align: justify;\">Premier trait\u00e9 international de sant\u00e9, la <a href=\"https:\/\/apps.who.int\/iris\/bitstream\/handle\/10665\/42812\/9242591017.pdf;sequence=1\">CCLAT<\/a> r\u00e9unit un corpus de <a href=\"https:\/\/www.generationsanstabac.org\/application-de-la-cclat-par-les-parties\/\">mesures<\/a> permettant de r\u00e9duire \u2013 et \u00e0 terme d\u2019\u00e9liminer \u2013 le tabagisme. Ces mesures comprennent aussi bien des actions permettant de r\u00e9duire la demande de tabac (fiscalit\u00e9, publicit\u00e9, emballage\/\u00e9tiquetage, composition des produits, sensibilisation du public) que d\u2019autres visant \u00e0 r\u00e9duire l\u2019offre (interdiction de la vente aux mineurs et par les mineurs, lutte contre le commerce illicite, activit\u00e9s de substitution \u00e9conomiquement viables, mise en cause de la responsabilit\u00e9 de l\u2019industrie). La CCLAT contient en outre des dispositions en mati\u00e8re de protection de l\u2019environnement et des incitations \u00e0 la coop\u00e9ration scientifique et technique. R\u00e9guli\u00e8rement actualis\u00e9, le rapport 2021 de l\u2019OMS sur la lutte antitabac permet de mesurer les progr\u00e8s r\u00e9alis\u00e9s gr\u00e2ce \u00e0 la mise en \u0153uvre de ce trait\u00e9<a href=\"applewebdata:\/\/B4D8F18F-9085-4B6C-817E-CA2D3DC2C42E#_ftn2\" name=\"_ftnref2\">[2]<\/a>.<\/p>\n<h2 style=\"font-weight: 400; text-align: justify;\"><strong>Le bilan d\u00e9sastreux de la culture du tabac<\/strong><\/h2>\n<p style=\"font-weight: 400; text-align: justify;\">Le cas du Malawi est particuli\u00e8rement embl\u00e9matique vis-\u00e0-vis de la CCLAT. Depuis plusieurs d\u00e9cennies, ce pays s\u2019est fortement engag\u00e9 dans la culture du tabac, au point que celle-ci est devenue sa principale source de devises et de produits export\u00e9s.  Cependant les revenus attendus escompt\u00e9s pour le pays ne sont pas \u00e0 la hauteur des esp\u00e9rances et la culture du tabac se r\u00e9v\u00e8le \u00e0 la fois nocive pour la sant\u00e9 des travailleurs du tabac (\u00ab maladie du <a href=\"https:\/\/www.generationsanstabac.org\/actualites\/empoisonnement-a-la-nicotine-la-maladie-du-tabac-vert\/\">tabac vert<\/a> \u00bb) et d\u00e9l\u00e9t\u00e8re pour l\u2019environnement, tout en occupant une part importante des surfaces agraires qui ne peuvent d\u00e8s lors \u00eatre consacr\u00e9es \u00e0 des cultures vivri\u00e8res ou plus lucratives.<\/p>\n<p style=\"font-weight: 400; text-align: justify;\">La <a href=\"https:\/\/www.generationsanstabac.org\/actualites\/un-webinaire-attire-lattention-sur-les-consequences-de-la-culture-du-tabac-en-afrique\/\">culture du tabac<\/a> est en effet tr\u00e8s gourmande en terres et en eau, et exige d\u2019importantes quantit\u00e9s d\u2019entrants chimiques (engrais\u2026) et de bois (traitement des plants de tabac par la fum\u00e9e). Elle est aussi une source de d\u00e9forestation, afin de rendre des terres disponibles. C\u2019est dans cet esprit que l\u2019Organisation Mondiale de la Sant\u00e9 (OMS) a fait de la culture du tabac le th\u00e8me de la Journ\u00e9e mondiale sans tabac en 2023, sous l\u2019intitul\u00e9 :\u00ab Grow food, not tobacco \u00bb (\u00ab Faites pousser des aliments, pas du tabac \u00bb). Il s\u2019agissait tout particuli\u00e8rement d\u2019inciter les pays producteurs du tabac \u00e0 se d\u00e9tourner de cette culture pour s\u2019orienter vers des cultures vivri\u00e8res ou au moins plus rentables.<\/p>\n<h2 style=\"font-weight: 400; text-align: justify;\"><strong>Le Malawi, symbole de l\u2019impasse de la culture du tabac<\/strong><\/h2>\n<p style=\"font-weight: 400; text-align: justify;\">Sur le plan \u00e9conomique, le Malawi a rencontr\u00e9 une situation de plus en plus probl\u00e9matique. Les petits exploitants agricoles se voient en effet pr\u00eater chaque ann\u00e9e des semences, du mat\u00e9riel agricole, ainsi que des denr\u00e9es de subsistance (ma\u00efs, essentiellement) afin de produire leur r\u00e9colte. La revente de celle-ci ne permet cependant pas de rembourser les sommes pr\u00eat\u00e9es et les exploitants se trouvent endett\u00e9s au commencement de l\u2019ann\u00e9e suivante. Ce cercle vicieux contraint les petits exploitants \u00e0 faire travailleur leur famille, et notamment leurs enfants, pour tenter d\u2019\u00e9quilibrer leur situation. C\u2019est ainsi que la culture du tabac est particuli\u00e8rement point\u00e9e pour le travail des enfants qu\u2019elle induit.<\/p>\n<p style=\"font-weight: 400; text-align: justify;\">L\u2019implication du Malawi dans la culture du tabac rend ce pays tr\u00e8s vuln\u00e9rable aux exigences de l\u2019industrie du tabac. Cette derni\u00e8re peut notamment freiner ou bloquer la mise en place de mesures de protection de la population contre les produits du tabac (espaces sans tabac, fiscalit\u00e9, avertissements sanitaires\u2026). En annon\u00e7ant, le 21 avril 2021, <a href=\"https:\/\/www.generationsanstabac.org\/actualites\/le-malawi-engage-dans-la-sortie-de-la-culture-du-tabac\/\">renoncer progressivement<\/a> \u00e0 la culture du tabac, le pr\u00e9sident du Malawi, Lazarus Chakwera, marquait un tournant dans l\u2019histoire de son pays. La ratification de la CCLAT constituerait aujourd\u2019hui une autre \u00e9tape d\u00e9cisive pour le Malawi, celle de se consacrer \u00e0 la protection de la population contre le tabagisme. Cependant un certain nombre d\u2019acteurs de la sant\u00e9 s\u2019interrogent sur cette ratification tardive du trait\u00e9 par le pays et pointent une possible man\u0153uvre de l\u2019industrie du tabac pour infiltrer voire \u00ab saper \u00bb indirectement le processus de mise en \u0153uvre du trait\u00e9, Les positions d\u00e9fendues par le pays \u00e0 l\u2019occasion de la prochaine session de la Conf\u00e9rence des parties du trait\u00e9 \u00e0 Panama en novembre prochain constitueront des \u00e9l\u00e9ments de r\u00e9ponse.<\/p>\n<p style=\"font-weight: 400; text-align: justify;\"><em>Pour en savoir davantage sur la situation du Malawi, consulter notre <\/em><a href=\"https:\/\/www.generationsanstabac.org\/article\/le-tabac-comme-obstacle-au-developpement-le-cas-du-malawi\/\"><em>d\u00e9cryptage<\/em><\/a><em>.<\/em><\/p>\n<p style=\"font-weight: 400; text-align: justify;\"><strong>Mots-cl\u00e9s : Malawi, culture du tabac, CCLAT, lutte antitabac, ATCA.<\/strong><\/p>\n<p><strong><a href=\"https:\/\/www.generationsanstabac.org\/\">\u00a9G\u00e9n\u00e9ration Sans Tabac<\/a><\/strong><\/p>\n<p style=\"text-align: right;\"><em><strong>MF<\/strong><\/em><\/p>\n<p style=\"text-align: justify;\"><a href=\"applewebdata:\/\/B4D8F18F-9085-4B6C-817E-CA2D3DC2C42E#_ftnref1\" name=\"_ftn1\">[1]<\/a> <a href=\"https:\/\/atca-africa.org\/fr\/le-malawi-devrait-entretenir-sa-volonte-politique-et-ne-pas-retarder-ladoption-dune-loi-conforme-a-la-cclat-de-loms\/\"><em>Le Malawi devrait entretenir sa volont\u00e9 politique et ne pas retarder l\u2019adoption d\u2019une loi conforme \u00e0 la CCLAT de l\u2019OMS<\/em><\/a>, ATCA, publi\u00e9 le 4 septembre 2023, consult\u00e9 le 5 septembre 2023.<\/p>\n<p style=\"text-align: justify;\"><a href=\"applewebdata:\/\/B4D8F18F-9085-4B6C-817E-CA2D3DC2C42E#_ftnref2\" name=\"_ftn2\">[2]<\/a> <a href=\"https:\/\/fctc.who.int\/newsroom\/events\/item\/2021\/11\/01\/default-calendar\/2021-global-progress-report-on-implementation-of-the-who-framework-convention-on-tobacco-control#:~:text=2021%20Global%20Progress%20Report%20on%20Implementation%20of%20the,the%20status%20of%20the%20implementation%20of%20the%20Convention.\"><em>2021 Global Progress Report on Implementation of the WHO Framework Convention on Tobacco Control<\/em><\/a>, WHO, publi\u00e9 le 1er novembre 2021, consult\u00e9 le 5 septembre 2023.<\/p>\n<p><strong><a href=\"http:\/\/www.cnct.fr\/\" target=\"_blank\" rel=\"noopener noreferrer\">Comit\u00e9 national contre le tabagisme |<\/a><\/strong><\/p>\n","protected":false},"excerpt":{"rendered":"<p>The largest tobacco producing country in Africa, Malawi has just ratified the WHO Framework Convention on Tobacco Control (FCTC).<\/p>","protected":false},"featured_media":11718,"template":"","tags":[],"thematique":[502],"class_list":["post-21180","actualites","type-actualites","status-publish","has-post-thumbnail","hentry","thematique-justice"],"acf":[],"_links":{"self":[{"href":"https:\/\/www.generationsanstabac.org\/en\/wp-json\/wp\/v2\/actualites\/21180","targetHints":{"allow":["GET"]}}],"collection":[{"href":"https:\/\/www.generationsanstabac.org\/en\/wp-json\/wp\/v2\/actualites"}],"about":[{"href":"https:\/\/www.generationsanstabac.org\/en\/wp-json\/wp\/v2\/types\/actualites"}],"version-history":[{"count":0,"href":"https:\/\/www.generationsanstabac.org\/en\/wp-json\/wp\/v2\/actualites\/21180\/revisions"}],"wp:featuredmedia":[{"embeddable":true,"href":"https:\/\/www.generationsanstabac.org\/en\/wp-json\/wp\/v2\/media\/11718"}],"wp:attachment":[{"href":"https:\/\/www.generationsanstabac.org\/en\/wp-json\/wp\/v2\/media?parent=21180"}],"wp:term":[{"taxonomy":"post_tag","embeddable":true,"href":"https:\/\/www.generationsanstabac.org\/en\/wp-json\/wp\/v2\/tags?post=21180"},{"taxonomy":"thematique","embeddable":true,"href":"https:\/\/www.generationsanstabac.org\/en\/wp-json\/wp\/v2\/thematique?post=21180"}],"curies":[{"name":"wp","href":"https:\/\/api.w.org\/{rel}","templated":true}]}}