{"id":21176,"date":"2023-09-11T08:00:28","date_gmt":"2023-09-11T06:00:28","guid":{"rendered":"https:\/\/www.generationsanstabac.org\/actualites\/arguments-pour-linstauration-du-paquet-neutre-aux-philippines\/"},"modified":"2023-09-11T08:00:28","modified_gmt":"2023-09-11T06:00:28","slug":"arguments-pour-linstauration-du-paquet-neutre-aux-philippines","status":"publish","type":"actualites","link":"https:\/\/www.generationsanstabac.org\/en\/actualites\/arguments-pour-linstauration-du-paquet-neutre-aux-philippines\/","title":{"rendered":"Arguments for the introduction of plain packaging in the Philippines"},"content":{"rendered":"<p style=\"font-weight: 400; text-align: justify;\"><em>Deux \u00e9tudes ont point\u00e9 l\u2019int\u00e9r\u00eat de mettre en \u0153uvre aux Philippines le paquet neutre standardis\u00e9 pour les cigarettes et autres produits du tabac et de la nicotine. Elles contribuent \u00e0 apporter les preuves scientifiques permettant d\u2019appuyer le projet de paquet neutre, bloqu\u00e9 depuis 2019. <\/em><\/p>\n<p style=\"font-weight: 400; text-align: justify;\">En 2014, les Philippines ont exig\u00e9 d\u2019apposer des avertissements sanitaires graphiques sur les paquets de cigarettes. La taille de ces avertissements a \u00e9t\u00e9 point\u00e9e par les acteurs de sant\u00e9 dans la mesure o\u00f9 ils ne recouvrent que 50 % de la surface des paquets, soit le minimum requis par les prescriptions du trait\u00e9 de la Convention-cadre pour la lutte antitabac<a href=\"applewebdata:\/\/00FCE7B2-9F7B-45B4-8218-2D24B2B1E9C7#_ftn1\" name=\"_ftnref1\">[1]<\/a> que le pays a ratifi\u00e9. En effet, la taille de l\u2019avertissement constitue un des crit\u00e8res de son efficacit\u00e9. En 2021, ces avertissements sanitaires graphiques ont \u00e9t\u00e9 \u00e9tendus dans le pays aux cigarettes \u00e9lectroniques, aux produits de tabac chauff\u00e9 et aux autres produits de la nicotine.<\/p>\n<p style=\"font-weight: 400; text-align: justify;\">La proposition d\u2019adoption d\u2019un emballage neutre standardis\u00e9 pour  les cigarettes et autres produits du tabac a \u00e9t\u00e9 introduite  au S\u00e9nat philippin en janvier 2019, mais est rest\u00e9e en suspens depuis cette date, en l\u2019absence dee preuves scientifiques sur les r\u00e9actions de la population locale \u00e0 cette proposition. Deux \u00e9tudes r\u00e9centes permettent cependant de combler ce manque de donn\u00e9es scientifiques locales.<\/p>\n<h2 style=\"font-weight: 400; text-align: justify;\"><strong>Acceptabilit\u00e9 du paquet neutre standardis\u00e9<\/strong><\/h2>\n<p style=\"font-weight: 400; text-align: justify;\">L\u2019une de ces \u00e9tudes a port\u00e9 sur l\u2019acceptabilit\u00e9 du paquet neutre standardis\u00e9 par les Philippins. 2000 personnes de tous statuts tabagiques ont \u00e9t\u00e9 interrog\u00e9es sur ce th\u00e8me et se sont vu pr\u00e9senter des emballages neutres d\u00e9clin\u00e9s en diff\u00e9rentes couleurs (noir, blanc et Pantone 448C, la couleur marron recommand\u00e9e pour le paquet neutre)<a href=\"applewebdata:\/\/00FCE7B2-9F7B-45B4-8218-2D24B2B1E9C7#_ftn2\" name=\"_ftnref2\">[2]<\/a>.<\/p>\n<p style=\"font-weight: 400; text-align: justify;\">L\u2019acceptation du principe du paquet neutre \u00e9tait assez large chez les fumeurs comme chez les non-fumeurs, tant pour r\u00e9duire l\u2019attractivit\u00e9 des paquets (68 %),  prot\u00e9ger les personnes contre le marketing des fabricants (69 %) et accro\u00eetre l\u2019impact des avertissements sanitaires (75 %) que pour r\u00e9duire l\u2019exp\u00e9rimentation du tabac par les jeunes (68 %). Ces opinions \u00e9taient aussi valables pour les emballages des cigarettes \u00e9lectroniques. Les auteurs de l\u2019\u00e9tude estiment donc la population pr\u00eate \u00e0 l\u2019instauration du paquet neutre standardis\u00e9 et recommandent la mise en place de cette mesure aux Philippines pour l\u2019ensemble des produits du tabac \u2013 y compris de tabac chauff\u00e9 \u2013 et des cigarettes \u00e9lectroniques avec ou sans nicotine.<\/p>\n<h2 style=\"font-weight: 400; text-align: justify;\"><strong>Des emballages qui ciblent en priorit\u00e9 les jeunes <\/strong><\/h2>\n<p style=\"font-weight: 400; text-align: justify;\">L\u2019autre \u00e9tude a compar\u00e9 la perception des emballages de cigarettes aromatis\u00e9es ou comportant des capsules aromatiques chez des \u00e9chantillons de jeunes fumeurs (18-24 ans) mexicains et philippins, en utilisant la m\u00e9thode des focus groups<a href=\"applewebdata:\/\/00FCE7B2-9F7B-45B4-8218-2D24B2B1E9C7#_ftn3\" name=\"_ftnref3\">[3]<\/a>. Les r\u00e9sultats obtenus aupr\u00e8s de ces deux populations sont tr\u00e8s convergents, sugg\u00e9rant une forme d\u2019internationalisation du syst\u00e8me de valeurs et de d\u00e9cryptage chez des jeunes de cultures tr\u00e8s \u00e9loign\u00e9es.<\/p>\n<p style=\"font-weight: 400; text-align: justify;\">Les jeunes fumeurs parvenaient ainsi tr\u00e8s nettement \u00e0 identifier les codes graphiques de ces produits du tabac, en particulier ceux des capsules aromatiques. Ils consid\u00e9raient que ces produits \u00e9taient destin\u00e9s aux fumeurs les plus jeunes et visaient\u00e0 l\u2019exp\u00e9rimentation tabagique. Les auteurs de l\u2019\u00e9tude en concluaient la n\u00e9cessit\u00e9 d\u2019interdire l\u2019ensemble des tabac aromatis\u00e9s et d\u2019instaurer le paquet neutre standardis\u00e9 dans ces deux pays. Ils estimaient par ailleurs que les \u00e9tudes scientifiques conduites dans d\u2019autres pays peuvent amplement suffire \u00e0 justifier l\u2019adoption d\u2019une mesure de lutte antitabac, sans n\u00e9cessairement reproduire localement ces \u00e9tudes.<\/p>\n<p style=\"font-weight: 400; text-align: justify;\"><strong>Mots-cl\u00e9s : Philippines, Mexique, paquet neutre, tabac aromatis\u00e9, capsules aromatique, preuve scientifique<\/strong><\/p>\n<p><strong><a href=\"https:\/\/www.generationsanstabac.org\/\">\u00a9G\u00e9n\u00e9ration Sans Tabac<\/a><\/strong><\/p>\n<p style=\"text-align: right;\"><em><strong>MF<\/strong><\/em><\/p>\n<p style=\"text-align: justify;\"><a href=\"applewebdata:\/\/00FCE7B2-9F7B-45B4-8218-2D24B2B1E9C7#_ftnref1\" name=\"_ftn1\">[1]<\/a> <a href=\"https:\/\/www.who.int\/europe\/activities\/encouraging-health-warnings-on-tobacco-packaging\"><em>Encouraging health warnings on tobacco packaging<\/em><\/a>, WHO, consult\u00e9 le 1er septembre 2021.<\/p>\n<p style=\"text-align: justify;\"><a href=\"applewebdata:\/\/00FCE7B2-9F7B-45B4-8218-2D24B2B1E9C7#_ftnref2\" name=\"_ftn2\">[2]<\/a> Amul G, Santiago AJ, Arda JR, Mallari E, <a href=\"https:\/\/papers.ssrn.com\/sol3\/papers.cfm?abstract_id=4434582\"><em>Opportunities for Plain Packaging of Tobacco Products in the Philippines: Results of a Nationwide Online Survey<\/em><\/a> (May 2, 2023). ASOG Working Paper 23-003, https:\/\/ssrn.com\/abstract=4434582 or http:\/\/dx.doi.org\/10.2139\/ssrn.4434582<\/p>\n<p style=\"text-align: justify;\"><a href=\"applewebdata:\/\/00FCE7B2-9F7B-45B4-8218-2D24B2B1E9C7#_ftnref3\" name=\"_ftn3\">[3]<\/a> Grilo G, Brown JL, Cohen JE, Clegg Smith K. <a href=\"http:\/\/www.tobaccoinduceddiseases.org\/Shared-perceptions-of-flavored-cigarette-pack-design-among-young-adults-who-smoke,168376,0,2.html\"><em>Shared perceptions of flavored cigarette pack design among young adults who smoke in Mexico and the Philippines<\/em><\/a>. Tobacco Induced Diseases. 2023;21(July):98. doi:10.18332\/tid\/168376.<\/p>\n<p><strong><a href=\"http:\/\/www.cnct.fr\/\" target=\"_blank\" rel=\"noopener noreferrer\">Comit\u00e9 national contre le tabagisme |<\/a><\/strong><\/p>\n","protected":false},"excerpt":{"rendered":"<p>Two studies have highlighted the benefits of implementing plain packaging in the Philippines for cigarettes and other tobacco and nicotine products.<\/p>","protected":false},"featured_media":21177,"template":"","tags":[],"thematique":[502,474],"class_list":["post-21176","actualites","type-actualites","status-publish","has-post-thumbnail","hentry","thematique-justice","thematique-sante"],"acf":[],"_links":{"self":[{"href":"https:\/\/www.generationsanstabac.org\/en\/wp-json\/wp\/v2\/actualites\/21176","targetHints":{"allow":["GET"]}}],"collection":[{"href":"https:\/\/www.generationsanstabac.org\/en\/wp-json\/wp\/v2\/actualites"}],"about":[{"href":"https:\/\/www.generationsanstabac.org\/en\/wp-json\/wp\/v2\/types\/actualites"}],"version-history":[{"count":0,"href":"https:\/\/www.generationsanstabac.org\/en\/wp-json\/wp\/v2\/actualites\/21176\/revisions"}],"wp:featuredmedia":[{"embeddable":true,"href":"https:\/\/www.generationsanstabac.org\/en\/wp-json\/wp\/v2\/media\/21177"}],"wp:attachment":[{"href":"https:\/\/www.generationsanstabac.org\/en\/wp-json\/wp\/v2\/media?parent=21176"}],"wp:term":[{"taxonomy":"post_tag","embeddable":true,"href":"https:\/\/www.generationsanstabac.org\/en\/wp-json\/wp\/v2\/tags?post=21176"},{"taxonomy":"thematique","embeddable":true,"href":"https:\/\/www.generationsanstabac.org\/en\/wp-json\/wp\/v2\/thematique?post=21176"}],"curies":[{"name":"wp","href":"https:\/\/api.w.org\/{rel}","templated":true}]}}