{"id":21172,"date":"2023-09-07T08:00:09","date_gmt":"2023-09-07T06:00:09","guid":{"rendered":"https:\/\/www.generationsanstabac.org\/actualites\/cote-divoire-journalistes-et-professionnels-de-la-communication-mobilises-pour-une-can-sans-tabac\/"},"modified":"2025-01-16T15:48:34","modified_gmt":"2025-01-16T14:48:34","slug":"cote-divoire-journalistes-et-professionnels-de-la-communication-mobilises-pour-une-can-sans-tabac","status":"publish","type":"actualites","link":"https:\/\/www.generationsanstabac.org\/en\/actualites\/cote-divoire-journalistes-et-professionnels-de-la-communication-mobilises-pour-une-can-sans-tabac\/","title":{"rendered":"Ivory Coast: journalists and communication professionals mobilized for a tobacco-free CAN"},"content":{"rendered":"<p style=\"font-weight: 400;text-align: justify\"><em>La Conf\u00e9rence des M\u00e9dias contre le Tabagisme, l\u2019Alcoolisme et la Toxicomanie en C\u00f4te d\u2019Ivoire (COMTAT-CI) s\u2019associe au gouvernement pour que la Coupe Africaine des Nations (CAN) se d\u00e9roule sans tabac. <\/em><\/p>\n<p style=\"font-weight: 400;text-align: justify\">C\u2019est en C\u00f4te d\u2019Ivoire que se tiendra la 34<sup>\u00e8me<\/sup> \u00e9dition de la Coupe Africaine des Nations (CAN), du 13 janvier au 11 f\u00e9vrier 2024. Port\u00e9e par la Conf\u00e9rence des M\u00e9dias contre le Tabagisme, l\u2019Alcoolisme et la Toxicomanie en C\u00f4te d\u2019Ivoire (COMTAT-CI), une initiative intitul\u00e9e \u2018\u2019Ivoire Can 2023 sans Tabac\u2019\u2019 vise \u00e0 placer cette comp\u00e9tition sportive sous le signe de la sant\u00e9 publique<a href=\"\/\/0CFB93C7-83C2-4168-876B-DAE00ED4E615#_ftn1\" name=\"_ftnref1\">[1]<\/a>. La COMTAT-CI rassemble des journalistes et des professionnels de la communication souhaitant s\u2019investir dans la lutte contre les pratiques addictives ; elle est particuli\u00e8rement engag\u00e9e sur la question du tabagisme depuis 2014.<\/p>\n<h2 style=\"font-weight: 400;text-align: justify\"><strong>Mise en \u0153uvre d\u2019action antitabac durant la CAN <\/strong><\/h2>\n<p style=\"font-weight: 400;text-align: justify\">Plusieurs \u00e9ch\u00e9ances ont d\u2019ores et d\u00e9j\u00e0 \u00e9t\u00e9 fix\u00e9es le 29 ao\u00fbt 2023, au cours de rencontres pr\u00e9paratoires entre la COMTAT-CI et des repr\u00e9sentants de la Direction de la Professionnalisation des Spots et de la Direction de Sport pour Tous, deux structures d\u00e9pendant du Minist\u00e8re des Sports.<\/p>\n<p style=\"font-weight: 400;text-align: justify\">Le projet \u2018\u2019Ivoire Can 2023 sans Tabac\u2019\u2019 sera ainsi officiellement lanc\u00e9 le 6 octobre 2023 depuis l\u2019h\u00f4tel de ville d\u2019Abidjan Plateau. Puis, le 15 d\u00e9cembre 2023, une formation sur le tabac sera propos\u00e9e aux organisateurs de la CAN 2023. Un \u00e9v\u00e8nement sportif se tiendra ensuite au stade Alassane Ouattara d\u2019Ebimp\u00e9, durant la phase de qualification de la comp\u00e9tition.<\/p>\n<p style=\"font-weight: 400;text-align: justify\">L\u2019objectif affich\u00e9 de ce projet est d\u2019interdire la vente et la consommation de produits de tabac, ainsi que d\u2019alcool et d\u2019autres drogues, aux abords et \u00e0 l\u2019int\u00e9rieur des cinq stades o\u00f9 se d\u00e9rouleront les \u00e9preuves sportives \u00e0 travers le pays. Cette interdiction sera \u00e9tendue aux cit\u00e9s d\u00e9di\u00e9es \u00e0 la CAN, aux h\u00f4tels et restaurants, aux gares routi\u00e8res et aux autres lieux publics lors des phases finales de la CAN. Appuy\u00e9es par une campagne d\u2019affichage, des actions de sensibilisation aupr\u00e8s des supporters et des habitants se tiendront \u00e9galement dans les villes concern\u00e9es.<\/p>\n<h2 style=\"font-weight: 400;text-align: justify\"><strong>Dissocier le sport et le tabagisme<\/strong><\/h2>\n<p style=\"font-weight: 400;text-align: justify\">Cette implication de la COMTAT-CI se situe dans le cadre de la lutte contre le tabagisme en C\u00f4te d\u2019Ivoire et vise notamment \u00e0 appuyer le Programme National de Lutte contre le Tabagisme, l\u2019Alcoolisme, la Toxicomanie et les autres Addictions (PNLTA).<\/p>\n<p style=\"font-weight: 400;text-align: justify\">Il s\u2019agit ici d\u2019op\u00e9rer une s\u00e9paration nette entre sport et tabagisme, de prot\u00e9ger le public contre l\u2019exposition \u00e0 la fum\u00e9e de tabac en faisant respecter l\u2019interdiction de fumer dans les lieux publics et les transports en commun. La loi de 2019 relative \u00e0 la lutte antitabac interdit, en outre, de vendre ou d\u2019offrir des produits du tabac au sein, aux abords et dans un rayon de deux cents m\u00e8tres des infrastructures sportives et culturelles, comme c\u2019est \u00e9galement le cas pour les \u00e9tablissements d\u2019enseignement ou de soins. L\u2019implication de la soci\u00e9t\u00e9 civile permet \u00e9galement de donner davantage de poids et de r\u00e9sonance aux actions de sant\u00e9 publique mises en \u0153uvre par les autorit\u00e9s.<\/p>\n<p style=\"font-weight: 400;text-align: justify\">La C\u00f4te d\u2019Ivoire a d\u00e9j\u00e0 act\u00e9 plusieurs d\u00e9cisions importantes qui la placent parmi les pays africains les plus impliqu\u00e9s dans la lutte antitabac. Le principe du paquet neutre standardis\u00e9 pour les cigarettes a ainsi \u00e9t\u00e9 adopt\u00e9 en <a href=\"https:\/\/www.generationsanstabac.org\/actualites\/cote-d-ivoire-premier-pays-africain-instaurer-le-paquet-neutre\/\">janvier 2022<\/a>, mais reste encore \u00e0 mettre en pratique.<\/p>\n<p style=\"font-weight: 400;text-align: justify\"><strong>Mots-cl\u00e9s : C\u00f4te d\u2019Ivoire, COMTAT-CI, Ivoire Can 2023 sans Tabac, sport, commerce illicite.<\/strong><\/p>\n<p><strong><a href=\"https:\/\/www.generationsanstabac.org\/\">\u00a9G\u00e9n\u00e9ration Sans Tabac<\/a><\/strong><\/p>\n<p style=\"text-align: right\"><em><strong>MF<\/strong><\/em><\/p>\n<p style=\"text-align: justify\"><a href=\"\/\/0CFB93C7-83C2-4168-876B-DAE00ED4E615#_ftnref1\" name=\"_ftn1\">[1]<\/a> <a href=\"https:\/\/connectionivoirienne.net\/2023\/08\/29\/can-2023-la-comtat-ci-fait-la-promotion-du-projet-ivoire-can-2023-sans-tabac\/\"><em>Can 2023 \u2013 La COMTAT-CI fait la promotion du projet \u2018\u2019Ivoire Can 2023 sans Tabac\u2019\u2019<\/em><\/a>, Connexion Ivoirienne, publi\u00e9 le 29 ao\u00fbt 2023, consult\u00e9 le 31 ao\u00fbt 2023.<\/p>\n<p><strong><a href=\"http:\/\/www.cnct.fr\/\" target=\"_blank\" rel=\"noopener noreferrer\">Comit\u00e9 national contre le tabagisme |<\/a><\/strong><\/p>\n","protected":false},"excerpt":{"rendered":"<p>The Media Conference against Smoking, Alcoholism and Drug Addiction in C\u00f4te d&#039;Ivoire (COMTAT-CI) is joining forces with the government to ensure that the African Cup of Nations (CAN) takes place without tobacco.<\/p>","protected":false},"featured_media":11709,"template":"","tags":[],"thematique":[491,474,565],"class_list":["post-21172","actualites","type-actualites","status-publish","has-post-thumbnail","hentry","thematique-politiques-publiques","thematique-sante","thematique-sensibilisation"],"acf":[],"_links":{"self":[{"href":"https:\/\/www.generationsanstabac.org\/en\/wp-json\/wp\/v2\/actualites\/21172","targetHints":{"allow":["GET"]}}],"collection":[{"href":"https:\/\/www.generationsanstabac.org\/en\/wp-json\/wp\/v2\/actualites"}],"about":[{"href":"https:\/\/www.generationsanstabac.org\/en\/wp-json\/wp\/v2\/types\/actualites"}],"version-history":[{"count":0,"href":"https:\/\/www.generationsanstabac.org\/en\/wp-json\/wp\/v2\/actualites\/21172\/revisions"}],"wp:featuredmedia":[{"embeddable":true,"href":"https:\/\/www.generationsanstabac.org\/en\/wp-json\/wp\/v2\/media\/11709"}],"wp:attachment":[{"href":"https:\/\/www.generationsanstabac.org\/en\/wp-json\/wp\/v2\/media?parent=21172"}],"wp:term":[{"taxonomy":"post_tag","embeddable":true,"href":"https:\/\/www.generationsanstabac.org\/en\/wp-json\/wp\/v2\/tags?post=21172"},{"taxonomy":"thematique","embeddable":true,"href":"https:\/\/www.generationsanstabac.org\/en\/wp-json\/wp\/v2\/thematique?post=21172"}],"curies":[{"name":"wp","href":"https:\/\/api.w.org\/{rel}","templated":true}]}}