{"id":21169,"date":"2023-09-04T08:00:02","date_gmt":"2023-09-04T06:00:02","guid":{"rendered":"https:\/\/www.generationsanstabac.org\/actualites\/au-japon-comme-en-irlande-des-voix-selevent-pour-repousser-lage-legal-dachat-du-tabac-a-21-voire-22-ans\/"},"modified":"2023-09-04T08:00:02","modified_gmt":"2023-09-04T06:00:02","slug":"au-japon-comme-en-irlande-des-voix-selevent-pour-repousser-lage-legal-dachat-du-tabac-a-21-voire-22-ans","status":"publish","type":"actualites","link":"https:\/\/www.generationsanstabac.org\/en\/actualites\/au-japon-comme-en-irlande-des-voix-selevent-pour-repousser-lage-legal-dachat-du-tabac-a-21-voire-22-ans\/","title":{"rendered":"In Japan and Ireland, there are calls to raise the legal age for purchasing tobacco to 21 or even 22."},"content":{"rendered":"<p style=\"font-weight: 400; text-align: justify;\"><em>Des hommes politiques et des chercheurs r\u00e9clament de porter l\u2019\u00e2ge l\u00e9gal d\u2019achat de produits du tabac \u00e0 21 ans en Irlande et \u00e0 22 ans au Japon.<\/em><\/p>\n<p style=\"font-weight: 400; text-align: justify;\">Lors du congr\u00e8s 2023 de la Soci\u00e9t\u00e9 europ\u00e9enne de cardiologie (ESC), qui s\u2019est tenu \u00e0 Amsterdam du 25 au 28 ao\u00fbt 2023, une \u00e9quipe de chercheurs japonais a pr\u00e9sent\u00e9 une \u00e9tude sur le profil de l\u2019addiction \u00e0 la nicotine en fonction de l\u2019\u00e2ge de l\u2019initiation tabagique<a href=\"applewebdata:\/\/4FA61FF4-3B4E-4B72-A2D4-B7F16C8E7DF5#_ftn1\" name=\"_ftnref1\">[1]<\/a>. Un total de 1382 fumeurs ayant consult\u00e9 dans un centre de sevrage tabagique de Kyoto ont \u00e9t\u00e9 s\u00e9par\u00e9s en deux groupes, selon qu\u2019ils avaient commenc\u00e9 \u00e0 fumer avant (n = 556) ou apr\u00e8s 20 ans (n = 826), cet \u00e2ge \u00e9tant celui \u00e0 partir duquel on peut acheter l\u00e9galement des cigarettes au Japon. Les hommes \u00e9taient majoritaires dans cet \u00e9chantillon (70 %), refl\u00e9tant ainsi le sexe ratio de la pr\u00e9valence tabagique au Japon.<\/p>\n<h2 style=\"font-weight: 400; text-align: justify;\"><strong>Les fumeurs pr\u00e9coces sont plus d\u00e9pendants de la nicotine<\/strong><\/h2>\n<p style=\"font-weight: 400; text-align: justify;\">Les fumeurs ayant commenc\u00e9 \u00e0 fumer avant 20 ans fumaient davantage de cigarettes chaque jour que les fumeurs ayant commenc\u00e9 apr\u00e8s 20 ans (25 contre 22). Ils affichaient aussi un taux plus \u00e9lev\u00e9 de monoxyde de carbone (CO) dans l\u2019air expir\u00e9 et pr\u00e9sentaient un score plus \u00e9lev\u00e9 au test de Fagerstr\u00f6m mesurant la d\u00e9pendance tabagique. De plus, seulement 46 % des fumeurs ayant commenc\u00e9 avant 20 ans \u00e9taient parvenus \u00e0 cesser de fumer compl\u00e8tement, contre 56 % de ceux ayant commenc\u00e9 apr\u00e8s 20 ans.<\/p>\n<p style=\"font-weight: 400; text-align: justify;\"><em>\u00ab Nos r\u00e9sultats indiquent que commencer \u00e0 fumer pr\u00e9cocement est li\u00e9 \u00e0 une d\u00e9pendance nicotinique plus forte \u00bb<\/em>, a d\u00e9clar\u00e9 Le Dr Koji Hasegawa, l\u2019un des auteurs de ce travail, confirmant ainsi d\u2019autres \u00e9tudes sur ce sujet. Ce constat le pousse \u00e0 r\u00e9clamer aux autorit\u00e9s japonaises de diff\u00e9rer \u00e0 22 ans \u2013 ou plus \u2013 l\u2019\u00e2ge l\u00e9gal d\u2019achat du tabac.<\/p>\n<h2 style=\"font-weight: 400; text-align: justify;\"><strong>Une \u00e9tape indispensable pour atteindre une G\u00e9n\u00e9ration sans tabac <\/strong><\/h2>\n<p style=\"font-weight: 400; text-align: justify;\">En Irlande, o\u00f9 l\u2019\u00e2ge l\u00e9gal d\u2019achat du tabac est aujourd\u2019hui de 18 ans, Colm Burke, le porte-parole Sant\u00e9 du parti Fine Gael, a r\u00e9clam\u00e9 au gouvernement que cet \u00e2ge soit port\u00e9 \u00e0 21 ans<a href=\"applewebdata:\/\/4FA61FF4-3B4E-4B72-A2D4-B7F16C8E7DF5#_ftn2\" name=\"_ftnref2\">[2]<\/a>. Il a notamment soulign\u00e9 qu\u2019aux Etats-Unis, le rel\u00e8vement de l\u2019\u00e2ge l\u00e9gal d\u2019achat du tabac \u00e0 21 ans, en 2016, a permis de r\u00e9duire de 20 % la pr\u00e9valence tabagique dans le groupe des moins de 25 ans. Il a \u00e9galement souhait\u00e9 que l\u2019Irlande, qui avait institu\u00e9 d\u00e8s 2004 l\u2019interdiction de fumer sur les lieux de travail, reste parmi les pays les plus en actif dans la lutte contre le tabagisme, ce qui n\u2019est plus le cas depuis 2018.<\/p>\n<p style=\"font-weight: 400; text-align: justify;\">Colm Burke demande que cette mesure soit int\u00e9gr\u00e9e dans le Public Health (Tobacco and Nicotine Inhaling Products) Bill, un projet en cours d\u2019examen au Parlement. A d\u00e9faut, il sugg\u00e8re d\u2019amender le Public Health [Tobacco] Act 2002 afin d\u2019y inscrire cette disposition. Il a par ailleurs insist\u00e9 sur la n\u00e9cessit\u00e9 de mesures antitabac fortes pour parvenir \u00e0 l\u2019objectif d\u2019une G\u00e9n\u00e9ration sans tabac en Irlande en 2025, avec moins de 5 % de fumeurs dans la population. L\u2019Irlande comptait 14 % de fumeurs quotidiens en 2020.<\/p>\n<h2 style=\"font-weight: 400; text-align: justify;\"><strong>Relever l&rsquo;\u00e2ge, une mesure bien comprise et bien accept\u00e9e par la population<\/strong><\/h2>\n<p style=\"font-weight: 400; text-align: justify;\">Dans ces deux pays comme dans d\u2019autres, relever l\u2019\u00e2ge l\u00e9gal d\u2019achat du tabac permettrait d\u2019une part de diff\u00e9rer l\u2019\u00e2ge de l\u2019initiation tabagique, et d\u2019autre part de limiter l\u2019intensit\u00e9 de la d\u00e9pendance nicotinique, ce qui faciliterait le sevrage et son maintien. Porter cet \u00e2ge l\u00e9gal \u00e0 21 ans au lieu de 18 ans est l\u2019une des mesures de protection du public envisag\u00e9e ou d\u00e9j\u00e0 mise en \u0153uvre dans les pays ayant le plus progress\u00e9 dans la lutte contre le tabagisme. Il s\u2019agit aussi d\u2019une mesure per\u00e7ue positivement par la population : au Royaume-Uni, 64 % des adultes et 54 % des 18-24 ans sont favorables \u00e0 une telle mesure, contre 15 % d\u2019adultes qui y sont oppos\u00e9s.<\/p>\n<p style=\"font-weight: 400; text-align: justify;\"><strong>Mots-cl\u00e9s : Japon, Irlande, \u00e2ge l\u00e9gal, 21 ans, d\u00e9pendance tabagique.<\/strong><\/p>\n<p><strong><a href=\"https:\/\/www.generationsanstabac.org\/\">\u00a9G\u00e9n\u00e9ration Sans Tabac<\/a><\/strong><\/p>\n<p style=\"text-align: right;\"><em><strong>MF<\/strong><\/em><\/p>\n<p style=\"text-align: justify;\"><a href=\"applewebdata:\/\/4FA61FF4-3B4E-4B72-A2D4-B7F16C8E7DF5#_ftnref1\" name=\"_ftn1\">[1]<\/a> <a href=\"https:\/\/www.escardio.org\/The-ESC\/Press-Office\/Press-releases\/Smokers-who-start-below-age-20-become-more-addicted-and-find-it-difficult-to-quit\"><em>Smokers who start below age 20 become more addicted and find it difficult to quit<\/em><\/a>, ESC, publi\u00e9 le 25 ao\u00fbt 2023, consult\u00e9 le 28 ao\u00fbt 2023.<\/p>\n<p style=\"text-align: justify;\"><a href=\"applewebdata:\/\/4FA61FF4-3B4E-4B72-A2D4-B7F16C8E7DF5#_ftnref2\" name=\"_ftn2\">[2]<\/a> Cox J, <a href=\"https:\/\/www.breakingnews.ie\/ireland\/td-calls-for-age-limit-on-tobacco-products-to-be-increased-to-21-1519559.html\"><em>TD calls for age limit on tobacco products to be increased to 21<\/em><\/a>, Breaking News, publi\u00e9 le 27 ao\u00fbt 2023, consult\u00e9 le 28 ao\u00fbt 2023.<\/p>\n<p><strong><a href=\"http:\/\/www.cnct.fr\/\" target=\"_blank\" rel=\"noopener noreferrer\">Comit\u00e9 national contre le tabagisme |<\/a><\/strong><\/p>\n","protected":false},"excerpt":{"rendered":"<p>Politicians and researchers are calling for raising the legal age for purchasing tobacco products to 21 in Ireland and 22 in Japan.<\/p>","protected":false},"featured_media":19744,"template":"","tags":[],"thematique":[502,474],"class_list":["post-21169","actualites","type-actualites","status-publish","has-post-thumbnail","hentry","thematique-justice","thematique-sante"],"acf":[],"_links":{"self":[{"href":"https:\/\/www.generationsanstabac.org\/en\/wp-json\/wp\/v2\/actualites\/21169","targetHints":{"allow":["GET"]}}],"collection":[{"href":"https:\/\/www.generationsanstabac.org\/en\/wp-json\/wp\/v2\/actualites"}],"about":[{"href":"https:\/\/www.generationsanstabac.org\/en\/wp-json\/wp\/v2\/types\/actualites"}],"version-history":[{"count":0,"href":"https:\/\/www.generationsanstabac.org\/en\/wp-json\/wp\/v2\/actualites\/21169\/revisions"}],"wp:featuredmedia":[{"embeddable":true,"href":"https:\/\/www.generationsanstabac.org\/en\/wp-json\/wp\/v2\/media\/19744"}],"wp:attachment":[{"href":"https:\/\/www.generationsanstabac.org\/en\/wp-json\/wp\/v2\/media?parent=21169"}],"wp:term":[{"taxonomy":"post_tag","embeddable":true,"href":"https:\/\/www.generationsanstabac.org\/en\/wp-json\/wp\/v2\/tags?post=21169"},{"taxonomy":"thematique","embeddable":true,"href":"https:\/\/www.generationsanstabac.org\/en\/wp-json\/wp\/v2\/thematique?post=21169"}],"curies":[{"name":"wp","href":"https:\/\/api.w.org\/{rel}","templated":true}]}}