{"id":21168,"date":"2023-09-03T08:00:58","date_gmt":"2023-09-03T06:00:58","guid":{"rendered":"https:\/\/www.generationsanstabac.org\/actualites\/republique-tcheque-progression-de-la-proportion-de-fumeurs-atteints-de-troubles-psychiques\/"},"modified":"2023-09-03T08:00:58","modified_gmt":"2023-09-03T06:00:58","slug":"republique-tcheque-progression-de-la-proportion-de-fumeurs-atteints-de-troubles-psychiques","status":"publish","type":"actualites","link":"https:\/\/www.generationsanstabac.org\/en\/actualites\/republique-tcheque-progression-de-la-proportion-de-fumeurs-atteints-de-troubles-psychiques\/","title":{"rendered":"Czech Republic: Proportion of smokers with mental health problems increases"},"content":{"rendered":"<p style=\"font-weight: 400; text-align: justify;\"><em>Une \u00e9tude de cohorte indique que la proportion de fumeurs pr\u00e9sentant des troubles psychiques consultant dans un centre de sevrage tabagique de Prague a augment\u00e9 de 4 % par an depuis 2011, les femmes \u00e9tant davantage touch\u00e9es. L\u2019arr\u00eat du tabac entra\u00eene une am\u00e9lioration de leur \u00e9tat psychique. <\/em><\/p>\n<p style=\"font-weight: 400; text-align: justify;\">Diff\u00e9rentes \u00e9tudes ont montr\u00e9 que les personnes pr\u00e9sentant des troubles psychiques sont plus souvent fumeuses que la population g\u00e9n\u00e9rale, fument plus de cigarettes par jour, et pr\u00e9sentent une plus forte d\u00e9pendance \u00e0 la nicotine ; elles ont davantage de difficult\u00e9 \u00e0 maintenir le sevrage tabagique dans la dur\u00e9e, et, au cours des ann\u00e9es, leur nombre diminue moins rapidement que celui des autres fumeurs.<\/p>\n<p style=\"font-weight: 400; text-align: justify;\">Une \u00e9quipe de chercheurs tch\u00e8ques s\u2019est pench\u00e9e sur les caract\u00e9ristiques de cette population de fumeurs parmi les consultants du Centre de traitement de la d\u00e9pendance tabagique de l\u2019H\u00f4pital g\u00e9n\u00e9ral universitaire de Prague depuis sa cr\u00e9ation en 2005<a href=\"applewebdata:\/\/581D8EAE-4AD4-49D1-B879-04BB1EFE6518#_ftn1\" name=\"_ftnref1\">[1]<\/a>.<\/p>\n<h2 style=\"font-weight: 400; text-align: justify;\"><strong>Une \u00e9tude portant sur l\u2019ensemble des patients d\u2019un centre d\u2019arr\u00eat du tabac<\/strong><\/h2>\n<p style=\"font-weight: 400; text-align: justify;\">Les donn\u00e9es des ann\u00e9es 2005, 2020 et 2021n\u2019ont pas \u00e9t\u00e9 prises en compte car consid\u00e9r\u00e9es comme atypique, de m\u00eame que celles concernant les fumeurs dont les donn\u00e9es \u00e9taient incompl\u00e8tes. Au total, \u00e0 partir des 7498 dossiers disponibles, la population retenue pour analyse \u00e9tait de 6546 fumeurs.<\/p>\n<p style=\"font-weight: 400; text-align: justify;\">Lors de leur consultation initiale, le questionnaire de Beck Depression Inventory (BDI-II) a \u00e9t\u00e9 administr\u00e9 \u00e0 chaque fumeur, et 1743 d\u2019entre eux (26,6 %) ont auto-d\u00e9clar\u00e9 un trouble psychique (anxi\u00e9t\u00e9, \u00e9tat d\u00e9pressif, trouble bipolaire, schizophr\u00e9nie), pr\u00e9sent ou pass\u00e9.<\/p>\n<h2 style=\"font-weight: 400; text-align: justify;\"><strong>Une pr\u00e9pond\u00e9rance de troubles psychiques chez les femmes<\/strong><\/h2>\n<p style=\"font-weight: 400; text-align: justify;\">Alors que les patients consultant au CTDT de Prague \u00e9taient pour 48 % des femmes et 52 % des hommes, l\u2019existence de troubles psychiques \u00e9tait d\u00e9clar\u00e9e par 34,2 % des femmes et 19,6 % des hommes. Au total, parmi les personnes d\u00e9clarant des troubles psychiques, 62 % \u00e9taient des femmes et 38 % des hommes, sugg\u00e9rant que les femmes fumeuses sont davantage sujettes aux troubles psychiques. La proportion de fumeurs d\u00e9clarant des troubles psychiques est pass\u00e9e de 23 % en 2006 \u00e0 35 % en 2019, avec une augmentation annuelle de ce pourcentage depuis 2011 d\u2019environ 4 %.<\/p>\n<p style=\"font-weight: 400; text-align: justify;\">Dans la population tch\u00e8que, la pr\u00e9valence tabagique globale est pass\u00e9e de 31 % en 2004 \u00e0 24 % en 2021, et la pr\u00e9valence de troubles psychiques \u00e9tait \u00e9valu\u00e9e \u00e0 29,6 % en 2020, avec une nette augmentation \u00e0 la suite du premier confinement, par comparaison avec 2017 (20 %)<a href=\"applewebdata:\/\/581D8EAE-4AD4-49D1-B879-04BB1EFE6518#_ftn2\" name=\"_ftnref2\">[2]<\/a>. Ainsi, le taux de personnes pr\u00e9sentant des troubles psychiques \u00e9tait plus \u00e9lev\u00e9 chez les fumeurs consultant dans ce centre que dans la population g\u00e9n\u00e9rale.<\/p>\n<p style=\"font-weight: 400; text-align: justify;\">Les chercheurs n\u2019ont pas observ\u00e9 de diff\u00e9rence entre les fumeurs selon qu\u2019ils pr\u00e9sentaient des troubles psychiques ou non concernant le nombre de cigarettes fum\u00e9es par jour et les taux de monoxyde de carbone (CO) mesur\u00e9s dans l\u2019air expir\u00e9. En revanche, les patients d\u00e9clarant des troubles psychiques avaient des scores plus \u00e9lev\u00e9s au test de Fagerstr\u00f6m mesurant la d\u00e9pendance tabagique.<\/p>\n<p style=\"font-weight: 400; text-align: justify;\">Une nette am\u00e9lioration des \u00e9tats d\u00e9pressifs \u00e9tait observ\u00e9e chez les fumeurs d\u00e9prim\u00e9s ayant arr\u00eat\u00e9 et maintenu leur abstinence sur une ann\u00e9e.<\/p>\n<h2 style=\"font-weight: 400; text-align: justify;\"><strong>Envisager une syst\u00e9matisation de la prise en charge tabacologique<\/strong><\/h2>\n<p style=\"font-weight: 400; text-align: justify;\">Vue l\u2019augmentation du nombre de fumeurs d\u00e9clarant des troubles psychiques, et vue l\u2019efficacit\u00e9 de l\u2019arr\u00eat du tabac sur certains d\u2019entre eux, les auteurs de l\u2019\u00e9tude concluent sur la n\u00e9cessit\u00e9 de ne pas n\u00e9gliger les demandes de ces fumeurs et de leur proposer des prises en charge adapt\u00e9es et plus intensives. Ils sugg\u00e8rent \u00e9galement, \u00e0 l\u2019instar d\u2019une \u00e9tude de l\u2019Observatoire fran\u00e7ais des drogues et des tendances addictives (OFDT) sur les strat\u00e9gies de sortie du tabagisme (Tabatraj)<a href=\"applewebdata:\/\/581D8EAE-4AD4-49D1-B879-04BB1EFE6518#_ftn3\" name=\"_ftnref3\">[3]<\/a>, d\u2019inclure plus syst\u00e9matiquement la prise en charge tabagique dans les soins en psychiatrie.<\/p>\n<p style=\"font-weight: 400; text-align: justify;\"><strong>Mots-cl\u00e9s : R\u00e9publique tch\u00e8que, sevrage tabagique, troubles psychiques, pr\u00e9valence.<\/strong><\/p>\n<p><strong><a href=\"https:\/\/www.generationsanstabac.org\/\">\u00a9G\u00e9n\u00e9ration Sans Tabac<\/a><\/strong><\/p>\n<p style=\"text-align: right;\"><em><strong>MF<\/strong><\/em><\/p>\n<p style=\"text-align: justify;\"><a href=\"applewebdata:\/\/581D8EAE-4AD4-49D1-B879-04BB1EFE6518#_ftnref1\" name=\"_ftn1\">[1]<\/a> Zvolska, K., Tichopad, A., Stepankova, L. et al. <a href=\"https:\/\/bmcpsychiatry.biomedcentral.com\/articles\/10.1186\/s12888-023-05115-x\"><em>Increasing prevalence of mental disorders in smokers seeking treatment of tobacco dependence: a retrospective observational study<\/em><\/a>. BMC Psychiatry, 23, 621 (2023). https:\/\/doi.org\/10.1186\/s12888-023-05115-x<\/p>\n<p style=\"text-align: justify;\"><a href=\"applewebdata:\/\/581D8EAE-4AD4-49D1-B879-04BB1EFE6518#_ftnref2\" name=\"_ftn2\">[2]<\/a> Winkler P, Formanek T, Mlada K, Kagstrom A, Mohrova Z, Mohr P, Csemy L. <a href=\"https:\/\/pubmed.ncbi.nlm.nih.gov\/32988427\/\"><em>Increase in prevalence of current mental disorders in the context of COVID-19: analysis of repeated nationwide cross-sectional surveys<\/em><\/a>. Epidemiol Psychiatr Sci. 2020 Sep 29;29:e173. doi: 10.1017\/S2045796020000888. PMID: 32988427; PMCID: PMC7573458.<\/p>\n<p style=\"text-align: justify;\"><a href=\"applewebdata:\/\/581D8EAE-4AD4-49D1-B879-04BB1EFE6518#_ftnref3\" name=\"_ftn3\">[3]<\/a> Rivierez I, <a href=\"http:\/\/www.ofdt.fr\/BDD\/publications\/docs\/epfxir2d7.pdf\"><em>Les sorties du tabagisme, un e\u0301tat de la litte\u0301rature en sciences sociales<\/em><\/a>, OFDT, rapport, juillet 2023, 40 p.<\/p>\n<p><strong><a href=\"http:\/\/www.cnct.fr\/\" target=\"_blank\" rel=\"noopener noreferrer\">Comit\u00e9 national contre le tabagisme |<\/a><\/strong><\/p>\n","protected":false},"excerpt":{"rendered":"<p>A cohort study indicates that the proportion of smokers with mental health problems attending a smoking cessation centre in Prague has increased by 4% per year since 2011.<\/p>","protected":false},"featured_media":11703,"template":"","tags":[],"thematique":[474],"class_list":["post-21168","actualites","type-actualites","status-publish","has-post-thumbnail","hentry","thematique-sante"],"acf":[],"_links":{"self":[{"href":"https:\/\/www.generationsanstabac.org\/en\/wp-json\/wp\/v2\/actualites\/21168","targetHints":{"allow":["GET"]}}],"collection":[{"href":"https:\/\/www.generationsanstabac.org\/en\/wp-json\/wp\/v2\/actualites"}],"about":[{"href":"https:\/\/www.generationsanstabac.org\/en\/wp-json\/wp\/v2\/types\/actualites"}],"version-history":[{"count":0,"href":"https:\/\/www.generationsanstabac.org\/en\/wp-json\/wp\/v2\/actualites\/21168\/revisions"}],"wp:featuredmedia":[{"embeddable":true,"href":"https:\/\/www.generationsanstabac.org\/en\/wp-json\/wp\/v2\/media\/11703"}],"wp:attachment":[{"href":"https:\/\/www.generationsanstabac.org\/en\/wp-json\/wp\/v2\/media?parent=21168"}],"wp:term":[{"taxonomy":"post_tag","embeddable":true,"href":"https:\/\/www.generationsanstabac.org\/en\/wp-json\/wp\/v2\/tags?post=21168"},{"taxonomy":"thematique","embeddable":true,"href":"https:\/\/www.generationsanstabac.org\/en\/wp-json\/wp\/v2\/thematique?post=21168"}],"curies":[{"name":"wp","href":"https:\/\/api.w.org\/{rel}","templated":true}]}}