{"id":21167,"date":"2023-09-02T08:00:36","date_gmt":"2023-09-02T06:00:36","guid":{"rendered":"https:\/\/www.generationsanstabac.org\/actualites\/comment-les-enfants-de-fumeurs-deviennent-non-fumeurs\/"},"modified":"2023-09-02T08:00:36","modified_gmt":"2023-09-02T06:00:36","slug":"comment-les-enfants-de-fumeurs-deviennent-non-fumeurs","status":"publish","type":"actualites","link":"https:\/\/www.generationsanstabac.org\/en\/actualites\/comment-les-enfants-de-fumeurs-deviennent-non-fumeurs\/","title":{"rendered":"How Children of Smokers Become Non-Smokers"},"content":{"rendered":"<p style=\"font-weight: 400; text-align: justify;\"><em>Une \u00e9tude n\u00e9o-z\u00e9landaise s\u2019est pench\u00e9e sur les d\u00e9terminants sociaux de l\u2019exp\u00e9rimentation du tabac chez les enfants de fumeurs. Elle souligne l\u2019importance de la protection contre l\u2019exposition \u00e0 la fum\u00e9e de tabac, mais aussi de l\u2019attitude parentale vis-\u00e0-vis du tabac et de l\u2019estime de soi des enfants. <\/em><\/p>\n<p style=\"font-weight: 400; text-align: justify;\">Les enfants de fumeurs sont davantage susceptibles de devenir fumeurs, en particulier lorsqu\u2019ils sont issus d\u2019un milieu socio\u00e9conomique d\u00e9favoris\u00e9. La composante ethnique peut \u00eatre \u00e9galement d\u00e9terminante, comme ont pu le d\u00e9montrer de nombreuses \u00e9tudes.<\/p>\n<p style=\"font-weight: 400; text-align: justify;\">Cette filiation a \u00e9t\u00e9 contredite en Nouvelle-Z\u00e9lande lorsque la consommation r\u00e9guli\u00e8re de tabac s\u2019est fortement r\u00e9duite chez les adolescents de 14-15 ans, passant de 22 % en 2002 \u00e0 5 % en 2015, alors qu\u2019elle d\u00e9clinait moins vite chez les adultes<a href=\"applewebdata:\/\/E088F924-C1F9-4691-AF3E-B4BB38B4B382#_ftn1\" name=\"_ftnref1\">[1]<\/a>. Chez les adolescents Maori, elle est pass\u00e9e de 43 % en 2000 \u00e0 11 % en 2016. Cette tendance s\u2019observant aussi chez les enfants de fumeurs, une \u00e9quipe de chercheurs n\u00e9o-z\u00e9landais a explor\u00e9 les d\u00e9terminants sociaux qui ont pu y contribuer.<\/p>\n<h2 style=\"font-weight: 400; text-align: justify;\"><strong>Une baisse de l\u2019initiation \u00e9galement observ\u00e9e dans les minorit\u00e9s ethniques <\/strong><\/h2>\n<p style=\"font-weight: 400; text-align: justify;\">S \u2018appuyant sur les donn\u00e9es 2016 et 2018 de la Youth Insights Survey, les chercheurs se sont concentr\u00e9s sur les 2205 adolescents dont au moins un membre de l\u2019entourage (parents, beaux-parents, grands-parents, amis ou autres) \u00e9tait fumeur, soit 41 % de l\u2019\u00e9chantillon total<a href=\"applewebdata:\/\/E088F924-C1F9-4691-AF3E-B4BB38B4B382#_ftn2\" name=\"_ftnref2\">[2]<\/a>. Ce taux d\u2019au moins un membre de l\u2019entourage fumeur s\u2019\u00e9levait \u00e0 63 % pour les adolescents Maori et issus des ethnies du Pacifique, contre 33 % pour ceux n\u2019appartenant pas \u00e0 ces ethnies. La pr\u00e9valence tabagique se situait \u00e0 cette \u00e9poque en Nouvelle-Z\u00e9lande \u00e0 15 % en moyenne chez les adultes, mais la prise en compte d\u2019un entourage \u00e9largi a d\u00e9multipli\u00e9 le taux de pr\u00e9sence des fumeurs.<\/p>\n<p style=\"font-weight: 400; text-align: justify;\">Parmi ces adolescents dont au moins un membre de l\u2019entourage \u00e9tait fumeur, 65 % n\u2019avaient jamais exp\u00e9riment\u00e9 le tabac. Les facteurs favorisant cette non-exp\u00e9rimentation \u00e9taient, par ordre d\u00e9croissant d\u2019importance :<\/p>\n<ul style=\"text-align: justify;\">\n<li>la demande \u00e9mise par les parents de ne pas fumer ;<\/li>\n<li>la non-exposition \u00e0 la fum\u00e9e de tabac dans un v\u00e9hicule ;<\/li>\n<li>la non-exposition \u00e0 la fum\u00e9e de tabac au sein du foyer ;<\/li>\n<li>le niveau d\u2019estime de soi d\u00e9velopp\u00e9 par les adolescents.<\/li>\n<\/ul>\n<p style=\"font-weight: 400; text-align: justify;\">L\u2019inscription dans un \u00e9tablissement scolaire valoris\u00e9 constituait un autre facteur protecteur, celui-ci \u00e9tant plus fortement corr\u00e9l\u00e9 au niveau socio\u00e9conomique des familles et donc moins facilement modifiable.<\/p>\n<p style=\"font-weight: 400; text-align: justify;\">Ces facteurs de protection \u00e9taient \u00e9galement observ\u00e9s chez les adolescents Maori et des ethnies du Pacifique, mais la faible pr\u00e9sence de ces derniers dans l\u2019\u00e9chantillon rendait prudente l\u2019interpr\u00e9tation des r\u00e9sultats.<\/p>\n<h2 style=\"font-weight: 400; text-align: justify;\"><strong>Double int\u00e9r\u00eat de prot\u00e9ger les enfants contre l\u2019exposition au tabac<\/strong><\/h2>\n<p style=\"font-weight: 400; text-align: justify;\">La demande des parents de ne pas fumer est le facteur le plus important et prot\u00e8ge contre l\u2019initiation au tabagisme. Une attitude plus permissive des parents se traduit en revanche par une exp\u00e9rimentation du tabac plus importante.<\/p>\n<p style=\"font-weight: 400; text-align: justify;\">Les chercheurs insistent donc sur l\u2019int\u00e9r\u00eat des consignes parentales, mais soulignent \u00e9galement celui de la protection contre l\u2019exposition \u00e0 la fum\u00e9e de tabac. Tout comme l\u2019observance de ne pas fumer au sein du foyer, l\u2019interdiction de fumer dans les v\u00e9hicules a ainsi eu une double action b\u00e9n\u00e9fique, d\u2019une part en \u00e9vitant l\u2019exposition des enfants \u00e0 la fum\u00e9e, d\u2019autre part en d\u00e9normalisant la pratique du tabagisme. Les actions de sant\u00e9 d\u00e9velopp\u00e9es au niveau communautaire apparaissent utiles et n\u00e9cessaires pour appuyer le d\u00e9clin du tabagisme, dans les minorit\u00e9s ethniques comme dans tous les groupes sociaux d\u00e9favoris\u00e9s. La question de l\u2019estime de soi paraissait plus particuli\u00e8rement saillante chez les enfants de ces minorit\u00e9s ethniques, qui souffrent d\u2019une moindre valorisation sociale.<\/p>\n<p style=\"font-weight: 400; text-align: justify;\">Ces r\u00e9sultats corroborent par ailleurs ceux d\u2019une \u00e9tude australienne r\u00e9cente, qui n\u2019a pas observ\u00e9 de corr\u00e9lation entre le fait d\u2019avoir un parent fumeur et la susceptibilit\u00e9 pour un adolescent de devenir fumeur<a href=\"applewebdata:\/\/E088F924-C1F9-4691-AF3E-B4BB38B4B382#_ftn3\" name=\"_ftnref3\">[3]<\/a>. Ces deux \u00e9tudes indiquent ainsi qu\u2019il ne saurait y avoir de fatalit\u00e9 \u00e0 devenir fumeur pour les enfants de fumeurs.<\/p>\n<p style=\"font-weight: 400; text-align: justify;\"><strong>Mots-cl\u00e9s : Nouvelle-Z\u00e9lande, adolescents, enfants de fumeurs, protection contre l\u2019exposition \u00e0 la fum\u00e9e.<\/strong><\/p>\n<p><strong><a href=\"https:\/\/www.generationsanstabac.org\/\">\u00a9G\u00e9n\u00e9ration Sans Tabac<\/a><\/strong><\/p>\n<p style=\"text-align: right;\"><b><i>MF<\/i><\/b><\/p>\n<p style=\"text-align: justify;\"><a href=\"applewebdata:\/\/E088F924-C1F9-4691-AF3E-B4BB38B4B382#_ftnref1\" name=\"_ftn1\">[1]<\/a> Ball J, Sim D, Edwards R, <a href=\"https:\/\/bmjopen.bmj.com\/content\/8\/10\/e020320\"><em>Why has adolescent smoking declined dramatically? Trend analysis using repeat cross-sectional data from New Zealand 2002\u20132015<\/em><\/a>, BMJ Open 2018;8:e020320. doi: 10.1136\/bmjopen-2017-020320.<\/p>\n<p style=\"text-align: justify;\"><a href=\"applewebdata:\/\/E088F924-C1F9-4691-AF3E-B4BB38B4B382#_ftnref2\" name=\"_ftn2\">[2]<\/a> Scully M, Greenhalgh E, Bain E, Wakefield M, Durkin S, White V, <a href=\"https:\/\/www.sciencedirect.com\/science\/article\/pii\/S1326020023052536?via%3Dihub\"><em>E-cigarette use and other risk factors associated with tobacco smoking susceptibility among Australian adolescents<\/em><\/a>, Australian and New Zealand Journal of Public Health, published online 22 August 2023, https:\/\/doi.org\/10.1016\/j.anzjph.2023.100076.<\/p>\n<p style=\"text-align: justify;\"><a href=\"applewebdata:\/\/E088F924-C1F9-4691-AF3E-B4BB38B4B382#_ftnref3\" name=\"_ftn3\">[3]<\/a> Scully M, Greenhalgh E, Bain E, Wakefield M, Durkin S, White V, <a href=\"https:\/\/www.sciencedirect.com\/science\/article\/pii\/S1326020023052536\"><em>E-cigarette use and other risk factors associated with tobacco smoking susceptibility among Australian adolescents<\/em><\/a>, Australian and New Zealand Journal of Public Health, published online 22 August 2023, https:\/\/doi.org\/10.1016\/j.anzjph.2023.100076.<\/p>\n<p><strong><a href=\"http:\/\/www.cnct.fr\/\" target=\"_blank\" rel=\"noopener noreferrer\">Comit\u00e9 national contre le tabagisme |<\/a><\/strong><\/p>\n","protected":false},"excerpt":{"rendered":"<p>A New Zealand study looked at the social determinants of tobacco experimentation among children of smokers.<\/p>","protected":false},"featured_media":11701,"template":"","tags":[],"thematique":[474],"class_list":["post-21167","actualites","type-actualites","status-publish","has-post-thumbnail","hentry","thematique-sante"],"acf":[],"_links":{"self":[{"href":"https:\/\/www.generationsanstabac.org\/en\/wp-json\/wp\/v2\/actualites\/21167","targetHints":{"allow":["GET"]}}],"collection":[{"href":"https:\/\/www.generationsanstabac.org\/en\/wp-json\/wp\/v2\/actualites"}],"about":[{"href":"https:\/\/www.generationsanstabac.org\/en\/wp-json\/wp\/v2\/types\/actualites"}],"version-history":[{"count":0,"href":"https:\/\/www.generationsanstabac.org\/en\/wp-json\/wp\/v2\/actualites\/21167\/revisions"}],"wp:featuredmedia":[{"embeddable":true,"href":"https:\/\/www.generationsanstabac.org\/en\/wp-json\/wp\/v2\/media\/11701"}],"wp:attachment":[{"href":"https:\/\/www.generationsanstabac.org\/en\/wp-json\/wp\/v2\/media?parent=21167"}],"wp:term":[{"taxonomy":"post_tag","embeddable":true,"href":"https:\/\/www.generationsanstabac.org\/en\/wp-json\/wp\/v2\/tags?post=21167"},{"taxonomy":"thematique","embeddable":true,"href":"https:\/\/www.generationsanstabac.org\/en\/wp-json\/wp\/v2\/thematique?post=21167"}],"curies":[{"name":"wp","href":"https:\/\/api.w.org\/{rel}","templated":true}]}}