{"id":21165,"date":"2023-08-31T08:00:22","date_gmt":"2023-08-31T06:00:22","guid":{"rendered":"https:\/\/www.generationsanstabac.org\/actualites\/leffet-passerelle-du-vapotage-vers-le-tabagisme-se-confirmerait-chez-les-adolescents-australiens\/"},"modified":"2023-08-31T08:00:22","modified_gmt":"2023-08-31T06:00:22","slug":"leffet-passerelle-du-vapotage-vers-le-tabagisme-se-confirmerait-chez-les-adolescents-australiens","status":"publish","type":"actualites","link":"https:\/\/www.generationsanstabac.org\/en\/actualites\/leffet-passerelle-du-vapotage-vers-le-tabagisme-se-confirmerait-chez-les-adolescents-australiens\/","title":{"rendered":"Gateway effect from vaping to smoking confirmed among Australian adolescents"},"content":{"rendered":"<p style=\"font-weight: 400; text-align: justify;\"><em>Une \u00e9tude australienne pointe que l\u2019usage de cigarettes \u00e9lectroniques est le premier facteur de risque de tabagisme chez les adolescents qui se d\u00e9clarent susceptibles de le devenir. <\/em><\/p>\n<p style=\"font-weight: 400; text-align: justify;\">Partant du constat que la susceptibilit\u00e9 de devenir fumeur est un important pr\u00e9dicteur du tabagisme, une \u00e9quipe de chercheurs australiens s\u2019est pench\u00e9e sur les facteurs de risques li\u00e9s, chez les adolescents, \u00e0 cette susceptibilit\u00e9 de devenir fumeurs.<\/p>\n<p style=\"font-weight: 400; text-align: justify;\">Ces chercheurs se sont appuy\u00e9s sur les donn\u00e9es de l\u2019\u00e9tude Australian Secondary Students\u2019 Alcohol and Drug (ASSAD), recueillies en milieu scolaire entre mai et d\u00e9cembre 2017 \u00e0 partir de questionnaires auto-administr\u00e9s<a href=\"applewebdata:\/\/5C40AEB1-0154-4930-9016-803309C89022#_ftn1\" name=\"_ftnref1\">[1]<\/a>. Des 4266 \u00e9l\u00e8ves de 12 \u00e0 17 ans interrog\u00e9s dans l\u2019\u00e9tat de Victoria, le focus s\u2019est port\u00e9 vers les 3410 d\u2019entre eux qui pr\u00e9sentaient des facteurs de risques vis-\u00e0-vis du tabagisme.<\/p>\n<p style=\"font-weight: 400; text-align: justify;\">Ces facteurs de risques ont d\u00e9j\u00e0 \u00e9t\u00e9 identifi\u00e9s \u00e0 partir d\u2019autres \u00e9tudes et englobent des facteurs d\u00e9mographiques (sexe, ethnie) et sociaux (pr\u00e9sence de fumeurs dans l\u2019entourage), ainsi que des crit\u00e8res comme l\u2019assiduit\u00e9 scolaire, le montant d\u2019argent de poche, les normes sociales (pr\u00e9sence dans les m\u00e9dias, exposition \u00e0 la fum\u00e9e de tabac), les connaissances sur le tabagisme, la perception positive ou n\u00e9gative des fumeurs, le sentiment de bien-\u00eatre et l\u2019usage d\u2019autres substances.<\/p>\n<h2 style=\"font-weight: 400; text-align: justify;\"><strong>Le vapotage, premier des facteurs de risques vers le tabagisme<\/strong><\/h2>\n<p style=\"font-weight: 400; text-align: justify;\">Les r\u00e9sultats de l\u2019\u00e9tude font appara\u00eetre que 11 % des adolescents interrog\u00e9s sont susceptibles de devenir fumeurs. Parmi ceux-ci, l\u2019exp\u00e9rimentation de cigarettes \u00e9lectroniques appara\u00eet comme le principal facteur de risques vis-\u00e0-vis de la susceptibilit\u00e9 de devenir fumeur. L\u2019odds ratio ajust\u00e9 (ORA : 3,26) est du m\u00eame ordre que celui \u00e9tabli dans une m\u00e9ta-analyse, qui montrait que les non-fumeurs ayant vapot\u00e9 ont trois fois plus de risques de devenir fumeurs que les autres non-fumeurs<a href=\"applewebdata:\/\/5C40AEB1-0154-4930-9016-803309C89022#_ftn2\" name=\"_ftnref2\">[2]<\/a>.<\/p>\n<p style=\"font-weight: 400; text-align: justify;\">Les autres facteurs de risques identifi\u00e9s dans cette susceptibilit\u00e9 de devenir fumeur \u00e9taient l\u2019impression que les fumeurs sont plus populaires (ORA : 2,87), d\u2019avoir un ami proche qui fume (ORA : 2,66), de ne pas consid\u00e9rer dangereux une consommation d\u2019une ou deux cigarettes (ORA : 2,56) et de pr\u00e9senter des sympt\u00f4mes de d\u00e9pression (ORA : 1,59).<\/p>\n<h2 style=\"font-weight: 400; text-align: justify;\"><strong>Des facteurs de risques \u00e0 prendre en compte<\/strong><\/h2>\n<p style=\"font-weight: 400; text-align: justify;\">Les auteurs de l\u2019\u00e9tude concluent que ces diff\u00e9rents facteurs de risques soulignent la part sociale du comportement tabagique tout comme l\u2019influence de la perception des produits du tabac ; ils consid\u00e8rent que ces facteurs devraient \u00eatre davantage pris en compte lors des actions de pr\u00e9vention, notamment en milieu scolaire. Les auteurs estiment \u00e9galement qu\u2019une r\u00e9glementation stricte devrait \u00eatre appliqu\u00e9e au commerce et \u00e0 la promotion des cigarettes \u00e9lectroniques, afin de prot\u00e9ger les publics les plus jeunes ; les orientations de la lutte antitabac d\u00e9finies par le gouvernement australien <a href=\"https:\/\/www.generationsanstabac.org\/actualites\/australie-audacieux-plan-de-lutte-contre-les-produits-du-tabac-et-de-la-nicotine\/\">en mai 2023<\/a> vont dans ce sens, pourvu qu\u2019elles soient strictement observ\u00e9es. Les auteurs encouragent enfin \u00e0 engager des campagnes de communication et diff\u00e9rentes strat\u00e9gies afin de corriger les perceptions erron\u00e9es associ\u00e9es au tabagisme et \u00e0 ses cons\u00e9quences sur la sant\u00e9.<\/p>\n<p style=\"font-weight: 400; text-align: justify;\"><strong>Mots-cl\u00e9s : Australie, susceptibilit\u00e9 de devenir fumeur, adolescents, vapotage, cigarette \u00e9lectronique.<\/strong><\/p>\n<p style=\"text-align: justify;\"><strong><a href=\"https:\/\/www.generationsanstabac.org\/\">\u00a9G\u00e9n\u00e9ration Sans Tabac<\/a><\/strong><\/p>\n<p style=\"text-align: right;\"><em><strong>MF<\/strong><\/em><\/p>\n<p style=\"text-align: justify;\"><a href=\"applewebdata:\/\/5C40AEB1-0154-4930-9016-803309C89022#_ftnref1\" name=\"_ftn1\">[1]<\/a> Scully M, Greenhalgh E, Bain E, Wakefield M, Durkin S, White V, <a href=\"https:\/\/www.sciencedirect.com\/science\/article\/pii\/S1326020023052536\"><em>E-cigarette use and other risk factors associated with tobacco smoking susceptibility among Australian adolescents<\/em><\/a>, Australian and New Zealand Journal of Public Health, published online 22 August 2023, https:\/\/doi.org\/10.1016\/j.anzjph.2023.100076.<\/p>\n<p style=\"text-align: justify;\"><a href=\"applewebdata:\/\/5C40AEB1-0154-4930-9016-803309C89022#_ftnref2\" name=\"_ftn2\">[2]<\/a> Baenziger ON, Ford L, Yazidjoglou A, Joshy G, Banks E, <a href=\"applewebdata:\/\/5C40AEB1-0154-4930-9016-803309C89022\/Baenziger%20ON,%20Ford%20L,%20Yazidjoglou%20A,%20Joshy%20G,%20Banks%20E,%20E-cigarette%20use%20and%20combustible%20tobacco%20cigarette%20smoking%20uptake%20among%20non-smokers,%20including%20relapse%20in%20former%20smokers:%20umbrella%20review,%20systematic%20review%20and%20meta-analysis\"><em>E-cigarette use and combustible tobacco cigarette smoking uptake among non-smokers, including relapse in former smokers: umbrella review, systematic review and meta-analysis<\/em><\/a>, BMJ Open, 11 (3) (2021 Mar 30), Article e045603<\/p>\n<p style=\"text-align: justify;\"><strong><a href=\"http:\/\/www.cnct.fr\/\" target=\"_blank\" rel=\"noopener noreferrer\">Comit\u00e9 national contre le tabagisme |<\/a><\/strong><\/p>\n","protected":false},"excerpt":{"rendered":"<p>An Australian study points out that the use of electronic cigarettes is the main risk factor for smoking among adolescents.<\/p>","protected":false},"featured_media":20801,"template":"","tags":[],"thematique":[516,474],"class_list":["post-21165","actualites","type-actualites","status-publish","has-post-thumbnail","hentry","thematique-nouveaux-produits","thematique-sante"],"acf":[],"_links":{"self":[{"href":"https:\/\/www.generationsanstabac.org\/en\/wp-json\/wp\/v2\/actualites\/21165","targetHints":{"allow":["GET"]}}],"collection":[{"href":"https:\/\/www.generationsanstabac.org\/en\/wp-json\/wp\/v2\/actualites"}],"about":[{"href":"https:\/\/www.generationsanstabac.org\/en\/wp-json\/wp\/v2\/types\/actualites"}],"version-history":[{"count":0,"href":"https:\/\/www.generationsanstabac.org\/en\/wp-json\/wp\/v2\/actualites\/21165\/revisions"}],"wp:featuredmedia":[{"embeddable":true,"href":"https:\/\/www.generationsanstabac.org\/en\/wp-json\/wp\/v2\/media\/20801"}],"wp:attachment":[{"href":"https:\/\/www.generationsanstabac.org\/en\/wp-json\/wp\/v2\/media?parent=21165"}],"wp:term":[{"taxonomy":"post_tag","embeddable":true,"href":"https:\/\/www.generationsanstabac.org\/en\/wp-json\/wp\/v2\/tags?post=21165"},{"taxonomy":"thematique","embeddable":true,"href":"https:\/\/www.generationsanstabac.org\/en\/wp-json\/wp\/v2\/thematique?post=21165"}],"curies":[{"name":"wp","href":"https:\/\/api.w.org\/{rel}","templated":true}]}}