{"id":21163,"date":"2023-08-29T08:00:08","date_gmt":"2023-08-29T06:00:08","guid":{"rendered":"https:\/\/www.generationsanstabac.org\/actualites\/une-meta-analyse-confirme-limpact-sur-la-sante-des-mesures-de-protection-contre-lexposition-a-la-fumee-de-tabac\/"},"modified":"2023-08-29T08:00:08","modified_gmt":"2023-08-29T06:00:08","slug":"une-meta-analyse-confirme-limpact-sur-la-sante-des-mesures-de-protection-contre-lexposition-a-la-fumee-de-tabac","status":"publish","type":"actualites","link":"https:\/\/www.generationsanstabac.org\/en\/actualites\/une-meta-analyse-confirme-limpact-sur-la-sante-des-mesures-de-protection-contre-lexposition-a-la-fumee-de-tabac\/","title":{"rendered":"Meta-analysis confirms health impact of protective measures against exposure to tobacco smoke"},"content":{"rendered":"<p style=\"font-weight: 400; text-align: justify;\"><em>Conduite \u00e0 partir de 144 \u00e9tudes sur les politiques de lutte contre le tabagisme, une m\u00e9ta-analyse a \u00e9tudi\u00e9 leurs cons\u00e9quences sur la sant\u00e9 des populations. Elle en conclut une r\u00e9duction significative de la morbidit\u00e9 et de la mortalit\u00e9 dues aux politiques de protection contre l\u2019exposition \u00e0 la fum\u00e9e de tabac. <\/em><\/p>\n<p style=\"font-weight: 400; text-align: justify;\">Douze m\u00e9ta-analyses et revues exhaustives de la litt\u00e9rature ont d\u00e9j\u00e0 questionn\u00e9 le lien entre les mesures de lutte contre le tabagisme et leur incidence sur la sant\u00e9 des populations. Toutefois, celles-ci se focalisaient g\u00e9n\u00e9ralement sur une ou certaines mesures de lutte contre le tabac. Une \u00e9quipe de chercheurs japonais, bangladais et camerounais a engag\u00e9 une m\u00e9ta-analyse plus globale, afin d\u2019estimer l\u2019impact sur les questions de sant\u00e9 de l\u2019ensemble de ces politiques antitabac.<\/p>\n<h2 style=\"font-weight: 400; text-align: justify;\"><strong>Un r\u00f4le clairement positif sur la sant\u00e9 de la protection contre la fum\u00e9e de tabac <\/strong><\/h2>\n<p style=\"font-weight: 400; text-align: justify;\">La m\u00e9ta-analyse de ces chercheurs s\u2019est appuy\u00e9e sur 144 \u00e9tudes, qu\u2019elles soient observationnelles ou quasi-exp\u00e9rimentales<a href=\"applewebdata:\/\/1C3B018D-FE1D-48E7-B533-BA2BC7D7D193#_ftn1\" name=\"_ftnref1\">[1]<\/a>. Tous les types de politiques antitabac ont \u00e9t\u00e9 inclus, qu\u2019il s\u2019agisse d\u2019une mesure isol\u00e9e ou d\u2019un ensemble complet de mesure. Le champ des incidences sur la sant\u00e9 \u00e9tait \u00e9galement tr\u00e8s large, incluant sympt\u00f4mes et maladies li\u00e9es au tabagisme.<\/p>\n<p style=\"font-weight: 400; text-align: justify;\">Parmi les 60 \u00e9tudes qui s\u2019appuyaient sur des informations quantitatives et se sont av\u00e9r\u00e9es les plus exploitables, un focus a \u00e9t\u00e9 port\u00e9 sur les \u00e9tudes les plus nombreuses, celles centr\u00e9es sur les effets sur la sant\u00e9 des populations des politiques de protection contre l\u2019exposition \u00e0 la fum\u00e9e de tabac. Il en ressort que ces mesures ont entra\u00een\u00e9 une r\u00e9duction significative des maladies et de la mortalit\u00e9 par maladies cardiovasculaires et respiratoires, des effets ind\u00e9sirables sur la naissance, ainsi que du nombre d\u2019hospitalisations, la moindre exposition passive des individus \u00e0 la fum\u00e9e de tabac expliquant ces effets positifs sur la sant\u00e9.<\/p>\n<h2 style=\"font-weight: 400; text-align: justify;\"><strong>Une invitation \u00e0 g\u00e9n\u00e9raliser les espaces sans tabac <\/strong><\/h2>\n<p style=\"font-weight: 400; text-align: justify;\">Concernant les autres mesures de lutte contre le tabac, les r\u00e9sultats \u00e9taient peu interpr\u00e9tables compte-tenu du caract\u00e8re trop h\u00e9t\u00e9rog\u00e8ne et de ce fait peu comparable des \u00e9tudes. D\u2019autres m\u00e9ta-analyses ont par ailleurs d\u00e9j\u00e0 d\u00e9montr\u00e9 la r\u00e9duction de la pr\u00e9valence tabagique du fait des augmentations de taxes, de l\u2019introduction des avertissements sanitaires, de l\u2019interdiction de la publicit\u00e9 pour les produits du tabac, et des restrictions impos\u00e9es sur le marketing du tabac.<\/p>\n<p style=\"font-weight: 400; text-align: justify;\">Au final, les auteurs retiennent que les politiques de protection contre l\u2019exposition \u00e0 la fum\u00e9e de tabac ont pu formellement montrer une incidence positive significative sur la sant\u00e9 des populations. Ils invitent \u00e0 g\u00e9n\u00e9raliser les lieux clos non-fumeurs et les espaces ext\u00e9rieurs sans tabac. Ce type de mesures fait partie des six axes du <a href=\"https:\/\/www.generationsanstabac.org\/actualites\/loms-confirme-que-les-mesures-antitabac-permettent-de-proteger-davantage-de-personnes-dans-le-monde\/\">programme MPOWER<\/a>, promu par l\u2019Organisation Mondiale de la Sant\u00e9 (OMS) et con\u00e7u pour r\u00e9duire la pr\u00e9valence tabagique<a href=\"applewebdata:\/\/1C3B018D-FE1D-48E7-B533-BA2BC7D7D193#_ftn2\" name=\"_ftnref2\">[2]<\/a>.<\/p>\n<p style=\"font-weight: 400; text-align: justify;\"><strong>Mots-cl\u00e9s : politiques antitabac, m\u00e9ta-analyse, interdiction de fumer, politique fiscale.<\/strong><\/p>\n<p><strong><a href=\"https:\/\/www.generationsanstabac.org\/\">\u00a9G\u00e9n\u00e9ration Sans Tabac<\/a><\/strong><\/p>\n<p style=\"text-align: right;\"><em><strong>MF<\/strong><\/em><\/p>\n<hr \/>\n<p style=\"text-align: justify;\"><a href=\"applewebdata:\/\/1C3B018D-FE1D-48E7-B533-BA2BC7D7D193#_ftnref1\" name=\"_ftn1\">[1]<\/a> Akter S, Islam MR, Rahman MM, et al. <a href=\"applewebdata:\/\/1C3B018D-FE1D-48E7-B533-BA2BC7D7D193\/v\"><em>Evaluation of Population-Level Tobacco Control Interventions and Health Outcomes: A Systematic Review and Meta-Analysis<\/em><\/a>. JAMA Netw Open. 2023;6(7):e2322341. doi:10.1001\/jamanetworkopen.2023.22341<\/p>\n<p style=\"text-align: justify;\"><a href=\"applewebdata:\/\/1C3B018D-FE1D-48E7-B533-BA2BC7D7D193#_ftnref2\" name=\"_ftn2\">[2]<\/a> WHO, <a href=\"https:\/\/www.who.int\/publications\/i\/item\/9789240077164\"><em>WHO report on the global tobacco epidemic, 2023, Protect people from tobacco smoke<\/em><\/a>, 2023, rapport, 248 p.<\/p>\n<p><strong><a href=\"http:\/\/www.cnct.fr\/\" target=\"_blank\" rel=\"noopener noreferrer\">Comit\u00e9 national contre le tabagisme |<\/a><\/strong><\/p>\n","protected":false},"excerpt":{"rendered":"<p>Conducted from 144 studies on tobacco control policies, a meta-analysis studied their consequences on the health of populations.<\/p>","protected":false},"featured_media":11674,"template":"","tags":[],"thematique":[474],"class_list":["post-21163","actualites","type-actualites","status-publish","has-post-thumbnail","hentry","thematique-sante"],"acf":[],"_links":{"self":[{"href":"https:\/\/www.generationsanstabac.org\/en\/wp-json\/wp\/v2\/actualites\/21163","targetHints":{"allow":["GET"]}}],"collection":[{"href":"https:\/\/www.generationsanstabac.org\/en\/wp-json\/wp\/v2\/actualites"}],"about":[{"href":"https:\/\/www.generationsanstabac.org\/en\/wp-json\/wp\/v2\/types\/actualites"}],"version-history":[{"count":0,"href":"https:\/\/www.generationsanstabac.org\/en\/wp-json\/wp\/v2\/actualites\/21163\/revisions"}],"wp:featuredmedia":[{"embeddable":true,"href":"https:\/\/www.generationsanstabac.org\/en\/wp-json\/wp\/v2\/media\/11674"}],"wp:attachment":[{"href":"https:\/\/www.generationsanstabac.org\/en\/wp-json\/wp\/v2\/media?parent=21163"}],"wp:term":[{"taxonomy":"post_tag","embeddable":true,"href":"https:\/\/www.generationsanstabac.org\/en\/wp-json\/wp\/v2\/tags?post=21163"},{"taxonomy":"thematique","embeddable":true,"href":"https:\/\/www.generationsanstabac.org\/en\/wp-json\/wp\/v2\/thematique?post=21163"}],"curies":[{"name":"wp","href":"https:\/\/api.w.org\/{rel}","templated":true}]}}