{"id":21157,"date":"2023-08-21T08:00:07","date_gmt":"2023-08-21T06:00:07","guid":{"rendered":"https:\/\/www.generationsanstabac.org\/actualites\/le-plaidoyer-et-la-communication-en-matiere-de-sante-peuvent-etre-des-outils-puissants-pour-reduire-le-tabagisme-en-afrique\/"},"modified":"2025-01-16T15:49:58","modified_gmt":"2025-01-16T14:49:58","slug":"le-plaidoyer-et-la-communication-en-matiere-de-sante-peuvent-etre-des-outils-puissants-pour-reduire-le-tabagisme-en-afrique","status":"publish","type":"actualites","link":"https:\/\/www.generationsanstabac.org\/en\/actualites\/le-plaidoyer-et-la-communication-en-matiere-de-sante-peuvent-etre-des-outils-puissants-pour-reduire-le-tabagisme-en-afrique\/","title":{"rendered":"Health advocacy and communication can be powerful tools to reduce tobacco use in Africa"},"content":{"rendered":"<p style=\"font-weight: 400;text-align: justify\"><em>Les pays africains sont confront\u00e9s \u00e0 une augmentation du tabagisme. L&rsquo;Afrique subsaharienne a connu la plus forte hausse relative au nombre de fumeurs par rapport aux autres r\u00e9gions et devrait devenir l&rsquo;\u00e9picentre de l&rsquo;\u00e9pid\u00e9mie de tabagisme. Le plaidoyer et la communication sur les effets sanitaires et \u00e9conomiques du tabac sont essentiels pour mobiliser et responsabiliser le public, en particulier les jeunes, et pour informer et \u00e9duquer les d\u00e9cideurs politiques et les autres parties prenantes sur les solutions \u00e0 apporter \u00e0 l&rsquo;\u00e9pid\u00e9mie mondiale de tabagisme<a href=\"\/\/DF7617C6-315A-483E-9EAC-B568D360ADA7#_ftn1\" name=\"_ftnref1\"><strong>[1]<\/strong><\/a>.<\/em><\/p>\n<p style=\"font-weight: 400;text-align: justify\">De nombreux pays africains peinent \u00e0 mettre en \u0153uvre des politiques antitabac efficaces. Les avertissements sanitaires sur les paquets de cigarettes, les interdictions de fumer dans les lieux publics, et les interdictions de publicit\u00e9 pour les produits du tabac dans les lieux de vente n\u2019ont \u00e9t\u00e9 adopt\u00e9s que par environ un tiers des pays de l\u2019Afrique subsaharienne. Une situation souvent exacerb\u00e9e par une mauvaise application des textes et l\u2019absence de contr\u00f4les et par la forte ing\u00e9rence de l\u2019industrie du tabac<a href=\"\/\/DF7617C6-315A-483E-9EAC-B568D360ADA7#_ftn2\" name=\"_ftnref2\">[2]<\/a>.<\/p>\n<h2 style=\"font-weight: 400;text-align: justify\"><strong>Le fardeau sanitaire et \u00e9conomique du tabagisme en Afrique<\/strong><\/h2>\n<p style=\"font-weight: 400;text-align: justify\">On pr\u00e9voit que d&rsquo;ici 2025, l&rsquo;Afrique comptera environ 84 millions de fumeurs, soit une augmentation de 61,5 % du nombre de fumeurs par rapport \u00e0 l\u2019ann\u00e9e 2000. En outre, la population jeune de la r\u00e9gion africaine devrait doubler d&rsquo;ici 2050, ce qui fait de l&rsquo;Afrique une destination attrayante pour l&rsquo;industrie du tabac. Or, sur un continent o\u00f9 les ressources allou\u00e9es aux soins de sant\u00e9 sont limit\u00e9es et o\u00f9 les infrastructures sanitaires sont limit\u00e9es, l&rsquo;augmentation rapide de la consommation de tabac dans la r\u00e9gion risque d&rsquo;avoir des cons\u00e9quences d\u00e9vastatrices sur le syst\u00e8me de sant\u00e9 et la sant\u00e9 des populations.<\/p>\n<p style=\"font-weight: 400;text-align: justify\">Le tabagisme repr\u00e9sente \u00e9galement une charge \u00e9conomique de plus en plus lourde pour les pays africains. Sans prendre en compte toutes les externalit\u00e9s n\u00e9gatives du tabac, ce fardeau comprend notamment le co\u00fbt du traitement des maladies li\u00e9es au tabac ainsi que les pertes de productivit\u00e9 dues aux maladies et aux d\u00e9c\u00e8s pr\u00e9matur\u00e9s. Un r\u00e9cent rapport de l\u2019OMS a montr\u00e9 que l\u2019augmentation de l\u2019incidence des maladies non-transmissibles menacent les progr\u00e8s en sant\u00e9 r\u00e9alis\u00e9s en Afrique ces derni\u00e8res ann\u00e9es. La consommation croissante de tabac, l\u2019alcool et la consommation d\u2019aliments transform\u00e9s sont particuli\u00e8rement \u00e0 l\u2019origine de la progression des maladies non transmissibles<a href=\"\/\/DF7617C6-315A-483E-9EAC-B568D360ADA7#_ftn3\" name=\"_ftnref3\">[3]<\/a>.<\/p>\n<h2 style=\"font-weight: 400;text-align: justify\"><strong>La communication et la sensibilisation : une composante de la r\u00e9duction du tabagisme<\/strong><\/h2>\n<p style=\"font-weight: 400;text-align: justify\">L&rsquo;Organisation mondiale de la sant\u00e9 (OMS) reconna\u00eet, dans les strat\u00e9gies \u00e0 mettre en \u0153uvre, l\u2019importance de la sensibilisation et de la communication pour promouvoir la lutte antitabac. Les campagnes d\u2019informations peuvent inciter les individus \u00e0 modifier leur comportement et les communaut\u00e9s \u00e0 adopter des politiques visant \u00e0 r\u00e9duire le tabagisme, \u00e0 pr\u00e9venir l&rsquo;initiation au tabac et \u00e0 limiter l&rsquo;exposition au tabagisme passif. La<a href=\"https:\/\/apps.who.int\/iris\/bitstream\/handle\/10665\/42812\/9242591017.pdf\"> Convention-cadre de l\u2019OMS pour la lutte antitabac<\/a> (CCLAT) cite ainsi les campagnes de sensibilisation du public comme une dimension incontournable des politiques publiques de lutte antitabac. L\u2019Article 12 de la CCLAT \u00e9nonce que <em>\u00ab chaque Partie s\u2019efforce de promouvoir et de renforcer la sensibilisation du public aux questions ayant trait \u00e0 la lutte antitabac, en utilisant, selon qu\u2019il conviendra, tous les outils de communication disponibles <\/em>\u00bb. En juillet 2022, Sant\u00e9 Publique France et le secr\u00e9tariat de la CCLAT ont sign\u00e9 un m\u00e9morandum d\u2019accord pour la cr\u00e9ation d\u2019un p\u00f4le de connaissance sur le tabac. Cette plateforme, bilingue en anglais et fran\u00e7ais, aura pour objectif de favoriser le transfert de connaissances entre les Parties au trait\u00e9 notamment les pays francophones d\u2019Afrique et vers les acteurs concern\u00e9s afin de renforcer la mise en \u0153uvre d\u2019actions efficaces en mati\u00e8re de lutte contre le tabac dans ces pays, conform\u00e9ment \u00e0 l\u2019article 12<a href=\"\/\/DF7617C6-315A-483E-9EAC-B568D360ADA7#_ftn4\" name=\"_ftnref4\">[4]<\/a>.<\/p>\n<p style=\"font-weight: 400;text-align: justify\">Les campagnes de pr\u00e9vention permettent \u00e0 la fois d&rsquo;obtenir le soutien du public pour des politiques et des programmes solides de lutte contre le tabagisme. Elles informent le public et les d\u00e9cideurs des enjeux de la r\u00e9duction des maladies et d\u00e9c\u00e8s li\u00e9s au tabagisme. Elles permettent aussi de r\u00e9duire les disparit\u00e9s de sant\u00e9 li\u00e9es au tabagisme car elles peuvent toucher diff\u00e9rents publics cibles.<\/p>\n<p style=\"font-weight: 400;text-align: justify\">Les communications en mati\u00e8re de sant\u00e9 et plus particuli\u00e8rement celle sur les nombreux risques de la consommation du tabac viennent contrer les actions promotionnelles en faveur du tabac d\u00e9ploy\u00e9es par l\u2019industrie du tabac en particulier dans les pays africains. Elles tentent \u00e9galement de faire face aux initiatives de d\u00e9sinformation sur le sujet. La culture du doute et les infox entretenues par l\u2019industrie du tabac restent un obstacle majeur \u00e0 la mise en place de mesures antitabac efficaces dans de nombreux pays.<\/p>\n<p style=\"font-weight: 400;text-align: justify\">Les communications en mati\u00e8re de sant\u00e9 sont par ailleurs relativement ais\u00e9es \u00e0 mettre en place ; elles touchent rapidement une grande partie de la population et peuvent \u00eatre diffus\u00e9es via diff\u00e9rents canaux notamment dans les m\u00e9dias traditionnels (t\u00e9l\u00e9vision, radio, sur des panneaux d&rsquo;affichage, dans les transports en commun, sur des plateformes en ligne ou dans la presse \u00e9crite) ou sur des canaux digitaux comme les r\u00e9seaux sociaux tr\u00e8s pris\u00e9s par les jeunes g\u00e9n\u00e9rations.<\/p>\n<p style=\"font-weight: 400;text-align: justify\">Diverses campagnes de communication ont \u00e9t\u00e9 \u00e9valu\u00e9es et ont d\u00e9montr\u00e9 leur efficacit\u00e9 \u00e0 la fois pour sauver des vies et \u00e9conomiser des milliards de dollars en soins de sant\u00e9. En 2012, la campagne nationale d&rsquo;\u00e9ducation sur le tabac USA Tips From Former Smokers\u00ae a co\u00fbt\u00e9 48 millions de dollars et a incit\u00e9 100 000 fumeurs \u00e0 arr\u00eater d\u00e9finitivement de fumer. Ceci aurait permis d&rsquo;\u00e9viter plus de 17 000 d\u00e9c\u00e8s pr\u00e9matur\u00e9s. En France, une \u00e9tude, qui a \u00e9valu\u00e9 l\u2019efficacit\u00e9 de la campagne \u00ab Mois sans tabac \u00bb, indique ainsi que le dispositif a permis de d\u00e9clencher 1,8 million de tentatives d\u2019arr\u00eat entre 2016 et 2019<a href=\"\/\/DF7617C6-315A-483E-9EAC-B568D360ADA7#_ftn5\" name=\"_ftnref5\">[5]<\/a>.<\/p>\n<p style=\"text-align: justify\"><strong>Mots-cl\u00e9s : Afrique, lutte antitabac, pr\u00e9vention, sensibilisation, campagnes m\u00e9diatiques, Article 12, CCLAT, arr\u00eat du tabac<\/strong><\/p>\n<p><strong><a href=\"https:\/\/www.generationsanstabac.org\/\">\u00a9G\u00e9n\u00e9ration Sans Tabac<\/a><\/strong><\/p>\n<p style=\"text-align: right\"><em><strong>AE<\/strong><\/em><\/p>\n<p style=\"text-align: justify\"><a href=\"\/\/DF7617C6-315A-483E-9EAC-B568D360ADA7#_ftnref1\" name=\"_ftn1\">[1]<\/a> Chimezie Anyakora, Ofure Odibeli, <a href=\"https:\/\/businessday.ng\/columnist\/article\/advocacy-and-health-communication-a-key-strategy-for-tobacco-control-in-africa\/\">Advocacy and health communication: A key strategy for tobacco control in Africa<\/a>, Business Day, publi\u00e9 le 15 ao\u00fbt 2023, consult\u00e9 le 17 ao\u00fbt 2023<\/p>\n<p style=\"text-align: justify\"><a href=\"\/\/DF7617C6-315A-483E-9EAC-B568D360ADA7#_ftnref2\" name=\"_ftn2\">[2]<\/a> G\u00e9n\u00e9ration sans tabac, <a href=\"https:\/\/www.generationsanstabac.org\/actualites\/afrique-lingerence-de-lindustrie-du-tabac-rend-difficile-la-mise-en-place-de-mesures-antitabac\/\">Afrique : l\u2019ing\u00e9rence de l\u2019industrie du tabac rend difficile la mise en place de mesures antitabac<\/a>, publi\u00e9 le 5 ao\u00fbt 2023, consult\u00e9 le 17 ao\u00fbt 2023<\/p>\n<p style=\"text-align: justify\"><a href=\"\/\/DF7617C6-315A-483E-9EAC-B568D360ADA7#_ftnref3\" name=\"_ftn3\">[3]<\/a> G\u00e9n\u00e9ration sans tabac,<a href=\"https:\/\/www.generationsanstabac.org\/actualites\/les-maladies-non-transmissibles-menacent-les-progres-en-sante-realises-en-afrique-ces-dernieres-annees\/\"> Les maladies non-transmissibles menacent les progr\u00e8s en sant\u00e9 r\u00e9alis\u00e9s en Afrique ces derni\u00e8res ann\u00e9es<\/a>, publi\u00e9 le 23 mars 2023, consult\u00e9 le 17 ao\u00fbt 2023<\/p>\n<p style=\"text-align: justify\"><a href=\"\/\/DF7617C6-315A-483E-9EAC-B568D360ADA7#_ftnref4\" name=\"_ftn4\">[4]<\/a> G\u00e9n\u00e9ration sans tabac,<a href=\"https:\/\/www.generationsanstabac.org\/actualites\/signature-dun-accord-entre-sante-publique-france-et-le-secretariat-de-la-convention-cadre-de-loms\/\"> Signature d\u2019un accord entre Sant\u00e9 Publique France et le secr\u00e9tariat de la Convention-Cadre de l\u2019OMS<\/a>, publi\u00e9 le 7 juillet 2022, consult\u00e9 le 17 ao\u00fbt 2023<\/p>\n<p style=\"text-align: justify\"><a href=\"\/\/DF7617C6-315A-483E-9EAC-B568D360ADA7#_ftnref5\" name=\"_ftn5\">[5]<\/a> G\u00e9n\u00e9ration sans tabac, <a href=\"https:\/\/www.generationsanstabac.org\/article\/mois-sans-tabac-utilisation-du-marketing-social-dans-la-lutte-antitabac\/\">Mois sans tabac : utilisation du marketing social dans la lutte antitabac<\/a>, publi\u00e9 le 23 d\u00e9cembre 2021, consult\u00e9 le 17 ao\u00fbt 2023<\/p>\n<p><strong><a href=\"http:\/\/www.cnct.fr\/\" target=\"_blank\" rel=\"noopener noreferrer\">Comit\u00e9 national contre le tabagisme |<\/a><\/strong><\/p>\n","protected":false},"excerpt":{"rendered":"<p>Faced with an increase in smoking in Africa, advocacy and communication on the health and economic effects of tobacco are essential to mobilize and empower the public.<\/p>","protected":false},"featured_media":11687,"template":"","tags":[],"thematique":[474,565],"class_list":["post-21157","actualites","type-actualites","status-publish","has-post-thumbnail","hentry","thematique-sante","thematique-sensibilisation"],"acf":[],"_links":{"self":[{"href":"https:\/\/www.generationsanstabac.org\/en\/wp-json\/wp\/v2\/actualites\/21157","targetHints":{"allow":["GET"]}}],"collection":[{"href":"https:\/\/www.generationsanstabac.org\/en\/wp-json\/wp\/v2\/actualites"}],"about":[{"href":"https:\/\/www.generationsanstabac.org\/en\/wp-json\/wp\/v2\/types\/actualites"}],"version-history":[{"count":0,"href":"https:\/\/www.generationsanstabac.org\/en\/wp-json\/wp\/v2\/actualites\/21157\/revisions"}],"wp:featuredmedia":[{"embeddable":true,"href":"https:\/\/www.generationsanstabac.org\/en\/wp-json\/wp\/v2\/media\/11687"}],"wp:attachment":[{"href":"https:\/\/www.generationsanstabac.org\/en\/wp-json\/wp\/v2\/media?parent=21157"}],"wp:term":[{"taxonomy":"post_tag","embeddable":true,"href":"https:\/\/www.generationsanstabac.org\/en\/wp-json\/wp\/v2\/tags?post=21157"},{"taxonomy":"thematique","embeddable":true,"href":"https:\/\/www.generationsanstabac.org\/en\/wp-json\/wp\/v2\/thematique?post=21157"}],"curies":[{"name":"wp","href":"https:\/\/api.w.org\/{rel}","templated":true}]}}