{"id":21139,"date":"2023-08-02T08:00:54","date_gmt":"2023-08-02T06:00:54","guid":{"rendered":"https:\/\/www.generationsanstabac.org\/actualites\/demande-dannulation-dun-salon-du-vapotage-en-coree-du-sud-pour-des-questions-de-sante\/"},"modified":"2023-08-02T08:00:54","modified_gmt":"2023-08-02T06:00:54","slug":"demande-dannulation-dun-salon-du-vapotage-en-coree-du-sud-pour-des-questions-de-sante","status":"publish","type":"actualites","link":"https:\/\/www.generationsanstabac.org\/en\/actualites\/demande-dannulation-dun-salon-du-vapotage-en-coree-du-sud-pour-des-questions-de-sante\/","title":{"rendered":"South Korea vape show canceled over health concerns"},"content":{"rendered":"<p style=\"font-weight: 400; text-align: justify;\"><em>Le minist\u00e8re sud-cor\u00e9en de la Sant\u00e9 fait valoir que plusieurs dispositions de protection du public ne sont pas respect\u00e9es dans l\u2019organisation du salon annuel consacr\u00e9 au vapotage et aux cigarettes \u00e9lectroniques.    <\/em><\/p>\n<p style=\"font-weight: 400; text-align: justify;\">C\u2019est au Kintex de la ville de Goyang que doit se tenir du 21 au 23 juillet le quatri\u00e8me Korea Vape Show 2023, le rendez-vous annuel des fabricants de cigarettes \u00e9lectroniques. Son annulation a cependant \u00e9t\u00e9 demand\u00e9e le 12 juillet par le minist\u00e8re de la Sant\u00e9 et des affaires sociales, <em>\u00ab dans une perspective de promotion de la sant\u00e9 \u00bb<a href=\"applewebdata:\/\/2712C88D-FE5C-41E7-B39F-C375AAC054FE#_ftn1\" name=\"_ftnref1\"><strong>[1]<\/strong><\/a>.<\/em><\/p>\n<h2 style=\"font-weight: 400; text-align: justify;\"><strong>La pr\u00e9sence d\u2019adolescents et les comp\u00e9titions de vapotage mises en cause<\/strong><\/h2>\n<p style=\"font-weight: 400; text-align: justify;\">Dans un courrier adress\u00e9 aux organisateurs, le minist\u00e8re invoque que de nombreux adolescents risquent de fr\u00e9quenter ce salon si les entr\u00e9es ne sont pas contr\u00f4l\u00e9es. Il d\u00e9nonce aussi le fait que des comp\u00e9titions, sur sc\u00e8ne ouverte, de nuages de vapotage sont organis\u00e9es durant le salon, en violation de la r\u00e9glementation sur le vapotage dans les lieux publics. Des photos de ces comp\u00e9titions sont par ailleurs relay\u00e9es sur le site web des organisateurs du salon.<\/p>\n<p style=\"font-weight: 400; text-align: justify;\">Semble-t-il faute de pouvoir lui-m\u00eame l\u2019annuler, le minist\u00e8re de la Sant\u00e9 menace d\u2019exercer une mission de contr\u00f4le durant le premier jour du salon et d\u2019infliger des amendes en cas de violation de la loi. Cette derni\u00e8re pr\u00e9voit notamment que la consommation de cigarettes \u00e9lectroniques soit strictement limit\u00e9e \u00e0 des espaces clos et d\u00e9di\u00e9s \u00e0 cet effet.<\/p>\n<h2 style=\"font-weight: 400; text-align: justify;\"><strong>Les organisateurs rechignent \u00e0 mettre en place des mesures de protection<\/strong><\/h2>\n<p style=\"font-weight: 400; text-align: justify;\">A la suite de ce courrier, le Kintex a lui-m\u00eame \u00e9crit trois fois aux organisateurs pour leur demander d\u2019annuler ce salon. Ces derniers ont r\u00e9pondu par la n\u00e9gative et ont mentionn\u00e9 avoir pris les mesures n\u00e9cessaires, sans vouloir les d\u00e9tailler malgr\u00e9 les relances. Ils ont avanc\u00e9 qu\u2019aucune des trois \u00e9ditions pr\u00e9c\u00e9dentes n\u2019avait \u00e9t\u00e9 contest\u00e9e par les responsables locaux de sant\u00e9 publique qui s\u2019y \u00e9taient rendus. Des informations locales ont toutefois r\u00e9v\u00e9l\u00e9 que, lors des pr\u00e9c\u00e9dentes \u00e9ditions, les organisateurs avaient \u00e9vit\u00e9 des sanctions pour violation de la r\u00e9glementation en vigueur parce qu\u2019ils avaient temporairement suspendant ce type de comp\u00e9tition durant les visites d\u2019inspection.<\/p>\n<p style=\"font-weight: 400; text-align: justify;\"><strong>Mots-cl\u00e9s : Cor\u00e9e du Sud, Korea Vape Show 2023, cigarettes \u00e9lectroniques.<\/strong><\/p>\n<p style=\"text-align: justify;\"><strong><a href=\"https:\/\/www.generationsanstabac.org\/\">\u00a9G\u00e9n\u00e9ration Sans Tabac<\/a><\/strong><\/p>\n<p style=\"text-align: right;\"><em><strong>MF<\/strong><\/em><\/p>\n<p><a href=\"applewebdata:\/\/2712C88D-FE5C-41E7-B39F-C375AAC054FE#_ftnref1\" name=\"_ftn1\">[1]<\/a> Han-Soo L, <a href=\"https:\/\/www.koreabiomed.com\/news\/articleView.html?idxno=21571\"><em>Health ministry urges cancellation of e-cigarette show, citing safety concerns<\/em><\/a>, Korea Biomedical Review, publi\u00e9 le 12 juillet 2023, consult\u00e9 le 13 juillet 2023.<\/p>\n<p><strong><a href=\"http:\/\/www.cnct.fr\/\" target=\"_blank\" rel=\"noopener noreferrer\">Comit\u00e9 national contre le tabagisme |<\/a><\/strong><\/p>\n","protected":false},"excerpt":{"rendered":"<p>South Korea&#039;s health ministry says several public protection provisions are not being followed in the organization of the annual trade show dedicated to vaping and e-cigarettes.<\/p>","protected":false},"featured_media":21140,"template":"","tags":[],"thematique":[474],"class_list":["post-21139","actualites","type-actualites","status-publish","has-post-thumbnail","hentry","thematique-sante"],"acf":[],"_links":{"self":[{"href":"https:\/\/www.generationsanstabac.org\/en\/wp-json\/wp\/v2\/actualites\/21139","targetHints":{"allow":["GET"]}}],"collection":[{"href":"https:\/\/www.generationsanstabac.org\/en\/wp-json\/wp\/v2\/actualites"}],"about":[{"href":"https:\/\/www.generationsanstabac.org\/en\/wp-json\/wp\/v2\/types\/actualites"}],"version-history":[{"count":0,"href":"https:\/\/www.generationsanstabac.org\/en\/wp-json\/wp\/v2\/actualites\/21139\/revisions"}],"wp:featuredmedia":[{"embeddable":true,"href":"https:\/\/www.generationsanstabac.org\/en\/wp-json\/wp\/v2\/media\/21140"}],"wp:attachment":[{"href":"https:\/\/www.generationsanstabac.org\/en\/wp-json\/wp\/v2\/media?parent=21139"}],"wp:term":[{"taxonomy":"post_tag","embeddable":true,"href":"https:\/\/www.generationsanstabac.org\/en\/wp-json\/wp\/v2\/tags?post=21139"},{"taxonomy":"thematique","embeddable":true,"href":"https:\/\/www.generationsanstabac.org\/en\/wp-json\/wp\/v2\/thematique?post=21139"}],"curies":[{"name":"wp","href":"https:\/\/api.w.org\/{rel}","templated":true}]}}