{"id":21127,"date":"2023-07-19T08:00:09","date_gmt":"2023-07-19T06:00:09","guid":{"rendered":"https:\/\/www.generationsanstabac.org\/actualites\/linterdiction-des-aromes-efficace-pour-reduire-la-consommation-de-cigarette-electronique-chez-les-jeunes\/"},"modified":"2023-07-19T08:00:09","modified_gmt":"2023-07-19T06:00:09","slug":"linterdiction-des-aromes-efficace-pour-reduire-la-consommation-de-cigarette-electronique-chez-les-jeunes","status":"publish","type":"actualites","link":"https:\/\/www.generationsanstabac.org\/en\/actualites\/linterdiction-des-aromes-efficace-pour-reduire-la-consommation-de-cigarette-electronique-chez-les-jeunes\/","title":{"rendered":"Flavor ban effective in reducing e-cigarette use among youth"},"content":{"rendered":"<p style=\"text-align: justify;\"><em>Selon une \u00e9tude r\u00e9cemment publi\u00e9e dans le Journal of Studies on Alcohol and Drugs, une interdiction totale des ar\u00f4mes \u00e0 l\u2019exception de la saveur menthol et tabac serait susceptible d\u2019amener les adolescents et les jeunes adultes utilisateurs de cigarettes \u00e9lectroniques \u00e0 arr\u00eater leur consommation. Ces r\u00e9sultats sont fortement major\u00e9s si l\u2019interdiction des ar\u00f4mes est \u00e9tendue \u00e0 la saveur menthol. <\/em><\/p>\n<p style=\"text-align: justify;\">L\u2019\u00e9tude s\u2019est bas\u00e9e sur un \u00e9chantillon national de 1414 jeunes \u00e9tatsuniens \u00e2g\u00e9s de 14 \u00e0 21 ans, ayant d\u00e9clar\u00e9 \u00eatre consommateurs de cigarettes \u00e9lectroniques au cours des trente derniers jours. Les adolescents et jeunes adultes ont notamment \u00e9t\u00e9 amen\u00e9s \u00e0 indiquer l\u2019\u00e2ge de leur initiation \u00e0 la cigarette \u00e9lectronique, leurs pr\u00e9f\u00e9rences en mati\u00e8re de saveur, ou encore quel type de cigarette \u00e9lectronique ils privil\u00e9giaient. Chacun des participants a \u00e9t\u00e9 \u00e9galement amen\u00e9 \u00e0 indiquer s\u2019il pensait qu\u2019il continuerait \u00e0 utiliser sa cigarette \u00e9lectronique si les ar\u00f4mes \u00e9taient interdits, \u00e0 l\u2019exception de la saveur tabac et menthol, ou uniquement tabac<a href=\"#_ftn1\" name=\"_ftnref1\">[1]<\/a>.<\/p>\n<h2 style=\"text-align: justify;\"><strong>Plus de deux tiers des jeunes susceptibles d\u2019arr\u00eater la cigarette \u00e9lectronique en cas d\u2019interdiction d\u2019ar\u00f4mes<\/strong><\/h2>\n<p style=\"text-align: justify;\">Selon l\u2019\u00e9tude, l\u2019\u00e2ge moyen de l\u2019initiation \u00e0 la cigarette \u00e9lectronique \u00e9tait de 16 ans. Dans 45,3% des cas, les ar\u00f4mes fruit\u00e9s ont \u00e9t\u00e9 d\u00e9sign\u00e9s comme \u00e9tant les saveurs privil\u00e9gi\u00e9es par les adolescents et les jeunes adultes, suivis des ar\u00f4mes de fruits glac\u00e9s (30,5%), de la menthe fra\u00eeche (10,7%), du menthol (10,2%) et du tabac (3,3%). L\u2019enqu\u00eate montre \u00e9galement une forte p\u00e9n\u00e9tration de la cigarette \u00e9lectronique jetable chez les adolescents et les jeunes adultes, puisqu\u2019elle \u00e9tait indiqu\u00e9e comme \u00e9tant le dispositif privil\u00e9gi\u00e9 de 47% des personnes sond\u00e9es. Enfin, les r\u00e9sultats montrent que 38,8% des adolescents et jeunes adultes ont mentionn\u00e9 qu\u2019ils cesseraient leur consommation de cigarette \u00e9lectronique si les ar\u00f4mes, \u00e0 l\u2019exception de l\u2019ar\u00f4me menthol et tabac, \u00e9taient interdits,. L\u2019extension de cette interdiction \u00e0 la saveur menthol renforce consid\u00e9rablement l\u2019effectivit\u00e9 de la mesure, puisque 70,8% des r\u00e9pondants ont indiqu\u00e9 qu\u2019ils mettraient fin \u00e0 leur consommation de cigarette \u00e9lectronique dans ce cas de figure.<\/p>\n<h2 style=\"text-align: justify;\"><strong>Une mesure de sant\u00e9 publique de plus en plus envisag\u00e9e<\/strong><\/h2>\n<p style=\"text-align: justify;\">Parmi les limites principales de l\u2019\u00e9tude, les chercheurs mentionnent que pr\u00e8s de 80% des r\u00e9pondants \u00e9taient des femmes, et que la majorit\u00e9 d\u2019entre eux \u00e9taient blancs, pouvant poser un obstacle \u00e0 la g\u00e9n\u00e9ralisation de ces r\u00e9sultats, d\u2019autant que la consommation de menthol aux Etats-Unis varie consid\u00e9rablement en fonction de <a href=\"https:\/\/www.generationsanstabac.org\/article\/strategie-cigarettiers-menthol-interdiction-mai-2020\/\">l\u2019origine ethnique des individus<\/a>. Toutefois, ces r\u00e9sultats semblent indiquer qu\u2019une interdiction des ar\u00f4mes \u00e0 l\u2019exception de la saveur tabac pourrait avoir un impact significatif sur la consommation de cigarettes \u00e9lectroniques aupr\u00e8s des jeunes g\u00e9n\u00e9rations. Cette mesure, port\u00e9e par le Comit\u00e9 national contre le tabagisme (CNCT), a d\u00e9j\u00e0 \u00e9t\u00e9 mise en place dans plusieurs pays, comme la Finlande, la Hongrie, le Danemark, la Lituanie, les Pays-Bas ou Ukraine.<\/p>\n<p style=\"text-align: justify;\"><strong><a href=\"https:\/\/www.generationsanstabac.org\/\">\u00a9G\u00e9n\u00e9ration Sans Tabac<\/a><\/strong><\/p>\n<p style=\"text-align: right;\"><em><strong>FT<\/strong><\/em><\/p>\n<p style=\"text-align: justify;\"><a href=\"#_ftnref1\" name=\"_ftn1\">[1]<\/a> <a href=\"https:\/\/www.jsad.com\/doi\/abs\/10.15288\/jsad.21-00466\">Adolescent and Young Adult Response to Hypothetical E-Liquid Flavor Restrictions<\/a>, Natasha K. Sidhu, William V. Lechner, Sam N. Cwalina, Lauren Whitted, Sabrina L. Smiley, Jessica L. Barrington-Trimis, Junhan Cho, Theodore L. Wagener, Adam M. Leventhal, and Alayna P. Tackett, Journal of Studies on Alcohol and Drugs 2023 84:2 , 303-308<\/p>\n<p style=\"text-align: justify;\"><strong><a href=\"http:\/\/www.cnct.fr\/\" target=\"_blank\" rel=\"noopener noreferrer\">Comit\u00e9 national contre le tabagisme |<\/a><\/strong><\/p>\n","protected":false},"excerpt":{"rendered":"<p>According to a study recently published in the Journal of Studies on Alcohol and Drugs, a complete ban on flavors except for menthol and tobacco flavors would likely lead to adolescent and young adult e-cigarette users quitting.<\/p>","protected":false},"featured_media":11651,"template":"","tags":[],"thematique":[474],"class_list":["post-21127","actualites","type-actualites","status-publish","has-post-thumbnail","hentry","thematique-sante"],"acf":[],"_links":{"self":[{"href":"https:\/\/www.generationsanstabac.org\/en\/wp-json\/wp\/v2\/actualites\/21127","targetHints":{"allow":["GET"]}}],"collection":[{"href":"https:\/\/www.generationsanstabac.org\/en\/wp-json\/wp\/v2\/actualites"}],"about":[{"href":"https:\/\/www.generationsanstabac.org\/en\/wp-json\/wp\/v2\/types\/actualites"}],"version-history":[{"count":0,"href":"https:\/\/www.generationsanstabac.org\/en\/wp-json\/wp\/v2\/actualites\/21127\/revisions"}],"wp:featuredmedia":[{"embeddable":true,"href":"https:\/\/www.generationsanstabac.org\/en\/wp-json\/wp\/v2\/media\/11651"}],"wp:attachment":[{"href":"https:\/\/www.generationsanstabac.org\/en\/wp-json\/wp\/v2\/media?parent=21127"}],"wp:term":[{"taxonomy":"post_tag","embeddable":true,"href":"https:\/\/www.generationsanstabac.org\/en\/wp-json\/wp\/v2\/tags?post=21127"},{"taxonomy":"thematique","embeddable":true,"href":"https:\/\/www.generationsanstabac.org\/en\/wp-json\/wp\/v2\/thematique?post=21127"}],"curies":[{"name":"wp","href":"https:\/\/api.w.org\/{rel}","templated":true}]}}