{"id":21126,"date":"2023-07-18T08:00:00","date_gmt":"2023-07-18T06:00:00","guid":{"rendered":"https:\/\/www.generationsanstabac.org\/actualites\/maurice-acte-des-mesures-antitabac-pionnieres-en-afrique\/"},"modified":"2023-07-18T08:00:00","modified_gmt":"2023-07-18T06:00:00","slug":"maurice-acte-des-mesures-antitabac-pionnieres-en-afrique","status":"publish","type":"actualites","link":"https:\/\/www.generationsanstabac.org\/en\/actualites\/maurice-acte-des-mesures-antitabac-pionnieres-en-afrique\/","title":{"rendered":"Mauritius takes pioneering anti-smoking measures in Africa"},"content":{"rendered":"<p style=\"text-align: justify;\"><em>L\u2019\u00eele Maurice instaure le paquet neutre pour les cigarettes, interdit les cigarettes \u00e9lectroniques, le tabac chauff\u00e9 ainsi que tous les nouveaux produits de la nicotine, renforce l\u2019interdiction de fumer dans les lieux publics clos et l\u2019\u00e9tend \u00e0 certains espaces ouverts, et forme sa police pour faire appliquer ces mesures. <\/em><\/p>\n<p style=\"text-align: justify;\">Maurice entend rester en pointe des pays africains en mati\u00e8re de lutte antitabac. Apr\u00e8s avoir adopt\u00e9 des premi\u00e8res lois antitabac en 2003 et ratifi\u00e9 la Convention-cadre de l\u2019OMS pour la lutte antitabac (CCLAT), ce pays avait \u00e9t\u00e9 le premier en Afrique \u00e0 imposer d\u00e8s 2008 des avertissements sanitaires graphiques sur les paquets de cigarettes. Devan\u00e7ant <a href=\"https:\/\/www.generationsanstabac.org\/actualites\/cote-d-ivoire-premier-pays-africain-instaurer-le-paquet-neutre\/\">la C\u00f4te d\u2019Ivoire<\/a>, il est, depuis le 31 mai 2023, le premier pays africain \u00e0 avoir instaur\u00e9 le paquet neutre standardis\u00e9 pour les cigarettes<a href=\"#_ftn1\" name=\"_ftnref1\">[1]<\/a>, une mesure mise en avant \u00e0 l\u2019occasion de la Journ\u00e9e mondiale sans tabac.<\/p>\n<h2 style=\"text-align: justify;\"><strong>G\u00e9n\u00e9ralisation des interdictions de fumer et de vapoter<\/strong><\/h2>\n<p style=\"text-align: justify;\">Parmi les autres mesures annonc\u00e9es le 31 mai 2023, l\u2019interdiction de fumer est renforc\u00e9e pour tous les lieux publics clos et \u00e9tendue \u00e0 certains espaces publics comme les plages, les parcs et jardins, les arr\u00eats de bus et les terrasses des caf\u00e9s et restaurants<a href=\"#_ftn2\" name=\"_ftnref2\">[2]<\/a>. Il est \u00e9galement interdit de fumer \u00e0 moins de 10 m\u00e8tres d\u2019une porte ou d\u2019une fen\u00eatre de tout b\u00e2timent public, ainsi que dans un v\u00e9hicule ferm\u00e9, m\u00eame lorsqu\u2019on y est seul ou \u00e0 l\u2019arr\u00eat. Les infractions \u00e0 ces interdictions de fumer vont de 5000 \u00e0 10 000 roupies mauriciennes (100, 25 \u00e0 200,50 euros) et jusqu\u2019\u00e0 un an d\u2019emprisonnement en cas de r\u00e9cidive. La vente de cigarettes est quant \u00e0 elle interdite \u00e0 moins de 200 m\u00e8tres de tout \u00e9tablissement scolaire ou \u00e9ducatif, de m\u00eame que pour les infrastructures sportives et de loisirs.<\/p>\n<p style=\"text-align: justify;\">L\u2019usage de cigarettes \u00e9lectroniques ou de dispositifs de tabac chauff\u00e9 est \u00e9galement interdit depuis le 31 mai 2023. Par anticipation, tous les produits du tabac non fum\u00e9s sont eux aussi interdits, ainsi que tout autre nouveau produit \u00e0 la nicotine non m\u00e9dicale. En cas d\u2019infraction, les sanctions sont align\u00e9es sur celles li\u00e9es \u00e0 l\u2019usage de tabac. L\u2019importation de ces produits est elle-m\u00eame interdite.<\/p>\n<h2 style=\"text-align: justify;\"><strong>Des officiers de police form\u00e9s pour faire respecter la r\u00e9glementation antitabac<\/strong><\/h2>\n<p style=\"text-align: justify;\">Pour faire respecter ces dispositions, 95 officiers de police ont \u00e9t\u00e9 form\u00e9s durant une journ\u00e9e sur la question du tabac, entre avril et mai 2023. Ils sont non seulement en charge de l\u2019application de la l\u00e9gislation, mais ont aussi \u00e9t\u00e9 invit\u00e9s par le ministre de la Sant\u00e9 et du bien-\u00eatre \u00e0 faire prendre conscience \u00e0 la population des dangers du tabac<a href=\"#_ftn3\" name=\"_ftnref3\">[3]<\/a>.<\/p>\n<p style=\"text-align: justify;\">Les dispositions de lutte contre le tabagisme ne se limitent pas \u00e0 l\u2019instauration d\u2019interdits protecteurs et comprennent aussi un volet de prise en charge des fumeurs, Huit cliniques offrant gratuitement des soins en tabacologie devraient ainsi ouvrir leurs portes pour permettre aux fumeurs d\u2019arr\u00eater de fumer. Par ailleurs, entre juillet 2022 et mai 2023, 93 806 ont particip\u00e9 \u00e0 des sessions de sensibilisation aux risques du tabagisme, dans le cadre du plan d\u2019action national 2022-2026<a href=\"#_ftn4\" name=\"_ftnref4\">[4]<\/a>. Maurice semble donc fermement engag\u00e9e pour atteindre l\u2019objectif de l\u2019OMS de r\u00e9duire de 30 % d\u2019ici 2025 la pr\u00e9valence tabagique chez les personnes \u00e2g\u00e9es de plus de 15 ans.<\/p>\n<p style=\"text-align: justify;\"><strong>Mots-cl\u00e9s : Maurice, interdiction de fumer, paquet neutre, cigarettes \u00e9lectroniques, tabac chauff\u00e9.<\/strong><\/p>\n<p><strong><a href=\"https:\/\/www.generationsanstabac.org\/\">\u00a9G\u00e9n\u00e9ration Sans Tabac<\/a><\/strong><\/p>\n<p style=\"text-align: right;\"><em><strong>MF<\/strong><\/em><\/p>\n<p style=\"text-align: justify;\"><a href=\"#_ftnref1\" name=\"_ftn1\">[1]<\/a> <a href=\"https:\/\/www.lemauricien.com\/actualites\/societe\/a-partir-du-31-mai-les-paquets-de-cigarettes-afficheront-la-neutralite\/542740\/\"><em>A partir du 31 mai : Les paquets de cigarettes afficheront la neutralit\u00e9<\/em><\/a>, Le Mauricien, publi\u00e9 le 3 mars 2023, consult\u00e9 le 10 juillet 2023.<\/p>\n<p style=\"text-align: justify;\"><a href=\"#_ftnref2\" name=\"_ftn2\">[2]<\/a> Bissi\u00e8re M, <a href=\"publi%C3%A9%20le%206%20juillet%202023,%20consult%C3%A9%20le%2010%20juillet%202023.\"><em>Nouvelles r\u00e9glementations &#8211; Cigarettes: to fim\u00e9 to tas\u00e9 !<\/em><\/a>, L\u2019Express (Maurice), publi\u00e9 le 1<sup>er<\/sup> juin 2023, consult\u00e9 le 10 juillet 2023.<\/p>\n<p style=\"text-align: justify;\"><a href=\"#_ftnref3\" name=\"_ftn3\">[3]<\/a> WHO, <a href=\"https:\/\/www.afro.who.int\/countries\/mauritius\/news\/strengthening-enforcement-new-tobacco-law-through-capacity-building-police-officers\"><em>Strengthening enforcement of new tobacco law through capacity building of police officers<\/em><\/a>, publi\u00e9 le 6 juillet 2023, consult\u00e9 le 10 juillet 2023.<\/p>\n<p style=\"text-align: justify;\"><a href=\"#_ftnref4\" name=\"_ftn4\">[4]<\/a> Samy S, <a href=\"https:\/\/www.wazaa.mu\/news\/health\/lutte-anti-tabac-maurice-saligne-avec-les-trois-r%C3%A9solutions-des-nations-unies\"><em>Lutte anti-tabac : Maurice s\u2019aligne avec les trois r\u00e9solutions des Nations Unies<\/em><\/a>, Wazaa FM, publi\u00e9 le 23 juin 2023, consult\u00e9 le 10 juillet 2023.<\/p>\n<p><strong><a href=\"http:\/\/www.cnct.fr\/\" target=\"_blank\" rel=\"noopener noreferrer\">Comit\u00e9 national contre le tabagisme |<\/a><\/strong><\/p>\n","protected":false},"excerpt":{"rendered":"<p>Mauritius is introducing unprecedented anti-smoking measures on the African continent and is training its police to enforce them.<\/p>","protected":false},"featured_media":11649,"template":"","tags":[],"thematique":[502,474],"class_list":["post-21126","actualites","type-actualites","status-publish","has-post-thumbnail","hentry","thematique-justice","thematique-sante"],"acf":[],"_links":{"self":[{"href":"https:\/\/www.generationsanstabac.org\/en\/wp-json\/wp\/v2\/actualites\/21126","targetHints":{"allow":["GET"]}}],"collection":[{"href":"https:\/\/www.generationsanstabac.org\/en\/wp-json\/wp\/v2\/actualites"}],"about":[{"href":"https:\/\/www.generationsanstabac.org\/en\/wp-json\/wp\/v2\/types\/actualites"}],"version-history":[{"count":0,"href":"https:\/\/www.generationsanstabac.org\/en\/wp-json\/wp\/v2\/actualites\/21126\/revisions"}],"wp:featuredmedia":[{"embeddable":true,"href":"https:\/\/www.generationsanstabac.org\/en\/wp-json\/wp\/v2\/media\/11649"}],"wp:attachment":[{"href":"https:\/\/www.generationsanstabac.org\/en\/wp-json\/wp\/v2\/media?parent=21126"}],"wp:term":[{"taxonomy":"post_tag","embeddable":true,"href":"https:\/\/www.generationsanstabac.org\/en\/wp-json\/wp\/v2\/tags?post=21126"},{"taxonomy":"thematique","embeddable":true,"href":"https:\/\/www.generationsanstabac.org\/en\/wp-json\/wp\/v2\/thematique?post=21126"}],"curies":[{"name":"wp","href":"https:\/\/api.w.org\/{rel}","templated":true}]}}