{"id":21119,"date":"2023-07-13T08:00:39","date_gmt":"2023-07-13T06:00:39","guid":{"rendered":"https:\/\/www.generationsanstabac.org\/actualites\/levaluation-des-plages-sans-tabac-sur-le-comportement-des-fumeurs-est-tres-favorable-a-la-mesure\/"},"modified":"2023-07-13T08:00:39","modified_gmt":"2023-07-13T06:00:39","slug":"levaluation-des-plages-sans-tabac-sur-le-comportement-des-fumeurs-est-tres-favorable-a-la-mesure","status":"publish","type":"actualites","link":"https:\/\/www.generationsanstabac.org\/en\/actualites\/levaluation-des-plages-sans-tabac-sur-le-comportement-des-fumeurs-est-tres-favorable-a-la-mesure\/","title":{"rendered":"The assessment of smoke-free beaches on smokers&#039; behavior is very favorable to the measure"},"content":{"rendered":"<p style=\"text-align: justify;\"><em>Une \u00e9tude quasi-exp\u00e9rimentale r\u00e9alis\u00e9e sur plusieurs plages de Barcelone devenues sans tabac rel\u00e8ve une moindre consommation de tabac et souligne combien ce changement est accueilli favorablement par les autres usagers des plages. Elle valide ainsi le principe des plages sans tabac, qui se multiplient \u00e0 travers le monde. <\/em><\/p>\n<p style=\"text-align: justify;\">Le principe des plages o\u00f9 il est interdit de fumer est apparu aux Etats-Unis au d\u00e9but des ann\u00e9es 1990, avant de se r\u00e9pandre en Australie et au Canada, puis en Italie, <a href=\"https:\/\/www.generationsanstabac.org\/actualites\/espagne-interdit-de-fumer-sur-les-plages-et-terrasses\/\">en Espagne<\/a> et <a href=\"https:\/\/www.generationsanstabac.org\/actualites\/multiplication-des-plages-sans-tabac-en-france\/\">en France<\/a>. Les \u00e9tudes ayant \u00e9valu\u00e9 ce type de mesure sont toutefois rares. Une \u00e9quipe de chercheurs espagnols s\u2019est propos\u00e9 de conduire une \u00e9valuation de ce type sur plusieurs plages de <a href=\"https:\/\/www.generationsanstabac.org\/actualites\/barcelone-interdit-de-fumer-sur-les-plages\/\">Barcelone<\/a>, en utilisant un protocole quasi-exp\u00e9rimental<a href=\"#_ftn1\" name=\"_ftnref1\">[1]<\/a>.<\/p>\n<h2 style=\"text-align: justify;\"><strong>Etude et observation sur plusieurs plages, avec et sans tabac <\/strong><\/h2>\n<p style=\"text-align: justify;\">Dans ce protocole, 4 plages sans tabac ont \u00e9t\u00e9 s\u00e9lectionn\u00e9es comme terrain d\u2019observation, tandis que 5 autres plages ne b\u00e9n\u00e9ficiant pas encore de cette mesure servaient de groupe t\u00e9moin. Plusieurs \u00e9quipes d\u2019enqu\u00eateurs-observateurs ont \u00e0 la fois interrog\u00e9 les usagers des plages et les ont observ\u00e9s selon des protocoles d\u2019\u00e9tude \u00e9prouv\u00e9s. Lors des entretiens, il \u00e9tait demand\u00e9, en plus du statut tabagique et de donn\u00e9es sociod\u00e9mographiques, si la personne avait observ\u00e9 sur la plage des changements chez les fumeurs et si elle \u00e9tait satisfaite de cette mesure.<\/p>\n<p style=\"text-align: justify;\">Ces op\u00e9rations ont \u00e9t\u00e9 r\u00e9alis\u00e9es avant et apr\u00e8s le d\u00e9cret municipal instaurant ces plages sans tabac, accompagn\u00e9 d\u2019une campagne de communication conduite dans les m\u00e9dias et sur les r\u00e9seaux sociaux ; des panneaux d\u2019information et des haut-parleurs diffusaient \u00e9galement ces informations sur les plages. Des op\u00e9rations de ramassages de m\u00e9gots ont par ailleurs \u00e9t\u00e9 men\u00e9es avant et apr\u00e8s cette intervention, pour tenter d\u2019\u00e9valuer l\u2019efficacit\u00e9 d\u2019une telle mesure.<\/p>\n<p style=\"text-align: justify;\">Deux p\u00e9riodes d\u2019enqu\u00eate se sont succ\u00e9d\u00e9, du 15 au 28 mai 2021 et du 29 mai au 12 septembre 2021, soit avant et apr\u00e8s l\u2019annonce de la mesure. Au total, 3751 personnes ont \u00e9t\u00e9 interrog\u00e9es, dont 619 avant l\u2019annonce de cette mesure et 3132 apr\u00e8s celle-ci. 1108 observations de comportement ont \u00e9t\u00e9 men\u00e9es, 144 dans la p\u00e9riode pr\u00e9-annonce et 964 dans celle post-annonce, et ont permis d\u2019analyser les comportements de 7204 usagers des plages.<\/p>\n<h2 style=\"text-align: justify;\"><strong>Une mesure de protection de la sant\u00e9 qui d\u00e9normalise aussi le tabac<\/strong><\/h2>\n<p style=\"text-align: justify;\">Les usagers des plages ayant remarqu\u00e9 quelqu\u2019un fumer \u00e9taient sensiblement moins nombreux, en diminution de 30%. De m\u00eame les observations de personnes fumant sur la plage ont chut\u00e9 de 70% avant et apr\u00e8s l\u2019adoption et la mise en \u0153uvre de la mesure.<\/p>\n<p style=\"text-align: justify;\">La notation attribu\u00e9e \u00e0 la politique des plages sans tabac se situe pour sa part \u00e0 8,3, sur une \u00e9chelle de satisfaction allant de 1 \u00e0 10. Cette notation \u00e9tant proche du taux de satisfaction obtenu par une \u00e9tude similaire conduite sur les plages sans tabac de Vancouver, les auteurs estiment que cette extension de l\u2019interdiction de fumer dans les espaces publics est une mesure \u00e0 la fois r\u00e9alisable et socialement appr\u00e9ci\u00e9e. Ils soulignent l\u2019int\u00e9r\u00eat d\u2019une telle mesure, tant pour prot\u00e9ger la sant\u00e9 des non-fumeurs \u2013 expos\u00e9s au tabagisme passif \u2013 que celle des fumeurs \u2013 en les amenant \u00e0 moins fumer et en les prot\u00e9geant d\u2019un sur-risque associ\u00e9 au tabagisme passif. A cela s\u2019ajoute pour les auteurs une r\u00e9duction de la visibilit\u00e9 des fumeurs et une d\u00e9normalisation de la consommationde tabac.<\/p>\n<p style=\"text-align: justify;\">Les observations ont toutefois indiqu\u00e9 une augmentation de la population de fumeurs sur les plages o\u00f9 il \u00e9tait encore possible de fumer, ce qui laisse supposer qu\u2019un d\u00e9placement de certains fumeurs s\u2019est op\u00e9r\u00e9 vers ces plages. Elles ont aussi permis de relever une pr\u00e9sence plus importante de personnes \u00e2g\u00e9es sur les plages sans tabac apr\u00e8s l\u2019intervention, ce qui sugg\u00e8re un effet positif de la mesure aupr\u00e8s d\u2019une population vuln\u00e9rable. Le nombre de m\u00e9gots collect\u00e9 semble de son c\u00f4t\u00e9 montrer une r\u00e9duction du tabagisme sur les plages devenues sans tabac, mais les donn\u00e9es \u00e9taient trop parcellaires pour en tirer de v\u00e9ritables conclusions ; des donn\u00e9es similaires ont cependant \u00e9galement \u00e9t\u00e9 \u00e9tablies dans les parcs et les plages de New York devenus sans tabac.<\/p>\n<p style=\"text-align: justify;\">La pr\u00e9sence d\u2019un groupe t\u00e9moin et l\u2019utilisation d\u2019une m\u00e9thodologie standardis\u00e9e et \u00e9prouv\u00e9e permettent de valider une certaine efficacit\u00e9 des interdictions de fumer sur les plages et dans d\u2019autres espaces publics alors m\u00eame que des sanctions n\u2019avaient pas \u00e9t\u00e9 prononc\u00e9es ici par des corps de contr\u00f4le. L\u2019instauration de contr\u00f4les pourrait toutefois s\u2019av\u00e9rer n\u00e9cessaire pour parvenir \u00e0 une observation compl\u00e8te de l\u2019interdiction de fumer dans ces espaces, et non d\u2019obtenir une simple r\u00e9duction.<\/p>\n<p style=\"text-align: justify;\"><strong>Mots-cl\u00e9s : Barcelone, plages sans tabac, \u00e9valuation, d\u00e9normalisation.<\/strong><\/p>\n<p><strong><a href=\"https:\/\/www.generationsanstabac.org\/\">\u00a9G\u00e9n\u00e9ration Sans Tabac<\/a><\/strong><\/p>\n<p style=\"text-align: right;\"><em><strong>MF<\/strong><\/em><\/p>\n<p style=\"text-align: justify;\"><a href=\"#_ftnref1\" name=\"_ftn1\">[1]<\/a> Valmayor S, Gonz\u00e1lez K, L\u00f3pez MJ, et al. <a href=\"https:\/\/tobaccocontrol.bmj.com\/content\/early\/2023\/07\/03\/tc-2022-057873\"><em>Evaluation of a smoke-free beaches intervention in Barcelona: a quasi-experimental study<\/em><\/a>, Tobacco Control, Published Online First: 04 July 2023. doi: 10.1136\/tc-2022-057873<\/p>\n<p><strong><a href=\"http:\/\/www.cnct.fr\/\" target=\"_blank\" rel=\"noopener noreferrer\">Comit\u00e9 national contre le tabagisme |<\/a><\/strong><\/p>\n","protected":false},"excerpt":{"rendered":"<p>A quasi-experimental study carried out on several Barcelona beaches that have become smoke-free has revealed lower tobacco consumption and highlights how this change is welcomed by other beach users.<\/p>","protected":false},"featured_media":21120,"template":"","tags":[],"thematique":[474],"class_list":["post-21119","actualites","type-actualites","status-publish","has-post-thumbnail","hentry","thematique-sante"],"acf":[],"_links":{"self":[{"href":"https:\/\/www.generationsanstabac.org\/en\/wp-json\/wp\/v2\/actualites\/21119","targetHints":{"allow":["GET"]}}],"collection":[{"href":"https:\/\/www.generationsanstabac.org\/en\/wp-json\/wp\/v2\/actualites"}],"about":[{"href":"https:\/\/www.generationsanstabac.org\/en\/wp-json\/wp\/v2\/types\/actualites"}],"version-history":[{"count":0,"href":"https:\/\/www.generationsanstabac.org\/en\/wp-json\/wp\/v2\/actualites\/21119\/revisions"}],"wp:featuredmedia":[{"embeddable":true,"href":"https:\/\/www.generationsanstabac.org\/en\/wp-json\/wp\/v2\/media\/21120"}],"wp:attachment":[{"href":"https:\/\/www.generationsanstabac.org\/en\/wp-json\/wp\/v2\/media?parent=21119"}],"wp:term":[{"taxonomy":"post_tag","embeddable":true,"href":"https:\/\/www.generationsanstabac.org\/en\/wp-json\/wp\/v2\/tags?post=21119"},{"taxonomy":"thematique","embeddable":true,"href":"https:\/\/www.generationsanstabac.org\/en\/wp-json\/wp\/v2\/thematique?post=21119"}],"curies":[{"name":"wp","href":"https:\/\/api.w.org\/{rel}","templated":true}]}}