{"id":21107,"date":"2023-07-02T08:00:47","date_gmt":"2023-07-02T06:00:47","guid":{"rendered":"https:\/\/www.generationsanstabac.org\/actualites\/au-bresil-lindustrie-du-tabac-tente-de-mobiliser-les-cultivateurs-contre-la-cop-10-de-la-lutte-antitabac\/"},"modified":"2023-07-02T08:00:47","modified_gmt":"2023-07-02T06:00:47","slug":"au-bresil-lindustrie-du-tabac-tente-de-mobiliser-les-cultivateurs-contre-la-cop-10-de-la-lutte-antitabac","status":"publish","type":"actualites","link":"https:\/\/www.generationsanstabac.org\/en\/actualites\/au-bresil-lindustrie-du-tabac-tente-de-mobiliser-les-cultivateurs-contre-la-cop-10-de-la-lutte-antitabac\/","title":{"rendered":"In Brazil, tobacco industry tries to mobilize farmers against COP 10 on tobacco control"},"content":{"rendered":"<p style=\"text-align: justify;\"><em>Les acteurs de la fili\u00e8re tabac organisent des auditions publiques au Br\u00e9sil pour f\u00e9d\u00e9rer les cultivateurs de tabac contre les orientations de la COP 10, qui doit se tenir en novembre au Panama. La CCLAT et la campagne de l\u2019OMS \u00ab Grow food, not tobacco \u00bb, \u00e0 l\u2019occasion de la Journ\u00e9e mondiale sans tabac 2023, ont notamment \u00e9t\u00e9 vis\u00e9es.<\/em><\/p>\n<p style=\"text-align: justify;\"><em>\u00ab Nous voulons donner une voix \u00e0 ceux qui sont fr\u00e9quemment jug\u00e9s sans avoir le droit de se d\u00e9fendre. Nous ne pouvons pas nous permettre d\u2019autoriser des personnes qui ne connaissent pas la r\u00e9alit\u00e9 des agriculteurs dicter le futur de nos communes. \u00bb<\/em> C\u2019est par ce vibrant appel que Marcus Vinicius de Almeida, coordonnateur du Sous-comit\u00e9 pour la d\u00e9fense de la cha\u00eene d\u2019approvisionnement du tabac, a ouvert devant 300 personnes la premi\u00e8re d\u2019une s\u00e9rie de dix auditions publiques consacr\u00e9es \u00e0 la production de tabac dans la r\u00e9gion du Rio Grande do Sul<a href=\"#_ftn1\" name=\"_ftnref1\">[1]<\/a>. Le ministre de la Sant\u00e9 s\u2019\u00e9tait fait excuser, mais les minist\u00e8res de l\u2019Agriculture, celui des Affaires \u00e9trang\u00e8res, et celui du D\u00e9veloppement agraire et de l\u2019agriculture familiale avaient envoy\u00e9 des repr\u00e9sentants.<\/p>\n<h2 style=\"text-align: justify;\"><strong>La CCLAT et l\u2019OMS en ligne de mire <\/strong><\/h2>\n<p style=\"text-align: justify;\">Elton Weber, un d\u00e9put\u00e9 f\u00e9d\u00e9ral de la r\u00e9gion, a pr\u00e9sid\u00e9 et anim\u00e9 cette r\u00e9union en affichant clairement l\u2019intention de faire pression sur le gouvernement f\u00e9d\u00e9ral, qui sera repr\u00e9sent\u00e9 \u00e0 la prochaine Conf\u00e9rence des Parties (COP10) de la Convention-cadre de l\u2019OMS pour la lutte antitabac (<a href=\"https:\/\/apps.who.int\/iris\/bitstream\/handle\/10665\/42812\/9242591017.pdf;sequence=1\">CCLAT<\/a>). Cette COP10 doit se tenir du 20 au 25 novembre 2023 au Panama, et sera suivie quelques jours plus tard de la Rencontre des Parties (MOP3) au Protocole pour \u00e9liminer le commerce illicite des produits du tabac.<\/p>\n<p style=\"text-align: justify;\">Les acteurs de la fili\u00e8re tabac et les responsables politiques locaux entendent faire valoir leur point de vue et les difficult\u00e9s qu\u2019affrontent le secteur du tabac, tout en combattant les positions jug\u00e9es <em>\u00ab id\u00e9ologiques \u00bb<\/em> des acteurs de sant\u00e9 publique. Iro Schuenke, pr\u00e9sident de l\u2019Union inter-\u00e9tats de l\u2019industrie du tabac, a, pour sa part, regrett\u00e9 que les acteurs de la fili\u00e8re tabac n\u2019aient pas plus voix au chapitre dans cette COP10 que dans les pr\u00e9c\u00e9dentes \u00e9ditions. Il a \u00e9galement d\u00e9plor\u00e9 que les d\u00e9cisions des pr\u00e9c\u00e9dentes COP aient \u00e9t\u00e9 imm\u00e9diatement appliqu\u00e9es <a href=\"https:\/\/www.generationsanstabac.org\/actualites\/bresil-industrie-tabac-sante-publique\/\">au Br\u00e9sil<\/a>, alors que le pays est l\u2019un des principaux producteurs de tabac. Consid\u00e9rant la CCLAT et les d\u00e9cisions de sant\u00e9 publique comme <em>\u00ab la pire dictature \u00bb<\/em> qu\u2019il connaisse, il a vivement critiqu\u00e9 la campagne organis\u00e9e par l\u2019Organisation Mondiale de la Sant\u00e9 (OMS) \u00e0 l\u2019occasion de la Journ\u00e9e mondiale sans tabac du 31 mai 2023. Cette campagne pr\u00e9sentait un enfant dont l\u2019assiette \u00e9tait remplie de m\u00e9gots et clamait <em>\u00ab Faites pousser de la nourriture, pas du tabac \u00bb<\/em> (<em>\u00ab Grow food, not tobacco \u00bb<\/em>).<\/p>\n<h2 style=\"text-align: justify;\"><strong>Instrumentalisation des cultivateurs et agriculteurs \u00e0 travers des groupes de fa\u00e7ade <\/strong><\/h2>\n<p style=\"text-align: justify;\">Bien que le Br\u00e9sil reste le troisi\u00e8me producteur mondial de feuilles de tabac, la production y est en baisse, passant de 787 817 tonnes en 2010 \u00e0 702 208 tonnes en 2020<a href=\"#_ftn2\" name=\"_ftnref2\">[2]<\/a>. Elle repr\u00e9sente moins de 1 % de la surface totale plant\u00e9e du pays et est surtout pratiqu\u00e9e dans de petites exploitations familiales du Sud du pays<a href=\"#_ftn3\" name=\"_ftnref3\">[3]<\/a>. Environ 200 000 petits producteurs pratiqueraient la culture du tabac au Br\u00e9sil.<\/p>\n<p style=\"text-align: justify;\">L\u2019op\u00e9ration de lobbying mise en place par les industriels du tabac vise \u00e0 se poser comme une organisation repr\u00e9sentant ces petits agriculteurs, afin de d\u00e9stabiliser la COP10 et la CCLAT. Les th\u00e8mes de la production de tabac et des cultures de substitution, s\u2019ils sont abord\u00e9s dans la CCLAT, ne font pourtant pas partie des sujets les plus contraignants, contrairement \u00e0 la r\u00e9glementation des produits ou la question des publicit\u00e9s transfronti\u00e8res. C\u2019est en fait pour contrer ces autres dispositions que, comme ce fut le cas dans d\u2019autres COP, l\u2019industrie du tabac tente de d\u00e9tourner les d\u00e9bats par le biais de tierces parties, lesquels ne sont le plus souvent que des groupes de fa\u00e7ade. Localement, ce type d\u2019op\u00e9ration a \u00e9galement pour but de rassurer les cultivateurs sur la rentabilit\u00e9 et l\u2019int\u00e9r\u00eat de la culture du tabac. Une r\u00e9cente fronde de petits producteurs de tabac au Pakistan, qui d\u00e9non\u00e7aient une brutale baisse des prix du tabac en gros d\u00e9cid\u00e9e par les multinationales du tabac alors que les prix des engrais et des pesticides s\u2019envolent, indique pourtant que la culture du tabac est loin d\u2019\u00eatre une option \u00e9conomique rentable<a href=\"#_ftn4\" name=\"_ftnref4\">[4]<\/a>.<\/p>\n<p style=\"text-align: justify;\">Le discours assimilant la sant\u00e9 publique \u00e0 diverses formes de fascisme est pour sa part r\u00e9guli\u00e8rement d\u00e9ploy\u00e9 par l\u2019industrie du tabac depuis une cinquantaine d\u2019ann\u00e9es<a href=\"#_ftn5\" name=\"_ftnref5\">[5]<\/a>. Il est corr\u00e9l\u00e9 \u00e0 plusieurs tentatives d\u2019appropriation du th\u00e8me des droits humains par les principales multinationales du tabac depuis les ann\u00e9es 1990. Un r\u00e9cent rapport de Philip Morris International (PMI) sur le sujet<a href=\"#_ftn6\" name=\"_ftnref6\">[6]<\/a> montre que ce th\u00e8me des droits humains devrait encore faire l\u2019objet d\u2019une prochaine instrumentalisation, avec pour objectif de saborder la CCLAT. Le recours au travail forc\u00e9 des enfants dans de nombreuses petites exploitations africaines a pourtant \u00e9t\u00e9 amplement <a href=\"https:\/\/www.generationsanstabac.org\/actualites\/deux-geants-tabac-accuses-travail-force-cultivateurs-enfants-malawi\/\">document\u00e9<\/a>.<\/p>\n<p style=\"text-align: justify;\"><em>Pour en savoir davantage sur la culture du tabac, lire notre <\/em><a href=\"https:\/\/www.generationsanstabac.org\/article\/le-tabac-comme-obstacle-au-developpement-le-cas-du-malawi\/\"><em>d\u00e9cryptage<\/em><\/a><em>. <\/em><\/p>\n<p style=\"text-align: justify;\"><strong>Mots-cl\u00e9s : Br\u00e9sil, culture du tabac, CCLAT, COP10, MOP3.<\/strong><\/p>\n<p><strong><a href=\"https:\/\/www.generationsanstabac.org\/\">\u00a9G\u00e9n\u00e9ration Sans Tabac<\/a><\/strong><\/p>\n<p style=\"text-align: right;\"><em><strong>MF<\/strong><\/em><\/p>\n<p style=\"text-align: justify;\"><a href=\"#_ftnref1\" name=\"_ftn1\">[1]<\/a> <a href=\"https:\/\/tobaccoreporter.com\/2023\/06\/22\/brazil-public-hearings-on-tobacco-take-place-ahead-of-cop10\/\"><em>Public Hearings Ahead of COP10<\/em><\/a>, TobaccoReporter, publi\u00e9 le 23 juin 2023, consult\u00e9 le 26 juin 2023.<\/p>\n<p style=\"text-align: justify;\"><a href=\"#_ftnref2\" name=\"_ftn2\">[2]<\/a> <a href=\"https:\/\/atlasocio.com\/classements\/economie\/agriculture\/classement-etats-par-production-tabac-feuilles-monde.php\"><em>Classement des Etats du monde par production de tabac (feuilles)<\/em><\/a>, Atlasocio, mis \u00e0 jour le 27 juillet 2022, consult\u00e9 le 26 juin 2023.<\/p>\n<p style=\"text-align: justify;\"><a href=\"#_ftnref3\" name=\"_ftn3\">[3]<\/a> <a href=\"https:\/\/www.businesscoot.com\/fr\/etude\/le-marche-du-tabac-bresil\"><em>Le march\u00e9 du tabac \u2013 Br\u00e9sil<\/em><\/a>, BusinessScoot, rapport, ao\u00fbt 2020.<\/p>\n<p style=\"text-align: justify;\"><a href=\"#_ftnref4\" name=\"_ftn4\">[4]<\/a> <a href=\"https:\/\/www.dawn.com\/news\/1761590\/tobacco-growers-reject-purchase-price-set-by-companies\"><em>Tobacco growers reject purchase price set by companies<\/em><\/a>, Dawn, publi\u00e9 le 25 juin 2023, consult\u00e9 le 26 juin 2023.<\/p>\n<p style=\"text-align: justify;\"><a href=\"#_ftnref5\" name=\"_ftn5\">[5]<\/a> Schneider N, Glantz S. <em><a href=\"https:\/\/tobaccocontrol.bmj.com\/content\/17\/5\/291.info\">\u2018\u2018Nicotine Nazis strike again\u2019\u2019: a brief analysis of the use of Nazi rhetoric in attacking tobacco control advocacy<\/a><\/em>. <em>Tobacco Control.<\/em> 2008;17:291\u2013296.<\/p>\n<p style=\"text-align: justify;\"><a href=\"#_ftnref6\" name=\"_ftn6\">[6]<\/a> <a href=\"https:\/\/www.pmi.com\/resources\/docs\/default-source\/sustainability-reports-and-publications\/pmi-human-rights-report-2023.pdf?sfvrsn=be9493b6_2\"><em>Human rights report<\/em><\/a>, PMI, juin 2023, 57 p.<\/p>\n<p><strong><a href=\"http:\/\/www.cnct.fr\/\" target=\"_blank\" rel=\"noopener noreferrer\">Comit\u00e9 national contre le tabagisme |<\/a><\/strong><\/p>\n","protected":false},"excerpt":{"rendered":"<p>Tobacco industry stakeholders are holding public hearings in Brazil to unite tobacco growers against the guidelines of COP 10, which is scheduled to be held in Panama in November.<\/p>","protected":false},"featured_media":19782,"template":"","tags":[],"thematique":[499],"class_list":["post-21107","actualites","type-actualites","status-publish","has-post-thumbnail","hentry","thematique-lobby"],"acf":[],"_links":{"self":[{"href":"https:\/\/www.generationsanstabac.org\/en\/wp-json\/wp\/v2\/actualites\/21107","targetHints":{"allow":["GET"]}}],"collection":[{"href":"https:\/\/www.generationsanstabac.org\/en\/wp-json\/wp\/v2\/actualites"}],"about":[{"href":"https:\/\/www.generationsanstabac.org\/en\/wp-json\/wp\/v2\/types\/actualites"}],"version-history":[{"count":0,"href":"https:\/\/www.generationsanstabac.org\/en\/wp-json\/wp\/v2\/actualites\/21107\/revisions"}],"wp:featuredmedia":[{"embeddable":true,"href":"https:\/\/www.generationsanstabac.org\/en\/wp-json\/wp\/v2\/media\/19782"}],"wp:attachment":[{"href":"https:\/\/www.generationsanstabac.org\/en\/wp-json\/wp\/v2\/media?parent=21107"}],"wp:term":[{"taxonomy":"post_tag","embeddable":true,"href":"https:\/\/www.generationsanstabac.org\/en\/wp-json\/wp\/v2\/tags?post=21107"},{"taxonomy":"thematique","embeddable":true,"href":"https:\/\/www.generationsanstabac.org\/en\/wp-json\/wp\/v2\/thematique?post=21107"}],"curies":[{"name":"wp","href":"https:\/\/api.w.org\/{rel}","templated":true}]}}