{"id":21102,"date":"2023-06-27T08:00:44","date_gmt":"2023-06-27T06:00:44","guid":{"rendered":"https:\/\/www.generationsanstabac.org\/actualites\/le-programme-national-de-lutte-contre-le-tabagisme-2023-2027-en-attente-darbitrages\/"},"modified":"2023-06-27T08:00:44","modified_gmt":"2023-06-27T06:00:44","slug":"le-programme-national-de-lutte-contre-le-tabagisme-2023-2027-en-attente-darbitrages","status":"publish","type":"actualites","link":"https:\/\/www.generationsanstabac.org\/en\/actualites\/le-programme-national-de-lutte-contre-le-tabagisme-2023-2027-en-attente-darbitrages\/","title":{"rendered":"The National Tobacco Control Program 2023-2027 awaiting arbitration"},"content":{"rendered":"<p style=\"text-align: justify;\"><em>Les grandes lignes du prochain Programme national de lutte contre le tabagisme (PNLT) ont \u00e9t\u00e9 d\u00e9voil\u00e9es par un membre du cabinet du ministre de la Sant\u00e9 lors d\u2019un entretien t\u00e9l\u00e9vis\u00e9. L\u2019objectif d\u2019une g\u00e9n\u00e9ration sans tabac \u00e0 l\u2019horizon 2032 devrait \u00eatre r\u00e9affirm\u00e9.<\/em><\/p>\n<p style=\"text-align: justify;\">Le Programme national de lutte contre le tabagisme (PNLT) 2023-2027 devrait prochainement \u00eatre d\u00e9voil\u00e9 par le ministre de la Sant\u00e9, a indiqu\u00e9 le 19 juin 2023 un membre de son cabinet<a href=\"#_ftn1\" name=\"_ftnref1\">[1]<\/a>. La date n\u2019a pas encore \u00e9t\u00e9 fix\u00e9e mais pourrait se situer dans le courant de l\u2019\u00e9t\u00e9.<\/p>\n<p style=\"text-align: justify;\">Ce PNLT 2023-2027 devrait se placer dans le prolongement du PNLT 2018-2022 et viser l\u2019objectif d\u2019une g\u00e9n\u00e9ration sans tabac \u00e0 l\u2019horizon 2032. Formul\u00e9 par Emmanuel Macron le 4 f\u00e9vrier 2021, le v\u0153u d\u2019une g\u00e9n\u00e9ration sans tabac consiste \u00e0 parvenir en 2032 \u00e0 moins de 5 % de fumeurs parmi les enfants n\u00e9s depuis 2014.<\/p>\n<h2 style=\"text-align: justify;\"><strong>Des indicateurs encourageants concernant le tabagisme des jeunes<\/strong><\/h2>\n<p style=\"text-align: justify;\"><em>\u00ab Sur le pr\u00e9c\u00e9dent PNLT, on avait cibl\u00e9 l\u2019objectif \u00e0 22 % de fumeurs au total en France. Ce but n\u2019a pas encore \u00e9t\u00e9 atteint, on est autour des 25 %. \u00bb<\/em> a pr\u00e9cis\u00e9 ce membre de cabinet, <em>\u00ab on a un certain nombre d\u2019actions qui n\u2019ont pas pu \u00eatre mises en place avec la crise sanitaire, qui a ralenti leur d\u00e9ploiement. \u00bb<\/em> Les donn\u00e9es de la derni\u00e8re enqu\u00eate ESCAPAD sont toutefois encourageantes puisque, chez les jeunes de 17 ans, le tabagisme quotidien est pass\u00e9 de 25,1% en 2017 \u00e0 15,6% en 2022, soit pr\u00e8s de 10 points de baisse<a href=\"#_ftn2\" name=\"_ftnref2\">[2]<\/a>. Le PNLT 2018-2022 a \u00e9galement permis d\u2019augmenter le volume de traitements nicotiniques pris en charge, ainsi que le nombre de prescripteurs parmi les professionnels de sant\u00e9.<\/p>\n<h2 style=\"text-align: justify;\"><strong>L\u2019interdiction des cigarettes \u00e9lectroniques jetables en perspective<\/strong><\/h2>\n<p style=\"text-align: justify;\">Les nouvelles mesures du PNLT 2023-2027 n\u2019ont cependant pas \u00e9t\u00e9 annonc\u00e9es, <em>\u00ab car \u00e7a n\u2019a pas \u00e9t\u00e9 discut\u00e9 et arbitr\u00e9 par toutes les parties \u00bb<\/em>. L\u2019interdiction des cigarettes \u00e9lectroniques jetables (puffs) devrait n\u00e9anmoins faire l\u2019objet d\u2019un <a href=\"https:\/\/www.generationsanstabac.org\/actualites\/une-parlementaire-depose-un-projet-de-loi-interdisant-les-cigarettes-electroniques-jetables-en-france\/\">consensus<\/a>, comme l\u2019avait \u00e9voqu\u00e9 le ministre de la Sant\u00e9, Fran\u00e7ois Braun, le 3 mai 2023.<\/p>\n<p style=\"text-align: justify;\">Dans un <a href=\"https:\/\/www.cnews.fr\/sante\/2023-06-07\/tabagisme-interdiction-de-vente-avant-21-ans-hausse-des-taxes-voici-les\">entretien<\/a> accord\u00e9 le 7 juin 2023, Yves Martinet, pr\u00e9sident du Comit\u00e9 national contre le tabagisme (CNCT), avait pr\u00e9sent\u00e9 plusieurs pistes de mesures \u00e0 adopter, r\u00e9unies dans un <a href=\"https:\/\/cnct.fr\/wp-content\/uploads\/2023\/05\/CNCT_Livre_Blanc.pdf\">Livre blanc<\/a> con\u00e7u pour contribuer au PNLT<a href=\"#_ftn3\" name=\"_ftnref3\">[3]<\/a>. Interdire la vente de tabac aux moins de 21 ans, contr\u00f4ler le respect de l\u2019interdiction de vente aux mineurs, augmenter de 10 % par an le prix des cigarettes, interdire les puffs, les pouches<a href=\"#_ftn4\" name=\"_ftnref4\">[4]<\/a> et les NicoPods<a href=\"#_ftn5\" name=\"_ftnref5\">[5]<\/a>, ainsi que les filtres des cigarettes figuraient parmi les mesures fortes.<\/p>\n<p style=\"text-align: justify;\"><strong>Mots-cl\u00e9s : PNLT, puff, Fran\u00e7ois Braun, Livre blanc.<\/strong><\/p>\n<p><strong><a href=\"https:\/\/www.generationsanstabac.org\/\">\u00a9G\u00e9n\u00e9ration Sans Tabac<\/a><\/strong><\/p>\n<p style=\"text-align: right;\"><em><strong>MF<\/strong><\/em><\/p>\n<p style=\"text-align: justify;\"><a href=\"#_ftnref1\" name=\"_ftn1\">[1]<\/a> Gerstemberg B, <a href=\"https:\/\/www.cnews.fr\/sante\/2023-06-19\/tabagisme-ambition-agenda-premieres-pistes-tout-savoir-sur-le-programme-national-de\"><em>Tabagisme : ambition, agenda, premi\u00e8res pistes\u2026 tout savoir sur le programme national de lutte contre le tabac 2023-2027<\/em><\/a>, CNews, publi\u00e9 le 19 juin 2023, consult\u00e9 le 21 juin 2023.<\/p>\n<p style=\"text-align: justify;\"><a href=\"#_ftnref2\" name=\"_ftn2\">[2]<\/a> OFDT, <a href=\"https:\/\/www.ofdt.fr\/publications\/collections\/tendances\/les-drogues-17-ans-analyse-de-lenquete-escapad-2022-tendances-155-mars-2022\/\"><em>Les drogues \u00e0 17 ans, Analyse de l\u2019enqu\u00eate ESCAPAD 2022<\/em><\/a>, Tendances n\u00b0155, mars 2023, 8 p.<\/p>\n<p style=\"text-align: justify;\"><a href=\"#_ftnref3\" name=\"_ftn3\">[3]<\/a> CNCT, <a href=\"https:\/\/cnct.fr\/wp-content\/uploads\/2023\/05\/CNCT_Livre_Blanc.pdf\"><em>Parvenir a\u0300 une ge\u0301ne\u0301ration sans tabac, Contribution de la socie\u0301te\u0301 civile, Livre blanc et propositions pour le Plan national de lutte contre le tabac 2023-2027<\/em><\/a>, mai 2023, 31 p.<\/p>\n<p style=\"text-align: justify;\"><a href=\"#_ftnref4\" name=\"_ftn4\">[4]<\/a> Sachets de nicotine qui se placent entre la gencive et la l\u00e8vre. A ne pas confondre avec les <em>snus<\/em>, des sachets de tabac qui s\u2019emploient de la m\u00eame mani\u00e8re.<\/p>\n<p style=\"text-align: justify;\"><a href=\"#_ftnref5\" name=\"_ftn5\">[5]<\/a> Petites billes de nicotine qui se placent sous la langue.<\/p>\n<p><strong><a href=\"http:\/\/www.cnct.fr\/\" target=\"_blank\" rel=\"noopener noreferrer\">Comit\u00e9 national contre le tabagisme |<\/a><\/strong><\/p>\n","protected":false},"excerpt":{"rendered":"<p>The outline of the next National Tobacco Control Program (NTCP) was unveiled by a member of the Minister of Health&#039;s office during a televised interview.<\/p>","protected":false},"featured_media":9891,"template":"","tags":[],"thematique":[491],"class_list":["post-21102","actualites","type-actualites","status-publish","has-post-thumbnail","hentry","thematique-politiques-publiques"],"acf":[],"_links":{"self":[{"href":"https:\/\/www.generationsanstabac.org\/en\/wp-json\/wp\/v2\/actualites\/21102","targetHints":{"allow":["GET"]}}],"collection":[{"href":"https:\/\/www.generationsanstabac.org\/en\/wp-json\/wp\/v2\/actualites"}],"about":[{"href":"https:\/\/www.generationsanstabac.org\/en\/wp-json\/wp\/v2\/types\/actualites"}],"version-history":[{"count":0,"href":"https:\/\/www.generationsanstabac.org\/en\/wp-json\/wp\/v2\/actualites\/21102\/revisions"}],"wp:featuredmedia":[{"embeddable":true,"href":"https:\/\/www.generationsanstabac.org\/en\/wp-json\/wp\/v2\/media\/9891"}],"wp:attachment":[{"href":"https:\/\/www.generationsanstabac.org\/en\/wp-json\/wp\/v2\/media?parent=21102"}],"wp:term":[{"taxonomy":"post_tag","embeddable":true,"href":"https:\/\/www.generationsanstabac.org\/en\/wp-json\/wp\/v2\/tags?post=21102"},{"taxonomy":"thematique","embeddable":true,"href":"https:\/\/www.generationsanstabac.org\/en\/wp-json\/wp\/v2\/thematique?post=21102"}],"curies":[{"name":"wp","href":"https:\/\/api.w.org\/{rel}","templated":true}]}}