{"id":21069,"date":"2023-06-05T08:00:26","date_gmt":"2023-06-05T06:00:26","guid":{"rendered":"https:\/\/www.generationsanstabac.org\/actualites\/stabilisation-du-tabagisme-en-france-a-un-niveau-eleve-selon-sante-publique-france\/"},"modified":"2023-06-05T08:00:26","modified_gmt":"2023-06-05T06:00:26","slug":"stabilisation-du-tabagisme-en-france-a-un-niveau-eleve-selon-sante-publique-france","status":"publish","type":"actualites","link":"https:\/\/www.generationsanstabac.org\/en\/actualites\/stabilisation-du-tabagisme-en-france-a-un-niveau-eleve-selon-sante-publique-france\/","title":{"rendered":"Smoking in France stabilizes at a high level, according to Public Health France"},"content":{"rendered":"<p style=\"text-align: justify;\"><em>Apr\u00e8s une baisse in\u00e9dite entre 2016 et 2019, la pr\u00e9valence du tabagisme s\u2019est stabilis\u00e9e \u00e0 31,8 % en France en 2022, selon les derni\u00e8res estimations de Sant\u00e9 publique France. Parmi les 12 millions de fumeurs quotidiens, le poids des in\u00e9galit\u00e9s sociales reste particuli\u00e8rement d\u00e9terminant. <\/em><\/p>\n<p style=\"text-align: justify;\">Premi\u00e8re cause de mortalit\u00e9 \u00e9vitable, le tabagisme reste un ph\u00e9nom\u00e8ne important en France, confirme une \u00e9tude r\u00e9alis\u00e9 en 2022 par Sant\u00e9 publique France<a href=\"#_ftn1\" name=\"_ftnref1\">[1]<\/a>. Celle-ci constate que la pr\u00e9valence tabagique globale chez les 18-75 ans est de 31,8 %, tandis que le tabagisme quotidien se situe \u00e0 24,5 %, des chiffres stables en comparaison de ceux relev\u00e9s en 2021.<\/p>\n<h2 style=\"text-align: justify;\"><strong>Un niveau de consommation \u00e9lev\u00e9 et une forte incidence des in\u00e9galit\u00e9s sociales<\/strong><\/h2>\n<p style=\"text-align: justify;\">Malgr\u00e9 certaines croyances persistantes, le tabagisme quotidien reste plus r\u00e9pandu chez les hommes (27,4 %) que chez les femmes (21,7 %). L\u2019augmentation du tabagisme f\u00e9minin constat\u00e9e entre 2019 et 2021 semble se stabiliser.<\/p>\n<p style=\"text-align: justify;\">Les autres marqueurs du tabagisme sont avant tout sociaux, puisqu\u2019ils tiennent \u00e0 la situation professionnelle, aux revenus et au niveau de dipl\u00f4me. Les ch\u00f4meurs (42,3 %) fument davantage quotidiennement que les personnes en activit\u00e9 (26,1 %) ou les \u00e9tudiants (19,1 %). Le tiers de la population dont les revenus sont les plus bas (33,6 %) affiche une plus forte pr\u00e9valence tabagique que le tercile dont les revenus sont les plus \u00e9lev\u00e9s (21,4 %) et celui dont les revenus sont interm\u00e9diaires (20,9 %). Le tabagisme quotidien est enfin plus pr\u00e9sent chez les personnes sans dipl\u00f4me ou avec un dipl\u00f4me inf\u00e9rieur au baccalaur\u00e9at (30,8 %) que chez celles titulaires d\u2019un dipl\u00f4me sup\u00e9rieur au baccalaur\u00e9at (16,8 %).<\/p>\n<p style=\"text-align: justify;\">Selon Fabienne El-Khoury, chercheuse en \u00e9pid\u00e9miologie sociale \u00e0 l\u2019Inserm, cette surrepr\u00e9sentation des cat\u00e9gories sociales les plus pr\u00e9caires s\u2019explique par plusieurs facteurs, qui tiennent \u00e0 la fois \u00e0 la pr\u00e9carit\u00e9 de leur situation, \u00e0 des normes sociales plus favorables au tabac et \u00e0 une plus grande distance vis-\u00e0-vis des acteurs de soin (m\u00e9decins, pharmaciens)<a href=\"#_ftn2\" name=\"_ftnref2\">[2]<\/a>.<\/p>\n<p style=\"text-align: justify;\">L\u2019exp\u00e9rimentation des cigarettes \u00e9lectroniques est en hausse, passant de 38,7 % en 2021 \u00e0 41,2 % en 2022 ; l\u2019usage actuel et l\u2019usage quotidien de ces produits n\u2019\u00e9voluent pas de fa\u00e7on significative, m\u00eame s\u2019ils sont en hausse par rapport \u00e0 2016. L\u2019exp\u00e9rimentation de tabac chauff\u00e9 est pass\u00e9e de moins de 1 % en 2018 \u00e0 2,8 % en 2022 et l\u2019usage actuel reste autour de 0,1 %, ces \u00e9volutions n\u2019\u00e9tant pas significatives.<\/p>\n<h2 style=\"text-align: justify;\"><strong>6 fumeurs quotidiens sur 10 souhaiteraient sortir du tabagisme<\/strong><\/h2>\n<p style=\"text-align: justify;\">En parall\u00e8le de cette \u00e9tude, une analyse des donn\u00e9es du Barom\u00e8tre de Sant\u00e9 publique France 2021<a href=\"#_ftn3\" name=\"_ftnref3\">[3]<\/a> pointe que 59,3 % des fumeurs quotidiens souhaitent arr\u00eater de fumer, un chiffre qui reste lui aussi relativement stable. Les hommes sont plus nombreux que les femmes \u00e0 vouloir arr\u00eater de fumer (61,7% contre 56,5%) et \u00e0 avoir effectu\u00e9 une tentative d\u2019arr\u00eat dans l\u2019ann\u00e9e \u00e9coul\u00e9e (34,3% contre 25,8%), un \u00e9cart qui s\u2019observe d\u2019autant plus chez les 18-34 ans.<\/p>\n<p style=\"text-align: justify;\">Le bilan de la p\u00e9riode 2021-2022 au niveau de la population adulte reste ainsi tr\u00e8s mitig\u00e9 en mati\u00e8re de consommation de tabac. Il t\u00e9moigne non seulement de l\u2019impact de la crise sanitaire li\u00e9e \u00e0 la COVID-19 sur les comportements tabagiques et la sant\u00e9 mentale des Fran\u00e7ais, mais aussi \u2013 voire surtout  \u2013 de l\u2019arr\u00eat des augmentations significatives des taxes sur le tabac. Le prix r\u00e9el des produits du tabac n\u2019a plus augment\u00e9 depuis 2020 du fait de <a href=\"https:\/\/www.generationsanstabac.org\/actualites\/royaume-uni-laugmentation-des-prix-du-tabac-depasse-linflation\/\">l\u2019inflation<\/a>, et fait l\u2019objet de mesures de rattrapage depuis mars 2023. La relance d\u2019une politique active du prix devrait constituer un des enjeux des ann\u00e9es \u00e0 venir.<\/p>\n<p style=\"text-align: justify;\"><strong>Mots-cl\u00e9s : Sant\u00e9 publique France, pr\u00e9valence tabagique, arr\u00eat du tabac, prix.<\/strong><\/p>\n<p style=\"text-align: justify;\"><strong><a href=\"https:\/\/www.generationsanstabac.org\/\">\u00a9G\u00e9n\u00e9ration Sans Tabac<\/a><\/strong><\/p>\n<p style=\"text-align: right;\"><em><strong>MF<\/strong><\/em><\/p>\n<p style=\"text-align: justify;\"><a href=\"#_ftnref1\" name=\"_ftn1\">[1]<\/a> Pasquereau A, Andler R, Guignard R, Soullier N, Beck F, Nguyen-Thanh V. <a href=\"http:\/\/beh.santepubliquefrance.fr\/beh\/2023\/9-10\/2023_9-10_1.html\"><em>Pre\u0301valence du tabagisme et du vapotage en France me\u0301tropolitaine en 2022 parmi les 18-75 ans<\/em><\/a>. Bull E\u0301pide\u0301miol Hebd. 2023;(9-10):152-8. http:\/\/beh.santepubliquefrance.fr\/beh\/2023\/9-10\/2023_9-10_1.html<\/p>\n<p style=\"text-align: justify;\"><a href=\"#_ftnref2\" name=\"_ftn2\">[2]<\/a> Le Romanser A, <a href=\"https:\/\/www.liberation.fr\/societe\/sante\/tabagisme-chez-les-plus-precaires-la-dependance-a-la-nicotine-est-plus-importante-dans-les-milieux-defavorises-20230531_4JZQ3DCSN5E5TKT7UOCEVYBGNU\/\"><em>Tabagisme chez les plus pr\u00e9caires : \u00ab La d\u00e9pendance \u00e0 la nicotine est plus importante dans les milieux d\u00e9favoris\u00e9s \u00bb<\/em><\/a>, Lib\u00e9ration, publi\u00e9 le 31 mai 2023, consult\u00e9 le 1er juin 2023.<\/p>\n<p style=\"text-align: justify;\"><a href=\"#_ftnref3\" name=\"_ftn3\">[3]<\/a> Guignard R, Soullier N, Pasquereau A, Andler R, Beck F, Nguyen-Thanh V. <a href=\"http:\/\/beh.santepubliquefrance.fr\/beh\/2023\/9-10\/2023_9-10_2.html\"><em>Facteurs associe\u0301s a\u0300 l\u2019envie d\u2019arre\u0302ter de fumer et aux tentatives d\u2019arre\u0302t chez les fumeurs<\/em><\/a>. Re\u0301sultats du Barome\u0300tre de Sante\u0301 publique France 2021. Bull E\u0301pide\u0301miol Hebd. 2023;(9-10):159-65. http:\/\/beh.santepubliquefrance.fr\/beh\/2023\/9-10\/2023_9-10_2.html<\/p>\n<p style=\"text-align: justify;\"><strong><a href=\"http:\/\/www.cnct.fr\/\" target=\"_blank\" rel=\"noopener noreferrer\">Comit\u00e9 national contre le tabagisme |<\/a><\/strong><\/p>\n","protected":false},"excerpt":{"rendered":"<p>Apr\u00e8s une baisse in\u00e9dite entre 2016 et 2019, la pr\u00e9valence du tabagisme s\u2019est stabilis\u00e9e \u00e0 31,8 % en France en 2022, selon les derni\u00e8res estimations de Sant\u00e9 publique France. Parmi les 12 millions de fumeurs quotidiens, le poids des in\u00e9galit\u00e9s sociales reste particuli\u00e8rement d\u00e9terminant. Premi\u00e8re cause de mortalit\u00e9 \u00e9vitable, le tabagisme reste un ph\u00e9nom\u00e8ne important [&hellip;]<\/p>\n","protected":false},"featured_media":21070,"template":"","tags":[],"thematique":[474],"class_list":["post-21069","actualites","type-actualites","status-publish","has-post-thumbnail","hentry","thematique-sante"],"acf":[],"_links":{"self":[{"href":"https:\/\/www.generationsanstabac.org\/en\/wp-json\/wp\/v2\/actualites\/21069","targetHints":{"allow":["GET"]}}],"collection":[{"href":"https:\/\/www.generationsanstabac.org\/en\/wp-json\/wp\/v2\/actualites"}],"about":[{"href":"https:\/\/www.generationsanstabac.org\/en\/wp-json\/wp\/v2\/types\/actualites"}],"version-history":[{"count":0,"href":"https:\/\/www.generationsanstabac.org\/en\/wp-json\/wp\/v2\/actualites\/21069\/revisions"}],"wp:featuredmedia":[{"embeddable":true,"href":"https:\/\/www.generationsanstabac.org\/en\/wp-json\/wp\/v2\/media\/21070"}],"wp:attachment":[{"href":"https:\/\/www.generationsanstabac.org\/en\/wp-json\/wp\/v2\/media?parent=21069"}],"wp:term":[{"taxonomy":"post_tag","embeddable":true,"href":"https:\/\/www.generationsanstabac.org\/en\/wp-json\/wp\/v2\/tags?post=21069"},{"taxonomy":"thematique","embeddable":true,"href":"https:\/\/www.generationsanstabac.org\/en\/wp-json\/wp\/v2\/thematique?post=21069"}],"curies":[{"name":"wp","href":"https:\/\/api.w.org\/{rel}","templated":true}]}}