{"id":21068,"date":"2023-06-06T08:00:19","date_gmt":"2023-06-06T06:00:19","guid":{"rendered":"https:\/\/www.generationsanstabac.org\/actualites\/une-parlementaire-depose-un-projet-de-loi-interdisant-les-cigarettes-electroniques-jetables-en-france\/"},"modified":"2023-06-06T08:00:19","modified_gmt":"2023-06-06T06:00:19","slug":"une-parlementaire-depose-un-projet-de-loi-interdisant-les-cigarettes-electroniques-jetables-en-france","status":"publish","type":"actualites","link":"https:\/\/www.generationsanstabac.org\/en\/actualites\/une-parlementaire-depose-un-projet-de-loi-interdisant-les-cigarettes-electroniques-jetables-en-france\/","title":{"rendered":"MP introduces bill to ban disposable e-cigarettes in France"},"content":{"rendered":"<p style=\"text-align: justify;\"><em>La d\u00e9put\u00e9e Francesca Pasquini a pr\u00e9sent\u00e9, le 25 mai 2023, une proposition de loi visant \u00e0 interdire la commercialisation des cigarettes \u00e9lectroniques jetables (\u00ab puffs \u00bb). R\u00e9clam\u00e9e par les associations de lutte contre le tabagisme, cette mesure a d\u00e9j\u00e0 \u00e9t\u00e9 \u00e9voqu\u00e9e par Fran\u00e7ois Braun, le ministre de la Sant\u00e9 et de la pr\u00e9vention.  <\/em><\/p>\n<p style=\"text-align: justify;\">Apparues en France \u00e0 l\u2019automne 2021, les cigarettes \u00e9lectroniques jetables \u2013 aussi appel\u00e9es \u00ab puffs \u00bb \u2013 ont connu un rapide succ\u00e8s, en particulier aupr\u00e8s des jeunes et des adolescents. La large palette d\u2019ar\u00f4mes sucr\u00e9s rappelant ceux des friandises est l\u2019un des moteurs de cet engouement. Les puffs peuvent cependant contenir des sels de nicotine dont la consommation entra\u00eene une rapide addiction. En l\u2019absence de circuit de retraitement, ces produits sont \u00e9galement jet\u00e9s parmi les d\u00e9chets m\u00e9nagers ou dans la nature, occasionnant des rejets cons\u00e9quents de lithium (contenu dans la pile), de plastique et de substances toxiques.<\/p>\n<p style=\"text-align: justify;\">Le succ\u00e8s des puffs comme produit d\u2019initiation contribue \u00e9galement \u00e0 l\u2019augmentation de la consommation de cigarettes \u00e9lectroniques chez les adolescents, dont l\u2019usage quotidien a tripl\u00e9 en France en l\u2019espace de deux ans<a href=\"#_ftn1\" name=\"_ftnref1\">[1]<\/a>. L\u2019effet passerelle des cigarettes \u00e9lectroniques vers le tabagisme commen\u00e7ant \u00e0 \u00eatre d\u00e9montr\u00e9, plusieurs pays comme l\u2019Irlande, l\u2019Allemagne ou la Belgique ont d\u00e9cid\u00e9 d\u2019interdire les puffs.<\/p>\n<h2 style=\"text-align: left;\"><strong>Consensus autour de l\u2019interdiction des puffs jetables<\/strong><\/h2>\n<p style=\"text-align: justify;\">La question d\u2019une interdiction de ces produits se pose aujourd\u2019hui en France. Depuis plusieurs mois, l\u2019Alliance contre le tabac (ACT)<a href=\"#_ftn2\" name=\"_ftnref2\">[2]<\/a> et le Comit\u00e9 national contre le tabagisme (CNCT)<a href=\"#_ftn3\" name=\"_ftnref3\">[3]<\/a> alertent les pouvoirs publics sur le ciblage syst\u00e9matique des jeunes et des adolescents par les fabricants et les vendeurs de puffs. La publicit\u00e9 pour ces produits \u00e9tant interdite en dehors de lieux de vente et dans des conditions tr\u00e8s encadr\u00e9es, ce sont les influenceurs des r\u00e9seaux sociaux qui en font la promotion, loin des regards des adultes.<\/p>\n<p style=\"text-align: justify;\">Les appels des associations ont fini par \u00eatre entendus. Le 3 mai 2023, le ministre de la Sant\u00e9 et de la pr\u00e9vention, Fran\u00e7ois Braun, reconnaissait \u00e9tudier la possibilit\u00e9 d\u2019interdire les puffs en France. De son c\u00f4t\u00e9, la d\u00e9put\u00e9e \u00e9cologiste Francesca Pasquini (groupe NUPES) a d\u00e9pos\u00e9 le 25 mai 2023 une proposition de loi visant \u00e0 interdire les puffs. Pr\u00e9sent\u00e9e lors d\u2019un point presse avec l\u2019ACT, ce texte a d\u00e9j\u00e0 rassembl\u00e9 les signatures de 63 d\u00e9put\u00e9s de huit groupes parlementaires et s\u2019annonce comme une initiative\u00ab transpartisane \u00bb, qui devrait \u00e9galement recueillir l\u2019aval du gouvernement<a href=\"#_ftn4\" name=\"_ftnref4\">[4]<\/a>. Mme Pasquini esp\u00e8re que cette proposition de loi puisse \u00eatre inscrite \u00e0 l\u2019ordre du jour de la session parlementaire d\u2019automne 2023.<\/p>\n<p style=\"text-align: justify;\"><em>Pour en savoir davantage sur les puffs, consultez notre <\/em><a href=\"generationsanstabac.org\/article\/puffs-risque-epidemie-pediatrique\/\"><em>d\u00e9cryptage<\/em><\/a><em>. <\/em><\/p>\n<p style=\"text-align: justify;\"><strong>Mots-cl\u00e9s : cigarettes \u00e9lectroniques jetables, puffs, Francesca Pasquini, Fran\u00e7ois Braun. <\/strong><\/p>\n<p style=\"text-align: justify;\"><strong><a href=\"https:\/\/www.generationsanstabac.org\/\">\u00a9G\u00e9n\u00e9ration Sans Tabac<\/a><\/strong><\/p>\n<p style=\"text-align: right;\"><em><strong>MF<\/strong><\/em><\/p>\n<p style=\"text-align: justify;\"><a href=\"#_ftnref1\" name=\"_ftn1\">[1]<\/a> OFDT, <em><a href=\"https:\/\/www.ofdt.fr\/publications\/collections\/tendances\/les-drogues-17-ans-analyse-de-lenquete-escapad-2022-tendances-155-mars-2022\/\">Les drogues \u00e0 17 ans, Analyse de l\u2019enqu\u00eate ESCAPAD 2022<\/a><\/em>, Tendances n\u00b0155, mars 2023, 8 p.<\/p>\n<p style=\"text-align: justify;\"><a href=\"#_ftnref2\" name=\"_ftn2\">[2]<\/a> <a href=\"https:\/\/alliancecontreletabac.org\/2023\/04\/13\/pour-linterdiction-de-la-cigarette-electronique-jetable-puff-fleau-environnemental-et-sanitaire\/\"><em>La cigarette \u00e9lectronique jetable \u00ab puff \u00bb, un fl\u00e9au environnemental et sanitaire qu\u2019il faut interdire d\u2019urgence<\/em><\/a>, ACT, publi\u00e9 le 30 avril 2023, consult\u00e9 le 31 mai 2023.<\/p>\n<p style=\"text-align: justify;\"><a href=\"#_ftnref3\" name=\"_ftn3\">[3]<\/a> <a href=\"https:\/\/cnct.fr\/communiques\/puffs-le-cnct-demande-linterdiction-des-cigarettes-electroniques-jetables\/\"><em>Puffs : le CNCT demande l\u2019interdiction des cigarettes \u00e9lectroniques jetables<\/em><\/a>, CNCT, consult\u00e9 le 31 mai 2023.<\/p>\n<p style=\"text-align: justify;\"><a href=\"#_ftnref4\" name=\"_ftn4\">[4]<\/a> <a href=\"https:\/\/www.francetvinfo.fr\/replay-radio\/le-billet-vert\/sante-la-puff-interdite-dans-plusieurs-pays-europeens-dans-le-collimateur-des-responsables-sanitaires-en-france_5817761.html\"><em>Sant\u00e9 : la Puff, interdite dans plusieurs pays europ\u00e9ens, dans le collimateur des responsables sanitaires en France<\/em><\/a>, France Info, publi\u00e9 le 25 mai 2023, consult\u00e9 le 31 mai 2023.<\/p>\n<p style=\"text-align: justify;\"><strong><a href=\"http:\/\/www.cnct.fr\/\" target=\"_blank\" rel=\"noopener noreferrer\">Comit\u00e9 national contre le tabagisme |<\/a><\/strong><\/p>\n","protected":false},"excerpt":{"rendered":"<p>On May 25, 2023, MP Francesca Pasquini presented a bill to ban the sale of disposable electronic cigarettes (&quot;puffs&quot;).<\/p>","protected":false},"featured_media":11585,"template":"","tags":[],"thematique":[502,516],"class_list":["post-21068","actualites","type-actualites","status-publish","has-post-thumbnail","hentry","thematique-justice","thematique-nouveaux-produits"],"acf":[],"_links":{"self":[{"href":"https:\/\/www.generationsanstabac.org\/en\/wp-json\/wp\/v2\/actualites\/21068","targetHints":{"allow":["GET"]}}],"collection":[{"href":"https:\/\/www.generationsanstabac.org\/en\/wp-json\/wp\/v2\/actualites"}],"about":[{"href":"https:\/\/www.generationsanstabac.org\/en\/wp-json\/wp\/v2\/types\/actualites"}],"version-history":[{"count":0,"href":"https:\/\/www.generationsanstabac.org\/en\/wp-json\/wp\/v2\/actualites\/21068\/revisions"}],"wp:featuredmedia":[{"embeddable":true,"href":"https:\/\/www.generationsanstabac.org\/en\/wp-json\/wp\/v2\/media\/11585"}],"wp:attachment":[{"href":"https:\/\/www.generationsanstabac.org\/en\/wp-json\/wp\/v2\/media?parent=21068"}],"wp:term":[{"taxonomy":"post_tag","embeddable":true,"href":"https:\/\/www.generationsanstabac.org\/en\/wp-json\/wp\/v2\/tags?post=21068"},{"taxonomy":"thematique","embeddable":true,"href":"https:\/\/www.generationsanstabac.org\/en\/wp-json\/wp\/v2\/thematique?post=21068"}],"curies":[{"name":"wp","href":"https:\/\/api.w.org\/{rel}","templated":true}]}}