{"id":21067,"date":"2023-06-04T08:00:39","date_gmt":"2023-06-04T06:00:39","guid":{"rendered":"https:\/\/www.generationsanstabac.org\/actualites\/la-suisse-va-interdire-partiellement-la-publicite-sur-le-tabac\/"},"modified":"2023-06-04T08:00:39","modified_gmt":"2023-06-04T06:00:39","slug":"la-suisse-va-interdire-partiellement-la-publicite-sur-le-tabac","status":"publish","type":"actualites","link":"https:\/\/www.generationsanstabac.org\/en\/actualites\/la-suisse-va-interdire-partiellement-la-publicite-sur-le-tabac\/","title":{"rendered":"Switzerland to (partially) ban tobacco advertising"},"content":{"rendered":"<p style=\"text-align: justify;\"><em>Le Conseil f\u00e9d\u00e9ral suisse a pr\u00e9sent\u00e9 au Parlement le 24 mai 2023 ses propositions visant \u00e0 interdire la publicit\u00e9 sur le tabac dans l\u2019espace public, notamment \u00e0 destination des enfants<a href=\"#_ftn1\" name=\"_ftnref1\"><strong>[1]<\/strong><\/a>. Le dispositif tr\u00e8s partiel ne r\u00e9pond pas aux recommandations en mati\u00e8re d\u2019interdiction de la publicit\u00e9 du tabac. Le pays, qui n\u2019a pas ratifi\u00e9 la CCLAT \u2013 le trait\u00e9 de l\u2019OMS &#8211; demeure tr\u00e8s li\u00e9 \u00e0 l\u2019industrie du tabac. <\/em><\/p>\n<p style=\"text-align: justify;\">Cette proposition vient \u00e0 la suite de l\u2019initiative populaire \u00ab Enfants sans tabac \u00bb, lanc\u00e9e par l\u2019association du m\u00eame nom en 2019. Soutenue par les milieux de la sant\u00e9, elle avait \u00e9t\u00e9 approuv\u00e9e lors d\u2019une consultation par 56,6% des votants et 15 cantons sur 23 en f\u00e9vrier 2022<a href=\"#_ftn2\" name=\"_ftnref2\">[2]<\/a>. Son adoption imposait aux autorit\u00e9s f\u00e9d\u00e9rales de r\u00e9viser la l\u00e9gislation en vigueur.<\/p>\n<p style=\"text-align: justify;\">Cette volont\u00e9 de r\u00e8glementation sur la publicit\u00e9 des produits du tabac s\u2019explique par la volont\u00e9 des citoyens de r\u00e9duire l\u2019exposition des enfants au tabagisme. En 2022, 6,9% des jeunes \u00e2g\u00e9s de 11 \u00e0 15 ans en Suisse ont fum\u00e9 une cigarette au cours des 30 derniers jours selon l\u2019Office F\u00e9d\u00e9ral de la Sant\u00e9 Publique (OFSP)<a href=\"#_ftn3\" name=\"_ftnref3\">[3]<\/a>.<\/p>\n<p style=\"text-align: justify;\">Le projet envisag\u00e9 interdira toute forme de publicit\u00e9 pour les produits du tabac dans la presse \u00e9crite, les kiosques et les festivals. Sur internet, un contr\u00f4le de l\u2019\u00e2ge sera quant \u00e0 lui n\u00e9cessaire pour avoir acc\u00e8s \u00e0 la publicit\u00e9 et l\u2019achat de produits du tabac, sur une approche similaire \u00e0 celle sur les jeux d\u2019argents en ligne. Les cigarettiers devront par ailleurs d\u00e9clarer leurs d\u00e9penses publicitaires. Si le parlement adopte la proposition, ces r\u00e8gles entreront en vigueur en 2026.<\/p>\n<h2 style=\"text-align: justify;\"><strong>La Suisse reste encore loin des objectifs de l\u2019OMS dans la lutte antitabac<\/strong><\/h2>\n<p style=\"text-align: justify;\">\u00ab Toute publicit\u00e9 pouvant atteindre des mineurs sera interdite \u00bb, a d\u00e9clar\u00e9 Alain Berset, le pr\u00e9sident de la Conf\u00e9d\u00e9ration Suisse. \u00ab Le plus simple est d\u2019interdire la publicit\u00e9 sur le tabac \u2013 puisque les jeunes ont acc\u00e8s \u00e0 peu pr\u00e8s \u00e0 tout \u2013 sauf l\u00e0 o\u00f9 on est s\u00fbrs qu\u2019ils ne la verront pas, c\u2019est-\u00e0-dire sur certains sites Internet \u00bb<a href=\"#_ftn4\" name=\"_ftnref4\">[4]<\/a>.  L\u2019interdiction partielle de la publicit\u00e9 sur le tabac est cependant d\u00e9montr\u00e9e comme inefficace par les enseignements de la litt\u00e9rature scientifique et ce, depuis des d\u00e9cennies. L\u2019article 13 de la Convention-cadre de l\u2019OMS sur la lutte antitabac (CCLAT) pr\u00e9cise que seule l\u2019interdiction globale de la publicit\u00e9 en faveur du tabac est une mesure ayant \u00e9t\u00e9 reconnue comme efficace<a href=\"#_ftn5\" name=\"_ftnref5\">[5]<\/a>.<\/p>\n<p style=\"text-align: justify;\">L\u2019Association Suisse pour la pr\u00e9vention du tabagisme (ASPT) regrette le manque d\u2019ambition pour lutter contre l\u2019exposition des plus jeunes au tabac et \u00e9voque les conditions pratiques de la mise en \u0153uvre de cette interdiction.  Elle exige notamment que les <em>paywalls<\/em> mis en place afin d\u2019\u00e9viter l\u2019exposition des enfants aux publicit\u00e9s sur le tabac \u00ab r\u00e9pondent \u00e0 des normes d\u00e9finies \u00bb, afin d\u2019\u00e9viter qu\u2019elles ne soient d\u00e9tourn\u00e9es par les acteurs de l\u2019industrie du tabac. Dans un communiqu\u00e9, l\u2019ASPT regrette \u00e9galement que la proposition pr\u00e9voit que le pouvoir de contr\u00f4le soit d\u00e9l\u00e9gu\u00e9 aux cantons, et elle pr\u00e9conise que \u00ab la Conf\u00e9d\u00e9ration et les cantons effectuent des contr\u00f4les proactifs pour veiller au bon respect des r\u00e8gles \u00bb<a href=\"#_ftn6\" name=\"_ftnref6\">[6]<\/a>.<\/p>\n<p style=\"text-align: justify;\">La Suisse est l\u2019un des seuls pays d\u2019Europe avec Monaco et le Liechtenstein \u00e0 ne pas avoir ratifi\u00e9 la CCLAT en Europe. Lieu du si\u00e8ge social de Philip Morris International (PMI), British American Tobacco (BAT) et Japan Tobacco International (JTI), la politique de lutte contre le tabagisme demeure li\u00e9e aux positions des fabricants de tabac. Cette situation conduit la Suisse \u00e0 \u00eatre class\u00e9e \u00e0 l\u2019avant-derni\u00e8re place en 2021 de l\u2019Indice d\u2019Interf\u00e9rence de l\u2019industrie du tabac<a href=\"#_ftn7\" name=\"_ftnref7\">[7]<\/a>, soulignant le poids majeur des fabricants dans les politiques publiques. Les taxes sur le tabac n\u2019ont pas augment\u00e9 dans le pays depuis 2013, alors que chaque <a href=\"https:\/\/www.generationsanstabac.org\/actualites\/la-suisse-place-forte-de-linfluence-des-cigarettiers-en-europe\/\">ann\u00e9e environ 9 500 personnes meurent pr\u00e9matur\u00e9ment du tabagisme<\/a>, et que la consommation de tabac co\u00fbte \u00e0 la Suisse 5 milliards de francs suisses (4,6 milliards d\u2019euros) par an.<\/p>\n<p style=\"text-align: justify;\"><strong>Mots-cl\u00e9s : Suisse, publicit\u00e9, tabac, jeunes, enfants, r\u00e8glementation, initiative populaire, tabagisme<\/strong><\/p>\n<p style=\"text-align: justify;\"><strong><a href=\"https:\/\/www.generationsanstabac.org\/\">\u00a9G\u00e9n\u00e9ration Sans Tabac<\/a><\/strong><\/p>\n<p style=\"text-align: right;\"><em><strong>HD<\/strong><\/em><\/p>\n<p style=\"text-align: justify;\"><a href=\"#_ftnref1\" name=\"_ftn1\">[1]<\/a> <a href=\"https:\/\/www.rts.ch\/info\/suisse\/14048360-la-publicite-pour-le-tabac-bientot-largement-interdite.html\">La publicit\u00e9 pour le tabac bient\u00f4t largement interdite<\/a>, RTS, 25 mai 2023, consult\u00e9 le 30 mai 2023.<\/p>\n<p style=\"text-align: justify;\"><a href=\"#_ftnref2\" name=\"_ftn2\">[2]<\/a> <a href=\"https:\/\/www.20min.ch\/fr\/story\/la-publicite-pour-le-tabac-part-en-fumee-215772680614\">La publicit\u00e9 pour le tabac part en fum\u00e9e<\/a>, 20 minutes Suisse, 13 f\u00e9vrier 2022, consult\u00e9 le 30 mai 2023.<\/p>\n<p style=\"text-align: justify;\"><a href=\"#_ftnref3\" name=\"_ftn3\">[3]<\/a> <a href=\"https:\/\/www.bag.admin.ch\/bag\/fr\/home\/zahlen-und-statistiken\/zahlen-fakten-zu-sucht\/zahlen-fakten-zu-tabak.html\">Faits &amp; chiffres : tabac, Office F\u00e9d\u00e9ral de la Sant\u00e9 Publique<\/a>, consult\u00e9 le 30 mai 2023.<\/p>\n<p style=\"text-align: justify;\"><a href=\"#_ftnref4\" name=\"_ftn4\">[4]<\/a> <a href=\"https:\/\/www.lematin.ch\/story\/toute-publicite-pouvant-atteindre-des-mineurs-sera-interdite-755591457505\">\u00ab Toute publicit\u00e9 pouvant atteindre des mineurs sera interdite\u00bb<\/a>, Le Matin, 24 mai 2023, consult\u00e9 le 30 mai 2023<\/p>\n<p style=\"text-align: justify;\"><a href=\"#_ftnref5\" name=\"_ftn5\">[5]<\/a> <a href=\"https:\/\/apps.who.int\/iris\/bitstream\/handle\/10665\/42812\/9242591017.pdf;sequence=1\">Convention-cadre de l\u2019OMS sur la lutte antitabac<\/a>, consult\u00e9 le 31 mai 2023<\/p>\n<p style=\"text-align: justify;\"><a href=\"#_ftnref6\" name=\"_ftn6\">[6]<\/a> <a href=\"https:\/\/www.at-schweiz.ch\/fr\/news-media\/news?id=192&amp;-Enfants-sans-tabac-Le-Conseil-fdral-en-faveur-dune-mise-en-uvre-stricte\">\u00ab Enfants sans tabac \u00bb : Le Conseil f\u00e9d\u00e9ral en faveur d&rsquo;une mise en \u0153uvre stricte<\/a>, Association Suisse pour la Pr\u00e9vention du Tabagisme, 25 mai 2023, consult\u00e9 le 30 mai 2023<\/p>\n<p style=\"text-align: justify;\"><a href=\"#_ftnref7\" name=\"_ftn7\">[7]<\/a> <a href=\"https:\/\/www.at-schweiz.ch\/userfiles\/files\/Downloads\/GTIII\/Communiqu%C3%A9_GlobalTobaccoIndex_F.pdf\">Indice de l\u2019interf\u00e9rence de l\u2019industrie du tabac : la Suisse avant-derni\u00e8re au niveau mondial<\/a>, Association suisse pour la pr\u00e9vention du tabagisme, 2 novembre 2021, consult\u00e9 le 31 mai 2023.<\/p>\n<p style=\"text-align: justify;\"><strong><a href=\"http:\/\/www.cnct.fr\/\" target=\"_blank\" rel=\"noopener noreferrer\">Comit\u00e9 national contre le tabagisme |<\/a><\/strong><\/p>\n","protected":false},"excerpt":{"rendered":"<p>On 24 May 2023, the Swiss Federal Council presented its proposals to Parliament to ban tobacco advertising in public spaces, particularly aimed at children.<\/p>","protected":false},"featured_media":10868,"template":"","tags":[],"thematique":[502,499],"class_list":["post-21067","actualites","type-actualites","status-publish","has-post-thumbnail","hentry","thematique-justice","thematique-lobby"],"acf":[],"_links":{"self":[{"href":"https:\/\/www.generationsanstabac.org\/en\/wp-json\/wp\/v2\/actualites\/21067","targetHints":{"allow":["GET"]}}],"collection":[{"href":"https:\/\/www.generationsanstabac.org\/en\/wp-json\/wp\/v2\/actualites"}],"about":[{"href":"https:\/\/www.generationsanstabac.org\/en\/wp-json\/wp\/v2\/types\/actualites"}],"version-history":[{"count":0,"href":"https:\/\/www.generationsanstabac.org\/en\/wp-json\/wp\/v2\/actualites\/21067\/revisions"}],"wp:featuredmedia":[{"embeddable":true,"href":"https:\/\/www.generationsanstabac.org\/en\/wp-json\/wp\/v2\/media\/10868"}],"wp:attachment":[{"href":"https:\/\/www.generationsanstabac.org\/en\/wp-json\/wp\/v2\/media?parent=21067"}],"wp:term":[{"taxonomy":"post_tag","embeddable":true,"href":"https:\/\/www.generationsanstabac.org\/en\/wp-json\/wp\/v2\/tags?post=21067"},{"taxonomy":"thematique","embeddable":true,"href":"https:\/\/www.generationsanstabac.org\/en\/wp-json\/wp\/v2\/thematique?post=21067"}],"curies":[{"name":"wp","href":"https:\/\/api.w.org\/{rel}","templated":true}]}}