{"id":21057,"date":"2023-05-26T07:58:23","date_gmt":"2023-05-26T05:58:23","guid":{"rendered":"https:\/\/www.generationsanstabac.org\/actualites\/un-webinaire-attire-lattention-sur-les-consequences-de-la-culture-du-tabac-en-afrique\/"},"modified":"2025-01-16T15:52:52","modified_gmt":"2025-01-16T14:52:52","slug":"un-webinaire-attire-lattention-sur-les-consequences-de-la-culture-du-tabac-en-afrique","status":"publish","type":"actualites","link":"https:\/\/www.generationsanstabac.org\/en\/actualites\/un-webinaire-attire-lattention-sur-les-consequences-de-la-culture-du-tabac-en-afrique\/","title":{"rendered":"Webinar draws attention to consequences of tobacco growing in Africa"},"content":{"rendered":"<p style=\"text-align: justify\"><em>En pr\u00e9lude \u00e0 la Journ\u00e9e mondiale sans tabac du 31 mai, dont le th\u00e8me est cette ann\u00e9e \u00ab We need food, not tobacco \u00bb, l\u2019African Tobacco Control Alliance (ATCA) et le Comit\u00e9 national contre le tabagisme (CNCT) ont tenu le 23 mai 2023 un webinaire sur la culture du tabac en Afrique et ses nombreuses cons\u00e9quences \u00e9conomiques, \u00e9cologiques et sociales.<\/em><\/p>\n<p style=\"text-align: justify\"><em>\u00ab We need food, not tobacco \u00bb <\/em>(\u00ab nous avons besoin de nourriture, pas de tabac \u00bb), tel est le mot d\u2019ordre de la Journ\u00e9e mondiale sans tabac du 31 mai 2023<a href=\"#_ftn1\" name=\"_ftnref1\">[1]<\/a>. Il s\u2019agit non seulement de pointer que la culture du tabac se fait aux d\u00e9pens de l\u2019autosuffisance alimentaire, mais aussi d\u2019inciter les cultivateurs de tabac \u00e0 transf\u00e9rer leur activit\u00e9 vers d\u2019autres types de cultures.<\/p>\n<p style=\"text-align: justify\">C\u2019est pour approfondir ces questions que l\u2019ATCA et le CNCT ont organis\u00e9, le 23 mai 2023, un webinaire intitul\u00e9 \u00ab Cultivons les aliments, pas du tabac \u00bb, afin de faire le point sur les nombreux probl\u00e8mes que pose la culture du tabac.<\/p>\n<h2 style=\"text-align: justify\"><strong>La culture du tabac peu rentable, toxique et ali\u00e9nante<\/strong><\/h2>\n<p style=\"text-align: justify\">Parmi les intervenants qui ont particip\u00e9 \u00e0 ce webinaire, anim\u00e9 par Pascal Diethelm, vice-pr\u00e9sident du CNCT :<\/p>\n<ul style=\"text-align: justify\">\n<li>Leslie Rae Ferat, directrice ex\u00e9cutive de la Global Alliance for Tobacco Control (GATC), a expos\u00e9 en quoi la culture du tabac s\u2019oppose aux objectifs de d\u00e9veloppement durable \u00e9tablis par les Nations Unies. Cette culture est notamment en contradiction avec les objectifs n\u00b02 (s\u00e9curit\u00e9 alimentaire), 3 (sant\u00e9 et bien-\u00eatre), 4 (qualit\u00e9 de l\u2019\u00e9ducation), 8 (d\u00e9veloppement \u00e9conomique) et 15 (protection des \u00e9cosyst\u00e8mes). Elle constitue d\u2019autre part un obstacle \u00e0 l\u2019article 17 de la Convention-cadre pour la lutte antitabac (<a href=\"https:\/\/apps.who.int\/iris\/bitstream\/handle\/10665\/42812\/9242591017.pdf;sequence=1\">CCLAT<\/a>), qui encourage les Parties \u00e0 remplacer la culture du tabac par des solutions \u00e9conomiquement viables.<\/li>\n<li>Brenda Chitindi, pr\u00e9sidente de la Zambia Tobbaco Control Alliance (ZTCA), a \u00e9voqu\u00e9 les interf\u00e9rences des industriels du tabac aupr\u00e8s du gouvernement zambien et les discours rassurants sur la rentabilit\u00e9 de la culture du tabac. Vis-\u00e0-vis des cultivateurs de tabac, c\u2019est \u00e0 un v\u00e9ritable chantage que se livrent ces industriels en les rendant captifs d\u2019un syst\u00e8me de pr\u00eats et d\u2019endettement. Des associations vont \u00e0 la rencontre de ces cultivateurs pour les sensibiliser \u00e0 la n\u00e9cessit\u00e9 de migrer vers d\u2019autres types de culture.<\/li>\n<li>Inoussa Saouna Idi, pr\u00e9sident de SOS tabagisme Niger, est de son c\u00f4t\u00e9 revenu sur une \u00e9tude \u00e9tablissant un lien entre pauvret\u00e9 et tabagisme. En touchant les plus pauvres, le tabagisme d\u00e9tourne une part cons\u00e9quente du revenu familial, au d\u00e9triment des d\u00e9penses de nourriture, d\u2019\u00e9ducation et de sant\u00e9. De plus, les fumeurs pauvres n\u2019ont pas les moyens de soigner les maladies induites par le tabagisme et meurent jeunes. M. Saouna Idi a soulign\u00e9 les probl\u00e8mes d\u2019\u00e9galit\u00e9 pos\u00e9s par le tabagisme tant sur le plan social qu\u2019international, les industriels du tabac ayant tendance \u00e0 internaliser les profits et \u00e0 externaliser les co\u00fbts g\u00e9n\u00e9r\u00e9s par le tabac.<\/li>\n<\/ul>\n<p style=\"text-align: justify\">Le webinaire \u00e9tait anim\u00e9 par Pascal Diethelm, pr\u00e9sident d\u2019Oxysuisse et vice-pr\u00e9sident du CNCT, qui a conclu les \u00e9changes en invitant \u00e0 r\u00e9fl\u00e9chir sur les in\u00e9galit\u00e9s internationales et sur une meilleure justice internationale. Il a \u00e9galement encourag\u00e9 les participants des pays riches \u00e0 faire pression sur leur gouvernement pour augmenter la coop\u00e9ration et d\u00e9velopper l\u2019aide aux pays pauvres, ces derniers n\u2019ayant aucun budget pour financer la lutte contre le tabagisme dans leur pays.<\/p>\n<p style=\"text-align: justify\">Ce webinaire aura ainsi \u00e9t\u00e9 l\u2019occasion de cerner l\u2019ensemble des co\u00fbts \u00e9conomiques, sociaux et environnementaux induits par la culture du tabac, et de pointer la responsabilit\u00e9 de l\u2019industrie du tabac dans ce d\u00e9sastre global. Il fait aussi \u00e9cho \u00e0 la campagne de l\u2019ATCA intitul\u00e9e <a href=\"https:\/\/atca-africa.org\/world-no-tobacco-day-2023-africa-campaign\/\">\u00ab Feed Africa, not Big Tobacco \u00bb<\/a> <a href=\"https:\/\/atca-africa.org\/fr\/journee-mondiale-sans-tabac-2023\/\">(\u00ab Nourris l\u2019Afrique, pas les cigarettiers \u00bb<\/a>), d\u00e9ploy\u00e9e depuis mai 2023, qui encourage les gouvernements \u00e0 mettre un terme aux subventions accord\u00e9es \u00e0 la culture du tabac et \u00e0 inciter les cultivateurs \u00e0 se tourner vers des cultures plus durables.<\/p>\n<p style=\"text-align: justify\">Consultez nos d\u00e9cryptages pour en savoir davantage sur les cons\u00e9quences de la culture du tabac sur <a href=\"https:\/\/www.generationsanstabac.org\/article\/lindustrie-du-tabac-et-environnement\/\">l\u2019environnement<\/a> et sur le <a href=\"https:\/\/www.generationsanstabac.org\/article\/le-tabac-comme-obstacle-au-developpement-le-cas-du-malawi\/\">d\u00e9veloppement \u00e9conomique<\/a>.<\/p>\n<p>Revoir le <a href=\"https:\/\/www.youtube.com\/watch?v=yX-vctxClKo&amp;ab_channel=AfricanTobaccoControlAlliance-ATCA\">webinaire<\/a>.<\/p>\n<p style=\"text-align: justify\"><strong>Mots-cl\u00e9s : ATCA, CNCT, Afrique, culture du tabac, environnement, in\u00e9galit\u00e9s.<\/strong><\/p>\n<p><strong><a href=\"https:\/\/www.generationsanstabac.org\/\">\u00a9G\u00e9n\u00e9ration Sans Tabac<\/a><\/strong><\/p>\n<p style=\"text-align: right\"><em><strong>MF<\/strong><\/em><\/p>\n<p style=\"text-align: justify\"><a href=\"#_ftnref1\" name=\"_ftn1\">[1]<\/a> WHO, <a href=\"https:\/\/www.who.int\/europe\/news-room\/events\/item\/2023\/05\/31\/default-calendar\/world-no-tobacco-day-2023--we-need-food--not-tobacco\"><em>World No Tobacco Day 2023: We need food, not tobacco<\/em><\/a>, consult\u00e9 le 22 mai 2023.<\/p>\n<p><strong><a href=\"http:\/\/www.cnct.fr\/\" target=\"_blank\" rel=\"noopener noreferrer\">Comit\u00e9 national contre le tabagisme |<\/a><\/strong><\/p>\n","protected":false},"excerpt":{"rendered":"<p>As a prelude to World No Tobacco Day on May 31, whose theme this year is &quot;We need food, not tobacco&quot;, the African Tobacco Control Alliance (ATCA) and the National Committee against Tobacco (CNCT) held a webinar on May 23, 2023 on tobacco cultivation in Africa and its many economic, ecological and social consequences.<\/p>","protected":false},"featured_media":11573,"template":"","tags":[],"thematique":[480,565],"class_list":["post-21057","actualites","type-actualites","status-publish","has-post-thumbnail","hentry","thematique-environnement","thematique-sensibilisation"],"acf":[],"_links":{"self":[{"href":"https:\/\/www.generationsanstabac.org\/en\/wp-json\/wp\/v2\/actualites\/21057","targetHints":{"allow":["GET"]}}],"collection":[{"href":"https:\/\/www.generationsanstabac.org\/en\/wp-json\/wp\/v2\/actualites"}],"about":[{"href":"https:\/\/www.generationsanstabac.org\/en\/wp-json\/wp\/v2\/types\/actualites"}],"version-history":[{"count":0,"href":"https:\/\/www.generationsanstabac.org\/en\/wp-json\/wp\/v2\/actualites\/21057\/revisions"}],"wp:featuredmedia":[{"embeddable":true,"href":"https:\/\/www.generationsanstabac.org\/en\/wp-json\/wp\/v2\/media\/11573"}],"wp:attachment":[{"href":"https:\/\/www.generationsanstabac.org\/en\/wp-json\/wp\/v2\/media?parent=21057"}],"wp:term":[{"taxonomy":"post_tag","embeddable":true,"href":"https:\/\/www.generationsanstabac.org\/en\/wp-json\/wp\/v2\/tags?post=21057"},{"taxonomy":"thematique","embeddable":true,"href":"https:\/\/www.generationsanstabac.org\/en\/wp-json\/wp\/v2\/thematique?post=21057"}],"curies":[{"name":"wp","href":"https:\/\/api.w.org\/{rel}","templated":true}]}}