{"id":21055,"date":"2023-05-27T08:00:38","date_gmt":"2023-05-27T06:00:38","guid":{"rendered":"https:\/\/www.generationsanstabac.org\/actualites\/instrumentalisation-de-la-journee-mondiale-sans-tabac-au-maroc\/"},"modified":"2023-05-27T08:00:38","modified_gmt":"2023-05-27T06:00:38","slug":"instrumentalisation-de-la-journee-mondiale-sans-tabac-au-maroc","status":"publish","type":"actualites","link":"https:\/\/www.generationsanstabac.org\/en\/actualites\/instrumentalisation-de-la-journee-mondiale-sans-tabac-au-maroc\/","title":{"rendered":"Instrumentalization of World No Tobacco Day in Morocco"},"content":{"rendered":"<p style=\"text-align: justify;\"><em>Les propositions d\u2019\u00ab experts \u00bb marocains r\u00e9unis par le groupe Horizon Press reprennent en grande partie le discours des industriels du tabac sur la mani\u00e8re dont devrait s\u2019organiser la lutte antitabac. Le cadre de la Journ\u00e9e mondiale sans tabac a \u00e9t\u00e9 d\u00e9tourn\u00e9 \u00e0 cet effet, alors que le Maroc accuse un net d\u00e9ficit en mati\u00e8re de lutte contre le tabagisme.  <\/em><\/p>\n<p style=\"text-align: justify;\"><em>\u00ab Journ\u00e9e mondiale sans tabac : quelles r\u00e9solutions scientifiques et r\u00e9glementaires le Maroc devrait-il prendre ? \u00bb<\/em> Tel \u00e9tait le th\u00e8me d\u2019une table ronde organis\u00e9e le 18 mai 2023 \u00e0 Casablanca par le Cercle des \u00c9CO du groupe Horizon Press, qui r\u00e9unit des experts d\u2019un secteur \u2013 ici, la m\u00e9decine \u2013 pour \u00e9voquer des sujets \u00e9conomiques<a href=\"#_ftn1\" name=\"_ftnref1\">[1]<\/a>.<\/p>\n<h2 style=\"text-align: justify;\"><strong>Un discours similaire \u00e0 celui de l\u2019industrie du tabac <\/strong><\/h2>\n<p style=\"text-align: justify;\">Constatant que le co\u00fbt \u00e9conomique du tabagisme au Maroc est \u00e9valu\u00e9 \u00e0 5 milliards de dirhams (450 millions d\u2019euros) et que le nombre de fumeurs tend \u00e0 stagner ou augmenter, les experts convoqu\u00e9s ont critiqu\u00e9 l\u2019absence de politique contre le tabagisme au Maroc. Les rares mesures de protection de la population adopt\u00e9es se limitent aux interdictions de fumer dans les lieux publics et de commercialiser des produits non homologu\u00e9s. Des dispositions qui semblent de plus tr\u00e8s mal appliqu\u00e9es, puisque leurs d\u00e9crets d\u2019application n\u2019auraient jamais \u00e9t\u00e9 publi\u00e9s.<\/p>\n<p style=\"text-align: justify;\">Les experts convoqu\u00e9s par Horizon Press \u00e9taient \u00e9trangement unanimes sur la fa\u00e7on de rem\u00e9dier au tabagisme au Maroc et recommandaient tous de promouvoir l\u2019usage des cigarettes \u00e9lectroniques et du tabac chauff\u00e9, pr\u00e9sent\u00e9 comme des \u00ab <a href=\"https:\/\/www.generationsanstabac.org\/article\/alternatives-sans-combustion-le-discours-trompeur-de-philip-morris-sur-la-reduction-des-risques\/\">alternatives<\/a> \u00bb au tabagisme, plut\u00f4t que l\u2019arr\u00eat du tabac. Ce discours para\u00eet calqu\u00e9 sur celui que l\u2019industrie du tabac emprunte \u00e0 la r\u00e9duction des risques et qu\u2019elle utilise pour faire la publicit\u00e9 de ses nouveaux produits, qu\u2019il s\u2019agisse de tabac chauff\u00e9 ou de sachets de nicotine. Horizon Press participe par ailleurs \u00e0 la communication indirecte de Philip Morris International (PMI), en ayant par exemple invit\u00e9 Abla Benslimane, directrice des affaires externes de PMI Maroc, comme intervenante d\u2019une autre table-ronde organis\u00e9e par le Cercle des ECO et consacr\u00e9e aux femmes chef d\u2019entreprise, le 8 mars 2022<a href=\"#_ftn2\" name=\"_ftnref2\">[2]<\/a>.<\/p>\n<p style=\"text-align: justify;\">Pour parer ce discours d\u2019une aura scientifique, les industriels monnayent les services de professionnels de sant\u00e9 <a href=\"https:\/\/www.generationsanstabac.org\/actualites\/david-khayat-ancien-monsieur-cancer-industrie-tabac\/\">reconnus<\/a> qui viennent cr\u00e9dibiliser des op\u00e9rations \u00e0 vis\u00e9e essentiellement commerciales. Le Pr David Khayat, ancien pr\u00e9sident de l\u2019Institut National du Cancer (INCa) avait de cette mani\u00e8re particip\u00e9 en f\u00e9vrier 2020 \u00e0 une conf\u00e9rence sur la r\u00e9duction des risques organis\u00e9e \u00e0 Paris par Atlantic Sant\u00e9 et financ\u00e9e par Philip Morris International.<\/p>\n<h2 style=\"text-align: justify;\"><strong>Un \u00e9trange et soudain int\u00e9r\u00eat pour la CCLAT<\/strong><\/h2>\n<p style=\"text-align: justify;\">La principale nuance apport\u00e9e par la table-ronde organis\u00e9e \u00e0 Casablanca r\u00e9side dans une proposition visant \u00e0 faire ratifier la Convention-cadre contre la lutte antitabac (CCLAT) par le Maroc, l\u2019un des tr\u00e8s rares pays \u00e0 y avoir d\u00e9rog\u00e9. Avanc\u00e9e par le Dr Fatima Mazzi, m\u00e9decin en sant\u00e9 publique et membre de la commission des affaires sociales au Parlement<a href=\"#_ftn3\" name=\"_ftnref3\">[3]<\/a>, cette proposition ne fait habituellement pas partie des arguments d\u00e9fendus par l\u2019industrie du tabac, laquelle cherche au contraire \u00e0 faire dispara\u00eetre la CCLAT. A l\u2019approche de la prochaine Conf\u00e9rence des Parties (COP 10), qui r\u00e9unit tous les deux ans les pays ayant ratifi\u00e9 la CCLAT et doit se tenir en novembre 2023, il serait cependant possible d\u2019y voir une utilisation du Maroc pour d\u00e9stabiliser la CCLAT et l\u2019Organisation Mondiale de la Sant\u00e9 (OMS), cibles constantes de l\u2019industrie du tabac.<\/p>\n<h2 style=\"text-align: justify;\"><strong>D\u00e9tournement des \u00e9v\u00e8nements antitabac au Maroc<\/strong><\/h2>\n<p style=\"text-align: justify;\">Une des pratiques des industriels pour contrer les initiatives de l\u2019OMS consiste \u00e0 organiser un \u00e9v\u00e9nement en apparence scientifique en amont d\u2019un \u00e9v\u00e9nement de la lutte contre le tabagisme. Le proc\u00e9d\u00e9 a r\u00e9cemment \u00e9t\u00e9 utilis\u00e9 en Espagne, avec l\u2019organisation \u00e0 Madrid d\u2019une conf\u00e9rence scientifique sur la r\u00e9duction des risques, deux mois avant que ne se tienne dans la m\u00eame ville la 9<sup>\u00e8me<\/sup> Conf\u00e9rence europ\u00e9enne Tabac ou Sant\u00e9<a href=\"#_ftn4\" name=\"_ftnref4\">[4]<\/a>. La premi\u00e8re de ces conf\u00e9rences, d\u00e9nonc\u00e9e par le Minist\u00e8re de la Sant\u00e9 espagnol et par l\u2019OMS, s\u2019\u00e9tait vue retirer le soutien de l\u2019Universit\u00e9 du roi Juan Carlos.<\/p>\n<p style=\"text-align: justify;\">La Journ\u00e9e mondiale sans tabac fait pour sa part r\u00e9guli\u00e8rement l\u2019objet de tentatives de d\u00e9tournement par les industriels du tabac et du vapotage pour <a href=\"https:\/\/www.generationsanstabac.org\/actualites\/journee-mondiale-sans-tabac-2021-oms-campagne-arret\/\">communiquer<\/a> sur leurs nouveaux produits ou organiser des contre-\u00e9v\u00e8nements. Les fabricants d\u2019e-liquides de France Vapotage \u2013 une organisation \u00e9manant de l\u2019industrie du tabac \u2013 ont ainsi organis\u00e9, depuis 2018, plusieurs \u00e9ditions d\u2019une Journ\u00e9e mondiale du vapotage auto-d\u00e9clar\u00e9e et situ\u00e9e opportun\u00e9ment le 30 mai, veille de la Journ\u00e9e mondiale sans tabac<a href=\"#_ftn5\" name=\"_ftnref5\">[5]<\/a>. De la m\u00eame mani\u00e8re, la table ronde organis\u00e9e par Horizon Press ressemble \u00e0 s\u2019y m\u00e9prendre \u00e0 un d\u00e9tournement de la Journ\u00e9e Mondiale sans tabac port\u00e9e par l\u2019OMS.<\/p>\n<p style=\"text-align: justify;\"><strong>Mots-cl\u00e9s : Maroc, Journ\u00e9e mondiale sans tabac, Horizon Press, OMS.<\/strong><\/p>\n<p><strong><a href=\"https:\/\/www.generationsanstabac.org\/\">\u00a9G\u00e9n\u00e9ration Sans Tabac<\/a><\/strong><\/p>\n<p style=\"text-align: right;\"><em><strong>MF<\/strong><\/em><\/p>\n<p style=\"text-align: justify;\"><a href=\"#_ftnref1\" name=\"_ftn1\">[1]<\/a> <a href=\"https:\/\/leseco.ma\/maroc\/lutte-contre-le-tabagisme-au-maroc-la-cause-stagne.html\"><em>Lutte contre le tabagisme : au Maroc, la cause stagne<\/em><\/a>, Les ECO, publi\u00e9 le 22 mai 2023, consult\u00e9 le 23 mai 2023.<\/p>\n<p style=\"text-align: justify;\"><a href=\"#_ftnref2\" name=\"_ftn2\">[2]<\/a> <a href=\"https:\/\/leseco.ma\/business\/le-groupe-horizon-press-celebre-la-femme.html\"><em>Le groupe Horizon Press c\u00e9l\u00e8bre la femme<\/em><\/a>, Les ECO, publi\u00e9 le 7 mars 2022, consult\u00e9 le 23 mai 2023.<\/p>\n<p style=\"text-align: justify;\"><a href=\"#_ftnref3\" name=\"_ftn3\">[3]<\/a> <a href=\"https:\/\/www.generationsanstabac.org\/actualites\/une-conference-sur-la-reduction-des-risques-compromise-a-madrid\/\"><em>Une conf\u00e9rence sur la r\u00e9duction des risques compromise \u00e0 Madrid<\/em><\/a><em>, <\/em>G\u00e9n\u00e9ration sans tabac, publi\u00e9 le 15 f\u00e9vrier 2023, consult\u00e9 le 23 mai 2023.<\/p>\n<p style=\"text-align: justify;\"><a href=\"#_ftnref4\" name=\"_ftn4\">[4]<\/a> <a href=\"https:\/\/www.libe.ma\/Appel-a-revoir-le-mode-de-lutte-contre-le-tabagisme-sur-les-plans-scientifique-juridique-et-d-approche-de_a138732.html\"><em>Appel \u00e0 revoir le mode de lutte contre le tabagisme sur les plans scientifique, juridique et d&rsquo;approche de sensibilisation<\/em><\/a>, Lib\u00e9ration (Maroc), publi\u00e9 le 21 mai 2023, consult\u00e9 le 23 mai 2023.<\/p>\n<p style=\"text-align: justify;\"><a href=\"#_ftnref5\" name=\"_ftn5\">[5]<\/a> France Vapotage, <a href=\"https:\/\/revuedestabacs.com\/blog\/journ%C3%A9e-mondiale-du-vapotage-un-30-mai-2022-revendicatif\/\"><em>Journ\u00e9e mondiale du vapotage : un 30 mai 2022 revendicatif<\/em><\/a>, La Revue des tabacs, publi\u00e9 le 16 mai 2022, consult\u00e9 le 23 mai 2022.<\/p>\n<p><strong><a href=\"http:\/\/www.cnct.fr\/\" target=\"_blank\" rel=\"noopener noreferrer\">Comit\u00e9 national contre le tabagisme |<\/a><\/strong><\/p>\n","protected":false},"excerpt":{"rendered":"<p>The proposals of Moroccan &quot;experts&quot; brought together by the Horizon Press group largely echo the discourse of tobacco manufacturers on how the fight against tobacco should be organized.<\/p>","protected":false},"featured_media":11569,"template":"","tags":[],"thematique":[499],"class_list":["post-21055","actualites","type-actualites","status-publish","has-post-thumbnail","hentry","thematique-lobby"],"acf":[],"_links":{"self":[{"href":"https:\/\/www.generationsanstabac.org\/en\/wp-json\/wp\/v2\/actualites\/21055","targetHints":{"allow":["GET"]}}],"collection":[{"href":"https:\/\/www.generationsanstabac.org\/en\/wp-json\/wp\/v2\/actualites"}],"about":[{"href":"https:\/\/www.generationsanstabac.org\/en\/wp-json\/wp\/v2\/types\/actualites"}],"version-history":[{"count":0,"href":"https:\/\/www.generationsanstabac.org\/en\/wp-json\/wp\/v2\/actualites\/21055\/revisions"}],"wp:featuredmedia":[{"embeddable":true,"href":"https:\/\/www.generationsanstabac.org\/en\/wp-json\/wp\/v2\/media\/11569"}],"wp:attachment":[{"href":"https:\/\/www.generationsanstabac.org\/en\/wp-json\/wp\/v2\/media?parent=21055"}],"wp:term":[{"taxonomy":"post_tag","embeddable":true,"href":"https:\/\/www.generationsanstabac.org\/en\/wp-json\/wp\/v2\/tags?post=21055"},{"taxonomy":"thematique","embeddable":true,"href":"https:\/\/www.generationsanstabac.org\/en\/wp-json\/wp\/v2\/thematique?post=21055"}],"curies":[{"name":"wp","href":"https:\/\/api.w.org\/{rel}","templated":true}]}}