{"id":21054,"date":"2023-05-25T08:00:56","date_gmt":"2023-05-25T06:00:56","guid":{"rendered":"https:\/\/www.generationsanstabac.org\/actualites\/la-convention-cadre-pour-la-lutte-antitabac-cclat-celebre-ses-20-ans\/"},"modified":"2023-05-25T08:00:56","modified_gmt":"2023-05-25T06:00:56","slug":"la-convention-cadre-pour-la-lutte-antitabac-cclat-celebre-ses-20-ans","status":"publish","type":"actualites","link":"https:\/\/www.generationsanstabac.org\/en\/actualites\/la-convention-cadre-pour-la-lutte-antitabac-cclat-celebre-ses-20-ans\/","title":{"rendered":"The Framework Convention on Tobacco Control (FCTC) celebrates its 20th anniversary"},"content":{"rendered":"<p style=\"text-align: justify;\"><em>Le 75<sup>\u00e8me<\/sup> anniversaire de la cr\u00e9ation de l\u2019Organisation Mondiale de la Sant\u00e9 (OMS) sera \u00e9galement l\u2019occasion de marquer le 20<sup>\u00e8me<\/sup> anniversaire de l\u2019adoption de la CCLAT. Ce premier trait\u00e9 international de sant\u00e9 \u2013 et jusqu\u2019ici le seul \u2013 a constitu\u00e9 une avanc\u00e9e majeure dans la lutte contre le tabagisme, en particulier dans les pays o\u00f9 la l\u00e9gislation sur le sujet \u00e9tait rudimentaire. <\/em><\/p>\n<p style=\"text-align: justify;\">La Convention-cadre pour la lutte antitabac est le premier trait\u00e9 bas\u00e9 sur la preuve scientifique qui r\u00e9affirme le droit universel \u00e0 la sant\u00e9. Il s\u2019appuie notamment sur l\u2019article 12 du Pacte international relatif aux droits \u00e9conomiques, sociaux et culturels (<a href=\"https:\/\/www.ohchr.org\/fr\/instruments-mechanisms\/instruments\/international-covenant-economic-social-and-cultural-rights%60\">PIDESC<\/a>), un trait\u00e9 des droits humains qui \u00e9tablit le droit de chacun au plus haut niveau de sant\u00e9.<\/p>\n<p style=\"text-align: justify;\">Con\u00e7ue pour r\u00e9duire et \u00e0 terme faire dispara\u00eetre la consommation de tabac, la <a href=\"https:\/\/apps.who.int\/iris\/bitstream\/handle\/10665\/42812\/9242591017.pdf\">CCLAT<\/a> propose un ensemble coh\u00e9rent de mesures concernant tous les aspects de la production, de la vente et de la consommation de tabac. Les pays ayant ratifi\u00e9 ce trait\u00e9 s\u2019engagent \u00e0 d\u00e9velopper la lutte contre le tabagisme dans leur pays, que ce soit en augmentant les taxes sur les produits du tabac, en interdisant la publicit\u00e9, la promotion et le m\u00e9c\u00e9nat pour ces produits, en combattant le commerce illicite ou en adoptant d\u2019autres mesures \u00e9prouv\u00e9es et efficaces de protection des populations.<\/p>\n<h2 style=\"text-align: justify;\"><strong>Un trait\u00e9 de sant\u00e9 largement ratifi\u00e9 <\/strong><\/h2>\n<p style=\"text-align: justify;\">Port\u00e9e par l\u2019OMS, la CCLAT a \u00e9t\u00e9 adopt\u00e9e le 21 mai 2003 et sign\u00e9e par 168 pays lors de l\u2019ann\u00e9e qui suivit, un record de rapidit\u00e9 dans l\u2019histoire des Nations Unies. La p\u00e9riode de n\u00e9gociations de la CCLAT, qui commen\u00e7a en 2000, fut le th\u00e9\u00e2tre de nombreux affrontements entre les acteurs de sant\u00e9 publique et l\u2019industrie du tabac \u00e0 travers des pays, influenc\u00e9s par les multinationales ou encore de mani\u00e8re plus indirecte via un plan mondial destin\u00e9 \u00e0 saper le processus et l\u2019issue du trait\u00e9<a href=\"#_ftn1\" name=\"_ftnref1\">[1]<\/a>. La vigilance exerc\u00e9e sur la formulation de ce trait\u00e9 a permis d\u2019aboutir \u00e0 un texte exigeant qui en garantit la consistance. Cette exigence s\u2019est notamment traduite par l\u2019organisation d\u2019auditions strictes et transparentes des repr\u00e9sentants de l\u2019industrie du tabac, ainsi que par l\u2019exclusion de ceux-ci du processus des n\u00e9gociations en tant que telles.<\/p>\n<p style=\"text-align: justify;\">A ce jour, 181 pays et 182 parties ont ratifi\u00e9 la CCLAT. Alors que l\u2019\u00e9pid\u00e9mie de tabagisme provoque 8 millions de morts chaque ann\u00e9e dans le monde, on estime que la CLATT a permis d\u2019\u00e9viter la mort pr\u00e9matur\u00e9e d\u2019environ 22 millions de personnes entre 2007 et 2014<a href=\"#_ftn2\" name=\"_ftnref2\">[2]<\/a>.<\/p>\n<h2 style=\"text-align: justify;\"><strong>La CCLAT, un seuil d\u2019exigence minimale pour la lutte antitabac <\/strong><\/h2>\n<p style=\"text-align: justify;\">Le 75\u00e8me anniversaire de l\u2019OMS<a href=\"#_ftn3\" name=\"_ftnref3\">[3]<\/a>, le 27 mai 2023, et la Journ\u00e9e mondiale sans tabac, le 31 mai<a href=\"#_ftn4\" name=\"_ftnref4\">[4]<\/a>, seront autant d\u2019occasions de c\u00e9l\u00e9brer les 20 ans de la CCLAT, consid\u00e9r\u00e9e comme l\u2019un des plus grands succ\u00e8s de l\u2019OMS. La prochaine conf\u00e9rence des parties (COP 10), qui se r\u00e9unit tous les deux ans pour faire le point sur l\u2019avancement de ce trait\u00e9, se tiendra pour sa part en novembre 2023. Elle sera une opportunit\u00e9 de rappeler que la CCLAT devrait repr\u00e9senter le minimum des mesures antitabac \u00e0 atteindre et que les \u00e9tats signataires sont invit\u00e9s \u00e0 en adopter de plus rigoureuses, comme son article 2.1 le pr\u00e9voit explicitement.<\/p>\n<p style=\"text-align: justify;\"><strong>Mots-cl\u00e9s : CCLAT, OMS, COP 10, Journ\u00e9e mondiale sans tabac.<\/strong><\/p>\n<p><strong><a href=\"https:\/\/www.generationsanstabac.org\/\">\u00a9G\u00e9n\u00e9ration Sans Tabac<\/a><\/strong><\/p>\n<p style=\"text-align: right;\"><em><strong>MF<\/strong><\/em><\/p>\n<p style=\"text-align: justify;\"><a href=\"#_ftnref1\" name=\"_ftn1\">[1]<\/a> Committee of Experts on Tobacco Industry Documents, World Health Organization. (2000). <em><a href=\"https:\/\/escholarship.org\/uc\/item\/83m9c2wt#author\">Tobacco Company Strategies to Undermine Tobacco Control Activities at the World Health Organization<\/a><\/em>. UCSF: Center for Tobacco Control Research and Education. Publi\u00e9 le 1<sup>er<\/sup> juillet 2000, consult\u00e9 le 22 mai 2023.<\/p>\n<p style=\"text-align: justify;\"><a href=\"#_ftnref2\" name=\"_ftn2\">[2]<\/a> ASH-Washington, <a href=\"https:\/\/ash.org\/20th-anniversary-adoption-of-who-fctc\/\"><em>20th anniversary of the adoption of the WHO FCTC<\/em><\/a>, publi\u00e9 le 21 mai 2023, consult\u00e9 le 22 mai 2023.<\/p>\n<p style=\"text-align: justify;\"><a href=\"#_ftnref3\" name=\"_ftn3\">[3]<\/a> WHO, <a href=\"https:\/\/www.who.int\/news-room\/events\/detail\/2023\/05\/27\/default-calendar\/celebrating-the-twentieth-anniversary-of-the-adoption-of-the-who-framework-convention-on-tobacco-control-a-fit-for-purpose-life-saving-treaty\"><em>Celebrating the twentieth anniversary of the adoption of the WHO Framework Convention on Tobacco Control: a fit-for-purpose life-saving treaty<\/em><\/a>, consult\u00e9 le 22 mai 2023.<\/p>\n<p style=\"text-align: justify;\"><a href=\"#_ftnref4\" name=\"_ftn4\">[4]<\/a> WHO, <a href=\"https:\/\/www.who.int\/europe\/news-room\/events\/item\/2023\/05\/31\/default-calendar\/world-no-tobacco-day-2023--we-need-food--not-tobacco\"><em>World No Tobacco Day 2023: We need food, not tobacco<\/em><\/a>, consult\u00e9 le 22 mai 2023.<\/p>\n<p><strong><a href=\"http:\/\/www.cnct.fr\/\" target=\"_blank\" rel=\"noopener noreferrer\">Comit\u00e9 national contre le tabagisme |<\/a><\/strong><\/p>\n","protected":false},"excerpt":{"rendered":"<p>The 75th anniversary of the creation of the World Health Organization (WHO) will also be an opportunity to mark the 20th anniversary of the adoption of the FCTC.<\/p>","protected":false},"featured_media":11567,"template":"","tags":[],"thematique":[491,474],"class_list":["post-21054","actualites","type-actualites","status-publish","has-post-thumbnail","hentry","thematique-politiques-publiques","thematique-sante"],"acf":[],"_links":{"self":[{"href":"https:\/\/www.generationsanstabac.org\/en\/wp-json\/wp\/v2\/actualites\/21054","targetHints":{"allow":["GET"]}}],"collection":[{"href":"https:\/\/www.generationsanstabac.org\/en\/wp-json\/wp\/v2\/actualites"}],"about":[{"href":"https:\/\/www.generationsanstabac.org\/en\/wp-json\/wp\/v2\/types\/actualites"}],"version-history":[{"count":0,"href":"https:\/\/www.generationsanstabac.org\/en\/wp-json\/wp\/v2\/actualites\/21054\/revisions"}],"wp:featuredmedia":[{"embeddable":true,"href":"https:\/\/www.generationsanstabac.org\/en\/wp-json\/wp\/v2\/media\/11567"}],"wp:attachment":[{"href":"https:\/\/www.generationsanstabac.org\/en\/wp-json\/wp\/v2\/media?parent=21054"}],"wp:term":[{"taxonomy":"post_tag","embeddable":true,"href":"https:\/\/www.generationsanstabac.org\/en\/wp-json\/wp\/v2\/tags?post=21054"},{"taxonomy":"thematique","embeddable":true,"href":"https:\/\/www.generationsanstabac.org\/en\/wp-json\/wp\/v2\/thematique?post=21054"}],"curies":[{"name":"wp","href":"https:\/\/api.w.org\/{rel}","templated":true}]}}