{"id":21043,"date":"2023-05-16T08:00:02","date_gmt":"2023-05-16T06:00:02","guid":{"rendered":"https:\/\/www.generationsanstabac.org\/actualites\/israel-sinterroge-sur-les-modalites-dinterdiction-des-cigarettes-electroniques\/"},"modified":"2023-05-16T08:00:02","modified_gmt":"2023-05-16T06:00:02","slug":"israel-sinterroge-sur-les-modalites-dinterdiction-des-cigarettes-electroniques","status":"publish","type":"actualites","link":"https:\/\/www.generationsanstabac.org\/en\/actualites\/israel-sinterroge-sur-les-modalites-dinterdiction-des-cigarettes-electroniques\/","title":{"rendered":"Israel ponders modalities for banning e-cigarettes"},"content":{"rendered":"<p style=\"text-align: justify;\"><em>Face \u00e0 la croissance tr\u00e8s rapide du vapotage chez les jeunes, le gouvernement isra\u00e9lien envisage plusieurs options, allant de l\u2019interdiction de l\u2019ensemble des cigarettes \u00e9lectroniques \u00e0 l\u2019interdiction des ar\u00f4mes caract\u00e9ristiques et \u00e0 l\u2019obligation d\u2019apposer des  avertissements graphiques sur les emballages standardis\u00e9s.<\/em><\/p>\n<p style=\"text-align: justify;\">La tr\u00e8s rapide croissance du vapotage chez les jeunes et les adolescents n\u2019ayant jamais fum\u00e9 inqui\u00e8te fortement les autorit\u00e9s isra\u00e9liennes. La consommation de cigarettes \u00e9lectroniques aurait en effet \u00e9t\u00e9 multipli\u00e9e par trois chez les adolescents de 12 \u00e0 14 ans en l\u2019espace d\u2019une seule ann\u00e9e. Le d\u00e9c\u00e8s, le 15 avril 2023, d\u2019un adolescent de 16 ans atteint d\u2019insuffisance respiratoire caus\u00e9e par plusieurs ann\u00e9es de vapotage<a href=\"#_ftn1\" name=\"_ftnref1\">[1]<\/a>, et l\u2019hospitalisation d\u2019un autre jeune de 16 ans deux semaines plus tard pour le m\u00eame motif<a href=\"#_ftn2\" name=\"_ftnref2\">[2]<\/a> ont par ailleurs fortement \u00e9mu l\u2019opinion publique.<\/p>\n<h2 style=\"text-align: justify;\"><strong>Un possible effet passerelle des cigarettes \u00e9lectroniques vers le tabac fum\u00e9<\/strong><\/h2>\n<p style=\"text-align: justify;\">Une \u00e9tude de Smoke Free Israel publi\u00e9e en 2022 a de son c\u00f4t\u00e9 r\u00e9v\u00e9l\u00e9 que la pr\u00e9valence tabagique a doubl\u00e9 en quatre ans chez les adolescents de 15 \u00e0 17 ans. L\u2019\u00e9tude \u00e9tablit un lien entre l\u2019initiation pr\u00e9coce des adolescents aux cigarettes \u00e9lectroniques et l\u2019installation d\u2019une consommation r\u00e9guli\u00e8re de tabac, et conclut \u00e0 un effet passerelle entre ces deux types de produits, aussi bien chez les adolescents que chez les adultes<a href=\"#_ftn3\" name=\"_ftnref3\">[3]<\/a>. Les cigarettes \u00e9lectroniques sont notamment mises en cause en ce qu\u2019elles r\u00e9duiraient la phase d\u2019exp\u00e9rimentation de la nicotine et qu\u2019elles induiraient plus rapidement une d\u00e9pendance.<\/p>\n<h2 style=\"text-align: justify;\"><strong>Sensibilisation aux dangers du vapotage et r\u00e9flexion sur la restriction de ce commerce<\/strong><\/h2>\n<p style=\"text-align: justify;\">Ces donn\u00e9es et ces \u00e9v\u00e8nements ont dans un premier temps conduit le ministre de la Sant\u00e9 \u00e0 ordonner une campagne de pr\u00e9vention du vapotage chez les jeunes, ainsi qu\u2019\u00e0 diffuser un programme de soins visant \u00e0 faciliter le sevrage des cigarettes \u00e9lectroniques chez les adolescents<a href=\"#_ftn4\" name=\"_ftnref4\">[4]<\/a>.<\/p>\n<p style=\"text-align: justify;\">Le ministre de la Sant\u00e9 \u00e9value \u00e9galement diff\u00e9rentes options pour contrer le d\u00e9veloppement des cigarettes \u00e9lectroniques. L\u2019une d\u2019entre elles serait l\u2019interdiction compl\u00e8te de la vente de cigarettes \u00e9lectroniques, comme l\u2019ont d\u00e9j\u00e0 d\u00e9cr\u00e9t\u00e9e plus de 48 pays<a href=\"#_ftn5\" name=\"_ftnref5\">[5]<\/a>. Cette ligne est soutenue par la Cancer Society isra\u00e9lienne, tandis que l\u2019Organisation Mondiale de la Sant\u00e9 (OMS) recommande de r\u00e9glementer les cigarettes \u00e9lectroniques lorsqu\u2019elles ne sont pas interdites<a href=\"#_ftn6\" name=\"_ftnref6\">[6]<\/a>.<\/p>\n<p style=\"text-align: justify;\">Parmi les autres options envisag\u00e9es, figurent l\u2019interdiction de tous les ar\u00f4mes caract\u00e9ristiques dans les e-liquides des cigarettes \u00e9lectroniques ou encore \u00e0 rendre obligatoire l\u2019apposition d\u2019avertissements sanitaires graphiques sur les emballages de tous les produits du vapotage. Les <a href=\"https:\/\/www.generationsanstabac.org\/actualites\/australie-audacieux-plan-de-lutte-contre-les-produits-du-tabac-et-de-la-nicotine\/\">mesures fortes<\/a> r\u00e9cemment adopt\u00e9es en Australie concernant l\u2019interdiction des importations et les restrictions de vente des cigarettes \u00e9lectroniques font \u00e9galement partie des hypoth\u00e8ses envisageables.<\/p>\n<h2 style=\"text-align: justify;\"><strong>Une politique volontaire sur les produits du tabac et du vapotage<\/strong><\/h2>\n<p style=\"text-align: justify;\">Ces mesures de restriction du vapotage ne sont pas totalement nouvelles en Isra\u00ebl, puisque ce pays avait d\u00e9j\u00e0 act\u00e9 l\u2019interdiction des cigarettes \u00e9lectroniques JUUL d\u00e8s 2018, au motif que ces produits contenaient plus de 20 mg\/ml de nicotine<a href=\"#_ftn7\" name=\"_ftnref7\">[7]<\/a>. Elles vont de pair avec des dispositions en mati\u00e8re de lutte contre le tabagisme stricto sensu. En 2022, Isra\u00ebl avait adopt\u00e9 une loi visant \u00e0 redynamiser la lutte contre le tabagisme. <a href=\"https:\/\/www.generationsanstabac.org\/actualites\/israel-se-prepare-a-intensifier-sa-lutte-contre-le-tabagisme\/\">Cette loi<\/a> comprenait le rel\u00e8vement \u00e0 21 ans de l\u2019\u00e2ge l\u00e9gal d\u2019achat des produits du tabac, l\u2019interdiction de fumer sur les balcons et des mesures de protection contre les ing\u00e9rences de l\u2019industrie du tabac.<\/p>\n<p style=\"text-align: justify;\"><strong>Mots-cl\u00e9s : Isra\u00ebl, cigarettes \u00e9lectroniques, effet passerelle, emballage neutre.<\/strong><\/p>\n<p><strong><a href=\"https:\/\/www.generationsanstabac.org\/\">\u00a9G\u00e9n\u00e9ration Sans Tabac<\/a><\/strong><\/p>\n<p style=\"text-align: right;\"><em><strong>MF<\/strong><\/em><\/p>\n<p style=\"text-align: justify;\"><a href=\"#_ftnref1\" name=\"_ftn1\">[1]<\/a> Siegel-Itzkovich J, <a href=\"https:\/\/www.jpost.com\/health-and-wellness\/article-739141#:~:text=Midan%20Mordechai%20Keller%2C%20the%2016,respiration%20failed%20to%20save%20him.\"><em>16-year-old Israeli dies after e-cig caused collapsed lung,<\/em><\/a> The Jerusalem Post, publi\u00e9 le 16 avril 2023, consult\u00e9 le 12 mai 2023.<\/p>\n<p style=\"text-align: justify;\"><a href=\"#_ftnref2\" name=\"_ftn2\">[2]<\/a> <a href=\"https:\/\/www.mivzaklive.com\/2023\/05\/02\/about-two-weeks-after-maiden-kellers-death-another-teenager-was-hospitalized-after-using-electronic-cigarettes\/\"><em>About two weeks after Maiden Keller\u2019s death: Another teenager was hospitalized after using electronic cigarettes<\/em><\/a>, MivzakLive News, publi\u00e9 le 2 mai 2023, consult\u00e9 le 12 mai 2023.<\/p>\n<p style=\"text-align: justify;\"><a href=\"#_ftnref3\" name=\"_ftn3\">[3]<\/a> Kislev, Shira &amp; Kislev, Mickey. (2022). <a href=\"https:\/\/www.researchgate.net\/publication\/365605649_Smoking_in_Israel_2022_The_Characteristics_of_Smoking_among_Adolescents_Youths_and_Adults\"><em>Smoking in Israel 2022: The Characteristics of Smoking among Adolescents, Youths and Adults<\/em><\/a>. 10.13140\/RG.2.2.28034.15049\/1.<\/p>\n<p style=\"text-align: justify;\"><a href=\"#_ftnref4\" name=\"_ftn4\">[4]<\/a> <a href=\"https:\/\/vinnews.com\/2023\/04\/19\/after-16-year-old-vaper-dies-when-his-lungs-failed-israeli-health-ministry-promotes-campaign-against-electronic-cigarettes\/\"><em>After 16-Year-Old Vaper Dies Of Lung Failure, Israeli Health Ministry Promotes Campaign Against Electronic Cigarettes<\/em><\/a>, VINnews, publi\u00e9 le 19 avril 2023, consult\u00e9 le 12 mai 2023.<\/p>\n<p style=\"text-align: justify;\"><a href=\"#_ftnref5\" name=\"_ftn5\">[5]<\/a> <a href=\"https:\/\/www.i24news.tv\/fr\/actu\/israel\/1683268626-israel-le-ministere-de-la-sante-envisage-d-interdire-la-cigarette-electronique\"><em>Isra\u00ebl : le minist\u00e8re de la Sant\u00e9 envisage d&rsquo;interdire la cigarette \u00e9lectronique<\/em><\/a>, i24News, publi\u00e9 le 5 mai 2023, consult\u00e9 le 12 mai 2023.<\/p>\n<p style=\"text-align: justify;\"><a href=\"#_ftnref6\" name=\"_ftn6\">[6]<\/a> <em><a href=\"https:\/\/www.who.int\/news-room\/questions-and-answers\/item\/tobacco-e-cigarettes\">What are the policy options for regulating ENDS?<\/a><\/em>, in <em><a href=\"https:\/\/www.who.int\/news-room\/questions-and-answers\/item\/tobacco-e-cigarettes\">Tobacco: E-cigarettes<\/a><\/em>, WHO, publi\u00e9 le 25 mai 2022, consult\u00e9 le 12 mai 2023.<\/p>\n<p style=\"text-align: justify;\"><a href=\"#_ftnref7\" name=\"_ftn7\">[7]<\/a> Williams D, <a href=\"https:\/\/www.reuters.com\/article\/us-ecigarettes-israel-idUSKCN1L61YW\"><em>Israel bans Juul e-cigarettes citing &lsquo;grave&rsquo; public health risk<\/em><\/a>, Reuters, publi\u00e9 le 21 ao\u00fbt 2018, consult\u00e9 le 12 mai 2023.<\/p>\n<p><strong><a href=\"http:\/\/www.cnct.fr\/\" target=\"_blank\" rel=\"noopener noreferrer\">Comit\u00e9 national contre le tabagisme |<\/a><\/strong><\/p>\n","protected":false},"excerpt":{"rendered":"<p>Faced with the very rapid growth of vaping among young people, the Israeli government is considering several options, ranging from banning all e-cigarettes to prohibiting characteristic flavors and requiring graphic warnings on standardized packaging.<\/p>","protected":false},"featured_media":21044,"template":"","tags":[],"thematique":[502,516],"class_list":["post-21043","actualites","type-actualites","status-publish","has-post-thumbnail","hentry","thematique-justice","thematique-nouveaux-produits"],"acf":[],"_links":{"self":[{"href":"https:\/\/www.generationsanstabac.org\/en\/wp-json\/wp\/v2\/actualites\/21043","targetHints":{"allow":["GET"]}}],"collection":[{"href":"https:\/\/www.generationsanstabac.org\/en\/wp-json\/wp\/v2\/actualites"}],"about":[{"href":"https:\/\/www.generationsanstabac.org\/en\/wp-json\/wp\/v2\/types\/actualites"}],"version-history":[{"count":0,"href":"https:\/\/www.generationsanstabac.org\/en\/wp-json\/wp\/v2\/actualites\/21043\/revisions"}],"wp:featuredmedia":[{"embeddable":true,"href":"https:\/\/www.generationsanstabac.org\/en\/wp-json\/wp\/v2\/media\/21044"}],"wp:attachment":[{"href":"https:\/\/www.generationsanstabac.org\/en\/wp-json\/wp\/v2\/media?parent=21043"}],"wp:term":[{"taxonomy":"post_tag","embeddable":true,"href":"https:\/\/www.generationsanstabac.org\/en\/wp-json\/wp\/v2\/tags?post=21043"},{"taxonomy":"thematique","embeddable":true,"href":"https:\/\/www.generationsanstabac.org\/en\/wp-json\/wp\/v2\/thematique?post=21043"}],"curies":[{"name":"wp","href":"https:\/\/api.w.org\/{rel}","templated":true}]}}