{"id":21039,"date":"2023-05-12T08:00:45","date_gmt":"2023-05-12T06:00:45","guid":{"rendered":"https:\/\/www.generationsanstabac.org\/actualites\/loms-exhorte-les-pays-a-ne-pas-travailler-avec-lindustrie-du-tabac\/"},"modified":"2023-05-12T08:00:45","modified_gmt":"2023-05-12T06:00:45","slug":"loms-exhorte-les-pays-a-ne-pas-travailler-avec-lindustrie-du-tabac","status":"publish","type":"actualites","link":"https:\/\/www.generationsanstabac.org\/en\/actualites\/loms-exhorte-les-pays-a-ne-pas-travailler-avec-lindustrie-du-tabac\/","title":{"rendered":"WHO urges countries not to work with tobacco industry"},"content":{"rendered":"<p style=\"text-align: justify;\"><em>L\u2019Organisation Mondiale de la Sant\u00e9 (OMS) met en garde les pays contre les tentatives d\u2019ing\u00e9rence de l\u2019industrie du tabac dans l\u2019\u00e9laboration des politiques publiques de lutte contre le tabagisme et du vapotage.<\/em><\/p>\n<p style=\"text-align: justify;\">Dans un communiqu\u00e9 publi\u00e9 le 3 mai 2023, l&rsquo;OMS se dit pr\u00e9occup\u00e9e par les tentatives incessantes des industriels et des tierces parties agissant pour elle en vue d&rsquo;influencer la recherche scientifique, la perception du public et des m\u00e9dias, l&rsquo;\u00e9laboration des politiques dans le but d&rsquo;assurer le d\u00e9veloppement de ses march\u00e9s des produits du tabac et de la nicotine<a href=\"#_ftn1\" name=\"_ftnref1\">[1]<\/a>.<\/p>\n<p style=\"text-align: justify;\">\u00ab Il existe un conflit fondamental et irr\u00e9conciliable entre les int\u00e9r\u00eats de l&rsquo;industrie du tabac et ceux de la politique de sant\u00e9 publique \u00bb, explique l\u2019organisation onusienne. \u00ab L&rsquo;OMS demande instamment \u00e0 tous les \u00c9tats membres de s&rsquo;assurer qu&rsquo;ils ne s&rsquo;associent pas \u00e0 l&rsquo;industrie du tabac ou \u00e0 ses groupes de fa\u00e7ade et qu&rsquo;ils n&rsquo;acceptent pas de fonds de leur part. \u00bb. L\u2019Organisation rappelle notamment que l\u2019industrie du tabac a ni\u00e9 durant des d\u00e9cennies le lien entre ses produits et le d\u00e9veloppement de cancers chez les fumeurs, ainsi que l\u2019impact <a href=\"https:\/\/www.generationsanstabac.org\/actualites\/le-tabagisme-passif-touche-tous-les-enfants-meme-chez-les-non-fumeurs\/\">du tabagisme passif sur la sant\u00e9 des non-fumeurs<\/a>.<\/p>\n<h2 style=\"text-align: justify;\"><strong>La lutte anti-tabac, nouvel habillage des cigarettiers<\/strong><\/h2>\n<p style=\"text-align: justify;\">Aujourd\u2019hui, alors que les dangers du tabac sur la sant\u00e9 et l\u2019environnement ne peuvent plus \u00eatre contest\u00e9s, l\u2019OMS d\u00e9nonce les tentatives des industriels pour promouvoir leurs nouveaux produits qu\u2019il s\u2019agisse du tabac chauff\u00e9, de cigarettes \u00e9lectroniques, ou d\u2019autres produits \u00e0 base de nicotine qui ciblent en particulier les enfants et jeunes adultes. L\u2019OMS alerte d\u2019autant plus les pays que les fabricants promeuvent ces produits en mettant en avant leur volont\u00e9 de cr\u00e9er un \u00ab monde sans tabac \u00bb.<\/p>\n<p style=\"text-align: justify;\">Par ce biais, les cigarettiers essaient \u00e9galement d\u2019influencer sur les politiques antitabac en d\u00e9veloppant des relations avec les gouvernements et institutions de sant\u00e9. Le pr\u00e9sident arm\u00e9nien a ainsi re\u00e7u le vice-pr\u00e9sident de Philip Morris le 18 avril 2023, avec comme but annonc\u00e9 que ce dernier participe aux efforts de lutte contre le tabagisme dans le pays afin dede parvenir \u00e0 un taux de tabagisme de 5% en 2040, contre 28% en 2022<a href=\"#_ftn2\" name=\"_ftnref2\">[2]<\/a>. L\u2019OMS insiste sur le fait que : \u00ab l\u2019&rsquo;industrie du tabac ne devrait \u00eatre partenaire d&rsquo;aucune initiative li\u00e9e \u00e0 la d\u00e9finition ou \u00e0 la mise en \u0153uvre de politiques de sant\u00e9 publique, sachant que ses int\u00e9r\u00eats sont fondamentalement inconciliables avec les objectifs de la sant\u00e9 publique \u00bb.<\/p>\n<p style=\"text-align: justify;\">Les liens entre les lobbys de l\u2019industrie du tabac et les d\u00e9cideurs politiques sont \u00e9galement au c\u0153ur des d\u00e9bats en Europe. <a href=\"https:\/\/www.generationsanstabac.org\/actualites\/la-mediatrice-europeenne-rappelle-la-commission-a-lordre-sur-ses-relations-avec-le-lobby-tabac\/\">La M\u00e9diatrice Europ\u00e9enne avait rappel\u00e9 \u00e0 l\u2019ordre la Commission Europ\u00e9enne et ses membres<\/a> pour leurs interactions jug\u00e9es comme allant \u00ab au-del\u00e0 des relations strictement n\u00e9cessaires \u00bb. Le manque de transparence sur ces discussions, comme l\u2019absence de comptes-rendus, \u00e9tait notamment en violation des dispositions de transparence dans les textes du trait\u00e9 de la Convention-cadre de Lutte Anti-Tabac (CCLAT).<\/p>\n<p style=\"text-align: justify;\">Face \u00e0 ces menaces d\u2019ing\u00e9rence, l\u2019OMS rappelle que les politiques de lutte contre le tabac efficaces sont r\u00e9unies dans la CCLAT que les pays ont ratifi\u00e9e \u00e0 quelques exceptions pr\u00e8s. Enfin elle souligne que la mise en \u0153uvre de ces mesures et la coop\u00e9ration d\u00e9velopp\u00e9e entre les pays ont d\u2019ores et d\u00e9j\u00e0 permis de prot\u00e9ger plus de 5 milliards de personnes contre les cons\u00e9quences sanitaires et environnementales du tabagisme.<\/p>\n<p><strong>Mots-cl\u00e9s : OMS, tabac, ing\u00e9rence, industrie, politique anti-tabac<\/strong><\/p>\n<p><strong><a href=\"https:\/\/www.generationsanstabac.org\/\">\u00a9G\u00e9n\u00e9ration Sans Tabac<\/a><\/strong><\/p>\n<p style=\"text-align: right;\"><em><strong>HD<\/strong><\/em><\/p>\n<p style=\"text-align: justify;\"><a href=\"#_ftnref1\" name=\"_ftn1\">[1]<\/a> <a href=\"https:\/\/www.who.int\/news\/item\/03-05-2023-who-and-tobacco-control-partners-urge-countries-not-to-partner-or-work-with-the-tobacco-industry\">L&rsquo;OMS et les partenaires de la lutte antitabac exhortent les pays \u00e0 ne pas s&rsquo;associer ou travailler avec l&rsquo;industrie du tabac<\/a>, OMS, 3 mai 2023<\/p>\n<p style=\"text-align: justify;\"><a href=\"#_ftnref2\" name=\"_ftn2\">[2]<\/a> <a href=\"https:\/\/www.courrier.am\/fr\/societe\/le-premier-cigarettier-mondial-lutte-contre-le-tabagisme-en-armenie\">Le premier cigarettier mondial lutte contre le tabagisme en Arm\u00e9nie<\/a>, Le Courrier Arm\u00e9nien, 21 avril 2023<\/p>\n<p><strong><a href=\"http:\/\/www.cnct.fr\/\" target=\"_blank\" rel=\"noopener noreferrer\">Comit\u00e9 national contre le tabagisme |<\/a><\/strong><\/p>\n","protected":false},"excerpt":{"rendered":"<p>The World Health Organization (WHO) is warning countries against attempts by the tobacco industry to interfere in the development of public policies to combat smoking and vaping.<\/p>","protected":false},"featured_media":11545,"template":"","tags":[],"thematique":[499,491],"class_list":["post-21039","actualites","type-actualites","status-publish","has-post-thumbnail","hentry","thematique-lobby","thematique-politiques-publiques"],"acf":[],"_links":{"self":[{"href":"https:\/\/www.generationsanstabac.org\/en\/wp-json\/wp\/v2\/actualites\/21039","targetHints":{"allow":["GET"]}}],"collection":[{"href":"https:\/\/www.generationsanstabac.org\/en\/wp-json\/wp\/v2\/actualites"}],"about":[{"href":"https:\/\/www.generationsanstabac.org\/en\/wp-json\/wp\/v2\/types\/actualites"}],"version-history":[{"count":0,"href":"https:\/\/www.generationsanstabac.org\/en\/wp-json\/wp\/v2\/actualites\/21039\/revisions"}],"wp:featuredmedia":[{"embeddable":true,"href":"https:\/\/www.generationsanstabac.org\/en\/wp-json\/wp\/v2\/media\/11545"}],"wp:attachment":[{"href":"https:\/\/www.generationsanstabac.org\/en\/wp-json\/wp\/v2\/media?parent=21039"}],"wp:term":[{"taxonomy":"post_tag","embeddable":true,"href":"https:\/\/www.generationsanstabac.org\/en\/wp-json\/wp\/v2\/tags?post=21039"},{"taxonomy":"thematique","embeddable":true,"href":"https:\/\/www.generationsanstabac.org\/en\/wp-json\/wp\/v2\/thematique?post=21039"}],"curies":[{"name":"wp","href":"https:\/\/api.w.org\/{rel}","templated":true}]}}