{"id":21036,"date":"2023-05-09T08:00:18","date_gmt":"2023-05-09T06:00:18","guid":{"rendered":"https:\/\/www.generationsanstabac.org\/actualites\/le-cnct-devoile-un-ensemble-de-mesures-fortes-pour-parvenir-a-une-generation-sans-tabac\/"},"modified":"2023-05-09T08:00:18","modified_gmt":"2023-05-09T06:00:18","slug":"le-cnct-devoile-un-ensemble-de-mesures-fortes-pour-parvenir-a-une-generation-sans-tabac","status":"publish","type":"actualites","link":"https:\/\/www.generationsanstabac.org\/en\/actualites\/le-cnct-devoile-un-ensemble-de-mesures-fortes-pour-parvenir-a-une-generation-sans-tabac\/","title":{"rendered":"CNCT unveils a set of strong measures to achieve a tobacco-free generation"},"content":{"rendered":"<p style=\"text-align: justify;\"><em>Dans un livre blanc<a href=\"#_ftn1\" name=\"_ftnref1\"><strong>[1]<\/strong><\/a> publi\u00e9 le 2 mai, r\u00e9alis\u00e9 avec le soutien financier de l\u2019ACT-Alliance contre le tabac et le Fonds de lutte contre les addictions, le Comit\u00e9 national contre le tabagisme (CNCT) propose un ensemble de mesures programmatiques pour parvenir \u00e0 une g\u00e9n\u00e9ration sans tabac en France d\u2019ici 2032. <strong> Le prochain Programme national de lutte contre le tabac (PNLT) sur la p\u00e9riode 2023 \u00e0 2027 devrait s\u2019appuyer sur ce rapport.  <\/strong><\/em><\/p>\n<p style=\"text-align: justify;\">L\u2019objectif d\u2019une g\u00e9n\u00e9ration sans tabac est en phase avec la volont\u00e9 des pouvoirs publics de r\u00e9duire fortement et durablement la pr\u00e9valence tabagique afin de parvenir \u00e0 un taux de fumeurs inf\u00e9rieur \u00e0 5% \u00e0 partir de la g\u00e9n\u00e9ration des jeunes ayant 18 ans en 2032.<\/p>\n<h2 style=\"text-align: justify;\"><strong>Prot\u00e9ger la jeune g\u00e9n\u00e9ration<\/strong><\/h2>\n<p style=\"text-align: justify;\">Dans ses mesures, le CNCT appelle \u00e0 relever l\u2019\u00e2ge l\u00e9gal de vente des produits du tabac \u00e0 21 ans, comme c\u2019est le cas aux \u00c9tats-Unis ou \u00e0 Singapour. D\u2019autre part, l\u2019interdiction de vente de tout produit du tabac aux personnes n\u00e9es \u00e0 partir de 2014 s\u2019inscrit dans le prolongement de cette mesure. Cette derni\u00e8re disposition a r\u00e9cemment \u00e9t\u00e9 adopt\u00e9e en Nouvelle-Z\u00e9lande, o\u00f9 toute personne n\u00e9e apr\u00e8s 2007 ne pourra pas acheter du tabac.<\/p>\n<p style=\"text-align: justify;\">Pour le CNCT, le tabagisme doit \u00eatre consid\u00e9r\u00e9 comme une \u00e9pid\u00e9mie p\u00e9diatrique. En effet, en France, 200 000 jeunes tombent chaque ann\u00e9e dans le tabagisme. Bien qu\u2019il ait recul\u00e9, l\u2019\u00e2ge de la premi\u00e8re cigarette demeure tr\u00e8s pr\u00e9coce et se situe autour de 14 ans. Le ciblage de l\u2019industrie du tabac qui concentre ses activit\u00e9s marketing \u00e0 l\u2019\u00e9gard des jeunes pour assurer le renouvellement de ses consommateurs explique dans une large mesure ces donn\u00e9es.<\/p>\n<h2 style=\"text-align: justify;\"><strong>Sortir le tabac de l\u2019\u00e9conomie<\/strong><\/h2>\n<p style=\"text-align: justify;\">Pour \u00eatre en accord avec les objectifs du d\u00e9veloppement durable (ODD) et d\u00e9normaliser le tabac et son industrie dans la soci\u00e9t\u00e9, le CNCT invite l\u2019ensemble des acteurs \u00e9conomiques, en particulier ceux de la banque, de la finance et de l\u2019assurance \u00e0 se d\u00e9sengager du secteur du tabac et de la nicotine. R\u00e9cemment, le CNCT s\u2019\u00e9tait f\u00e9licit\u00e9 de l\u2019exclusion sectorielle de l\u2019industrie du tabac du Label Investissement socialement responsable (ISR)<a href=\"#_ftn2\" name=\"_ftnref2\">[2]<\/a>. Les activit\u00e9s de l\u2019industrie du tabac sont incompatibles avec les activit\u00e9s socialement responsables : outre l\u2019aspect sanitaire majeur avec 8 millions de d\u00e9c\u00e8s pr\u00e9matur\u00e9s \u00e9vitables dans le monde, l\u2019industrie du tabac est une menace pour l\u2019environnement puisqu\u2019elle est, entre autres, \u00e0 l\u2019origine de 5% de la d\u00e9forestation mondiale.<\/p>\n<p style=\"text-align: justify;\">Le CNCT plaide \u00e9galement pour une r\u00e9vision du mod\u00e8le de r\u00e9mun\u00e9ration <a href=\"https:\/\/www.rtl.fr\/actu\/economie-consommation\/pourquoi-le-gouvernement-debloque-t-il-290-millions-d-euros-pour-les-buralistes-7900226587\">des buralistes<\/a> afin de plafonner ces revenus et dissuader les buralistes, comme c\u2019est le cas aujourd\u2019hui, de vendre toujours plus, leurs revenus \u00e9tant proportionnels \u00e0 la vente des produits du tabac. Cette logique de profitabilit\u00e9 n\u2019est pas \u00e9trang\u00e8re \u00e0 la faible application de l\u2019interdiction de vente des produits du tabac aux mineurs par les d\u00e9bitants. Dans une enqu\u00eate publi\u00e9e en mars 2022<a href=\"#_ftn3\" name=\"_ftnref3\">[3]<\/a>, le CNCT d\u00e9voilait que deux tiers des buralistes en France vendent du tabac \u00e0 des mineurs, bien que ce soit interdit depuis pr\u00e8s de 20 ans. Pour l\u2019association, cette accessibilit\u00e9 au tabac facilite l\u2019entr\u00e9e des jeunes dans le tabagisme.<\/p>\n<p style=\"text-align: justify;\">Le CNCT rappelle que les buralistes ont \u00e9t\u00e9 et sont encore massivement aid\u00e9s par la collectivit\u00e9 qui subventionne depuis des ann\u00e9es la diversification de leurs activit\u00e9s et leur assurer une reconversion.<\/p>\n<h2 style=\"text-align: justify;\"><strong>R\u00e9duire l\u2019attractivit\u00e9 du tabac et prot\u00e9ger l\u2019environnement en interdisant le filtre <\/strong><\/h2>\n<p style=\"text-align: justify;\">Le CNCT appelle les pouvoirs publics \u00e0 envisager le plus rapidement possible l\u2019interdiction du filtre, qui ne r\u00e9duit en rien les risques sanitaires pour le fumeur et qui est une source majeure de pollution \u00e0 l\u2019\u00e9chelle plan\u00e9taire.  4 500 milliards de m\u00e9gots de cigarettes sont ainsi jet\u00e9s au sol chaque ann\u00e9e, polluant durablement terres, oc\u00e9ans et rivi\u00e8res.<\/p>\n<p style=\"text-align: justify;\">De plus, les filtres contribuent \u00e0 faciliter l\u2019initiation au tabagisme car ils r\u00e9duisent l\u2019\u00e2cret\u00e9 de la fum\u00e9e et emp\u00eachent le d\u00e9p\u00f4t de brins dans la bouche jug\u00e9s d\u00e9sagr\u00e9ables par les consommateurs.<\/p>\n<p style=\"text-align: justify;\">L\u2019interdiction du filtre est une mesure en cours de discussion au niveau international et est au c\u0153ur des n\u00e9gociations du trait\u00e9 international sur le plastique<a href=\"#_ftn4\" name=\"_ftnref4\">[4]<\/a>.<\/p>\n<h2 style=\"text-align: justify;\"><strong>Avoir des politiques fiscales fortes et r\u00e9p\u00e9t\u00e9es <\/strong><\/h2>\n<p style=\"text-align: justify;\">Le Comit\u00e9 rappelle \u00e9galement la n\u00e9cessit\u00e9 de relancer une politique fiscale ambitieuse et coh\u00e9rente pour l\u2019ensemble des produits du tabac et de la nicotine. Une hausse continue des taxes \u00e0 hauteur de 10% par an est le pr\u00e9requis pour une politique de lutte contre le tabagisme r\u00e9ussie, notamment aupr\u00e8s des jeunes et des cat\u00e9gories populaires, premi\u00e8res victimes de l\u2019\u00e9pid\u00e9mie tabagique. Le tabagisme quotidien des populations dites pr\u00e9caires s\u2019est encore aggrav\u00e9 au cours de ces derni\u00e8res ann\u00e9es avec une hausse de 3,5 points et une pr\u00e9valence passant \u00e0 33,3% en 2021.<\/p>\n<p style=\"text-align: justify;\">L\u2019association pr\u00e9conise \u00e9galement la cr\u00e9ation d\u2019une cat\u00e9gorie fiscale sp\u00e9cifique pour les produits de la nicotine non pharmaceutique (produits du vapotage, sachets de nicotine, etc).<\/p>\n<p style=\"text-align: justify;\"><strong>Mots-cl\u00e9s : CNCT, Livre blanc, g\u00e9n\u00e9ration sans tabac, France, 2032, politique antitabac, tabagisme<\/strong><\/p>\n<p><strong><a href=\"https:\/\/www.generationsanstabac.org\/\">\u00a9G\u00e9n\u00e9ration Sans Tabac<\/a><\/strong><\/p>\n<p style=\"text-align: right;\"><em><strong>AE<\/strong><\/em><\/p>\n<p style=\"text-align: justify;\"><a href=\"#_ftnref1\" name=\"_ftn1\">[1]<\/a> Communiqu\u00e9 de presse, <a href=\"https:\/\/cnct.fr\/communiques\/le-comite-national-contre-le-tabagisme-propose-des-mesures-fortes-pour-parvenir-a-une-generation-sans-tabac-dici-2032\/\">Le Comit\u00e9 national contre le tabagisme (CNCT) propose des mesures fortes pour parvenir \u00e0 une g\u00e9n\u00e9ration sans tabac d\u2019ici 2032<\/a>, publi\u00e9 le 2 mai 2023, consult\u00e9 le 4 mai 2023<\/p>\n<p style=\"text-align: justify;\"><a href=\"#_ftnref2\" name=\"_ftn2\">[2]<\/a> Communiqu\u00e9 de presse, <a href=\"https:\/\/cnct.fr\/communiques\/le-cnct-salue-lexclusion-du-tabac-du-label-investissement-socialement-responsable-isr\/\">Le CNCT salue l\u2019exclusion du tabac du Label Investissement Socialement Responsable <\/a>(ISR), publi\u00e9 le 18 avril 2023, consult\u00e9 le 4 mai 2023<\/p>\n<p style=\"text-align: justify;\"><a href=\"#_ftnref3\" name=\"_ftn3\">[3]<\/a> Communiqu\u00e9 de presse, <a href=\"https:\/\/cnct.fr\/communiques\/deux-tiers-des-buralistes-vendent-du-tabac-au-mineurs-en-france-un-constat-accablant\/\">Deux tiers des buralistes vendent du tabac aux mineurs en France, un constat accablant<\/a>, publi\u00e9 le 10 mars 2022, consult\u00e9 le 4 mai 2023<\/p>\n<p style=\"text-align: justify;\"><a href=\"#_ftnref4\" name=\"_ftn4\">[4]<\/a> G\u00e9n\u00e9ration sans tabac, <a href=\"https:\/\/www.generationsanstabac.org\/actualites\/les-filtres-de-cigarettes-enjeu-de-poids-du-traite-sur-la-pollution-plastique\/\">Les filtres de cigarettes, enjeu de poids du trait\u00e9 sur la pollution plastique,<\/a> publi\u00e9 le 18 avril 2023, consult\u00e9 le 4 mai 2023<\/p>\n<p><strong><a href=\"http:\/\/www.cnct.fr\/\" target=\"_blank\" rel=\"noopener noreferrer\">Comit\u00e9 national contre le tabagisme |<\/a><\/strong><\/p>\n","protected":false},"excerpt":{"rendered":"<p>Dans un livre blanc[1] publi\u00e9 le 2 mai, r\u00e9alis\u00e9 avec le soutien financier de l\u2019ACT-Alliance contre le tabac et le Fonds de lutte contre les addictions, le Comit\u00e9 national contre le tabagisme (CNCT) propose un ensemble de mesures programmatiques pour parvenir \u00e0 une g\u00e9n\u00e9ration sans tabac en France d\u2019ici 2032. Le prochain Programme national de [&hellip;]<\/p>\n","protected":false},"featured_media":11540,"template":"","tags":[],"thematique":[502,474],"class_list":["post-21036","actualites","type-actualites","status-publish","has-post-thumbnail","hentry","thematique-justice","thematique-sante"],"acf":[],"_links":{"self":[{"href":"https:\/\/www.generationsanstabac.org\/en\/wp-json\/wp\/v2\/actualites\/21036","targetHints":{"allow":["GET"]}}],"collection":[{"href":"https:\/\/www.generationsanstabac.org\/en\/wp-json\/wp\/v2\/actualites"}],"about":[{"href":"https:\/\/www.generationsanstabac.org\/en\/wp-json\/wp\/v2\/types\/actualites"}],"version-history":[{"count":0,"href":"https:\/\/www.generationsanstabac.org\/en\/wp-json\/wp\/v2\/actualites\/21036\/revisions"}],"wp:featuredmedia":[{"embeddable":true,"href":"https:\/\/www.generationsanstabac.org\/en\/wp-json\/wp\/v2\/media\/11540"}],"wp:attachment":[{"href":"https:\/\/www.generationsanstabac.org\/en\/wp-json\/wp\/v2\/media?parent=21036"}],"wp:term":[{"taxonomy":"post_tag","embeddable":true,"href":"https:\/\/www.generationsanstabac.org\/en\/wp-json\/wp\/v2\/tags?post=21036"},{"taxonomy":"thematique","embeddable":true,"href":"https:\/\/www.generationsanstabac.org\/en\/wp-json\/wp\/v2\/thematique?post=21036"}],"curies":[{"name":"wp","href":"https:\/\/api.w.org\/{rel}","templated":true}]}}