{"id":21028,"date":"2023-05-02T08:00:39","date_gmt":"2023-05-02T06:00:39","guid":{"rendered":"https:\/\/www.generationsanstabac.org\/actualites\/en-cote-divoire-des-journalistes-ont-beneficie-dune-formation-sur-les-dommages-dus-au-tabac\/"},"modified":"2025-01-16T15:54:14","modified_gmt":"2025-01-16T14:54:14","slug":"en-cote-divoire-des-journalistes-ont-beneficie-dune-formation-sur-les-dommages-dus-au-tabac","status":"publish","type":"actualites","link":"https:\/\/www.generationsanstabac.org\/en\/actualites\/en-cote-divoire-des-journalistes-ont-beneficie-dune-formation-sur-les-dommages-dus-au-tabac\/","title":{"rendered":"In Ivory Coast, journalists received training on the harm caused by tobacco"},"content":{"rendered":"<p style=\"text-align: justify\"><em>A l\u2019initiative de l\u2019Organisation Mondiale de la Sant\u00e9 (OMS), une trentaine de journalistes ivoiriens ont \u00e9t\u00e9 form\u00e9s durant trois jours sur les cons\u00e9quences du tabagisme, afin de mieux \u00eatre en mesure de sensibiliser la population et les d\u00e9cideurs politiques. <\/em><\/p>\n<p style=\"text-align: justify\"><em>\u00ab Nous sommes conscients que nous sommes le 4\u00e8me pouvoir. On doit donc mettre ce pouvoir au service de la soci\u00e9t\u00e9. Soyons ambassadeurs de la lutte anti-tabac. \u00bb<\/em> C\u2019est par ces mots que Dimitri Agoutsi, pr\u00e9sident du R\u00e9seau des communicateurs pour la lutte contre le tabagisme, l&rsquo;alcoolisme en milieu scolaire et universitaire (RECLTASU), a ouvert la troisi\u00e8me \u00e9dition de la formation offerte aux journalistes ivoiriens pour attirer leur attention sur les dommages dus au tabac<a href=\"#_ftn1\" name=\"_ftnref1\">[1]<\/a>.<\/p>\n<h2 style=\"text-align: justify\"><strong>Alerter la population et sensibiliser les d\u00e9cideurs <\/strong><\/h2>\n<p style=\"text-align: justify\">Du 26 au 28 avril 2023, dans un h\u00f4tel de Dabou, trente journalistes ivoiriens ont b\u00e9n\u00e9fici\u00e9 de cette formation organis\u00e9e par le RECLTASU, l\u2019OMS et le Programme national de lutte contre le tabagisme, l&rsquo;alcoolisme et les autres addictions (PNLTA). Cette initiative de l\u2019OMS table sur les relais d\u2019opinion que sont les journalistes pour relayer les messages de la lutte contre le tabagisme \u00e0 la fois vers la population et vers les pouvoirs publics.<\/p>\n<p style=\"text-align: justify\"><em>\u00ab Les m\u00e9dias peuvent ainsi \u00eatre mis \u00e0 contribution, pour non seulement provoquer une prise de conscience du public sur les dommages caus\u00e9s par le tabac et l\u2019industrie du tabac, mais aussi pour asseoir les bases d\u2019un soutien du public \u00e0 une large campagne antitabac et partant, amener les dirigeants \u00e0 mettre la question du tabagisme sur l\u2019agenda gouvernemental \u00bb<\/em>, a ainsi pr\u00e9cis\u00e9 Kon\u00e9 Souleymane, le repr\u00e9sentant du directeur de l\u2019OMS pour la r\u00e9gion<a href=\"#_ftn2\" name=\"_ftnref2\">[2]<\/a>.<\/p>\n<h2 style=\"text-align: justify\"><strong>Les journalistes, cible de choix des industriels du tabac<\/strong><\/h2>\n<p style=\"text-align: justify\">La sensibilisation des journalistes aux diff\u00e9rentes facettes du tabac est un aspect essentiel de la lutte antitabac. Elle permet de d\u00e9jouer les strat\u00e9gies de l\u2019industrie du tabac, bas\u00e9es sur une instrumentalisation des sciences et un usage syst\u00e9matique du mensonge et de l\u2019amalgame. Des confusions sont ainsi volontairement entretenues par les industriels, par exemple entre cigarettes \u00e9lectroniques et <a href=\"https:\/\/www.generationsanstabac.org\/article\/alternatives-sans-combustion-le-discours-trompeur-de-philip-morris-sur-la-reduction-des-risques\/\">tabac chauff\u00e9<\/a>, ou entre snus et <a href=\"https:\/\/www.generationsanstabac.org\/actualites\/diffusion-et-confusion-autour-des-sachets-de-nicotine-en-france\/\">sachets de nicotine<\/a>. L\u2019exemple le plus flagrant, g\u00e9n\u00e9ralis\u00e9 dans la presse fran\u00e7aise, est l\u2019amalgame entre commerce illicite et achats hors du r\u00e9seau des buralistes, alors que ces derniers sont pour l\u2019essentiel constitu\u00e9s d\u2019achats transfrontaliers tout \u00e0 fait l\u00e9gaux. Les journalistes constituent \u00e9galement des <a href=\"https:\/\/www.generationsanstabac.org\/actualites\/utilisation-medias-suisses-japan-tobacco-international\/\">relais pr\u00e9cieux<\/a> pour l\u2019industrie du tabac, entre autres dans les pays africains, afin d\u2019agiter la menace de la contrebande et de freiner les augmentations des taxes sur le tabac. Ainsi, par exemple, au <a href=\"https:\/\/www.generationsanstabac.org\/actualites\/au-benin-la-lutte-contre-le-tabagisme-entravee-par-les-accords-commerciaux-et-lingerence-de-lindustrie\/\">B\u00e9nin<\/a>, des ateliers de formations organis\u00e9s par \u00ab l\u2019industrie l\u00e9gale du tabac \u00bb \u00e0 destination de magistrats, douaniers et policiers se concentraient exclusivement sur le commerce illicite sous couvert de participer \u00e0 la lutte antitabac.<\/p>\n<p style=\"text-align: justify\"><strong>Mots-cl\u00e9s : C\u00f4te d\u2019Ivoire, journalistes, OMS., sensibilisation.<\/strong><\/p>\n<p><strong><a href=\"https:\/\/www.generationsanstabac.org\/\">\u00a9G\u00e9n\u00e9ration Sans Tabac<\/a><\/strong><\/p>\n<p style=\"text-align: right\"><em><strong>MF<\/strong><\/em><\/p>\n<p style=\"text-align: justify\"><a href=\"#_ftnref1\" name=\"_ftn1\">[1]<\/a> Gouza E, <a href=\"https:\/\/www.linfodrome.com\/societe\/86230-lutte-contre-le-tabagisme-des-professionnels-des-medias-en-formation-a-dabou\"><em>Lutte contre le tabagisme : des professionnels des m\u00e9dias en formation \u00e0 dabou<\/em><\/a>, L\u2019Infodrome, publi\u00e9 le 27 avril 2023, consult\u00e9 le 28 avril 2023.<\/p>\n<p style=\"text-align: justify\"><a href=\"#_ftnref2\" name=\"_ftn2\">[2]<\/a> Bassol\u00e9 SB, <a href=\"https:\/\/www.aip.ci\/cote-divoire-aip-loms-sollicite-la-contribution-des-professionnels-des-medias-pour-une-prise-de-conscience-du-public-sur-les-dommages-causes-par-le-tabac\/\"><em>C\u00f4te d\u2019Ivoire-AIP\/ L\u2019OMS sollicite la contribution des professionnels des m\u00e9dias pour une prise de conscience du public sur les dommages caus\u00e9s par le tabac<\/em><\/a>, Agence Ivoirienne de Presse, publi\u00e9 le 27 avril 2023, consult\u00e9 le 28 avril 2023.<\/p>\n<div class=\"entry-content\">\n<p><strong><a href=\"http:\/\/www.cnct.fr\/\" target=\"_blank\" rel=\"noopener noreferrer\">Comit\u00e9 national contre le tabagisme |<\/a><\/strong><\/p>\n<\/div>\n","protected":false},"excerpt":{"rendered":"<p>At the initiative of the World Health Organization (WHO), around thirty Ivorian journalists were trained for three days on the consequences of smoking, in order to be better able to raise awareness among the population and political decision-makers.<\/p>","protected":false},"featured_media":11529,"template":"","tags":[],"thematique":[491,565],"class_list":["post-21028","actualites","type-actualites","status-publish","has-post-thumbnail","hentry","thematique-politiques-publiques","thematique-sensibilisation"],"acf":[],"_links":{"self":[{"href":"https:\/\/www.generationsanstabac.org\/en\/wp-json\/wp\/v2\/actualites\/21028","targetHints":{"allow":["GET"]}}],"collection":[{"href":"https:\/\/www.generationsanstabac.org\/en\/wp-json\/wp\/v2\/actualites"}],"about":[{"href":"https:\/\/www.generationsanstabac.org\/en\/wp-json\/wp\/v2\/types\/actualites"}],"version-history":[{"count":0,"href":"https:\/\/www.generationsanstabac.org\/en\/wp-json\/wp\/v2\/actualites\/21028\/revisions"}],"wp:featuredmedia":[{"embeddable":true,"href":"https:\/\/www.generationsanstabac.org\/en\/wp-json\/wp\/v2\/media\/11529"}],"wp:attachment":[{"href":"https:\/\/www.generationsanstabac.org\/en\/wp-json\/wp\/v2\/media?parent=21028"}],"wp:term":[{"taxonomy":"post_tag","embeddable":true,"href":"https:\/\/www.generationsanstabac.org\/en\/wp-json\/wp\/v2\/tags?post=21028"},{"taxonomy":"thematique","embeddable":true,"href":"https:\/\/www.generationsanstabac.org\/en\/wp-json\/wp\/v2\/thematique?post=21028"}],"curies":[{"name":"wp","href":"https:\/\/api.w.org\/{rel}","templated":true}]}}