{"id":21014,"date":"2023-04-21T08:00:19","date_gmt":"2023-04-21T06:00:19","guid":{"rendered":"https:\/\/www.generationsanstabac.org\/actualites\/pays-bas-le-rivm-suggere-plusieurs-pistes-pour-briser-lattractivite-des-cigarettes\/"},"modified":"2023-04-21T08:00:19","modified_gmt":"2023-04-21T06:00:19","slug":"pays-bas-le-rivm-suggere-plusieurs-pistes-pour-briser-lattractivite-des-cigarettes","status":"publish","type":"actualites","link":"https:\/\/www.generationsanstabac.org\/en\/actualites\/pays-bas-le-rivm-suggere-plusieurs-pistes-pour-briser-lattractivite-des-cigarettes\/","title":{"rendered":"Netherlands: RIVM suggests several ways to break the appeal of cigarettes"},"content":{"rendered":"<p style=\"text-align: justify;\"><em>Donner aux cigarettes une couleur sombre, supprimer le filtre, supprimer certains additifs, r\u00e9duire fortement la teneur en nicotine ou inscrire des messages sanitaires sur les cigarettes font partie des suggestions de l\u2019Institut national de la sant\u00e9 publique et de l\u2019environnement (RIVM) pour rendre les cigarettes moins attractives aux Pays-Bas.  <\/em><\/p>\n<p style=\"text-align: justify;\">Les Pays-Bas ont, ces derni\u00e8res ann\u00e9es, impuls\u00e9 plusieurs mesures pour d\u00e9normaliser le tabac : ils ont instaur\u00e9 le paquet neutre standardis\u00e9 pour les cigarettes et le tabac \u00e0 rouler, ont interdit <a href=\"https:\/\/www.generationsanstabac.org\/actualites\/pays-bas-entree-en-vigueur-de-la-suppression-des-etals-des-produits-du-tabac\/\">les \u00e9tals<\/a> de cigarettes sur les lieux de vente, ont multipli\u00e9 les espaces ext\u00e9rieurs <a href=\"https:\/\/www.generationsanstabac.org\/actualites\/succes-des-espaces-sans-tabac-aux-pays-bas\/\">sans tabac<\/a>. Ils vont restreindre le nombre de <a href=\"https:\/\/www.generationsanstabac.org\/actualites\/pays-bas-la-vente-de-tabac-en-supermarche-interdite-a-partir-de-2024\/\">points de vente<\/a> \u00e0 partir de 2024 et devraient porter le paquet de cigarettes \u00e0 10 \u20ac <a href=\"https:\/\/www.generationsanstabac.org\/actualites\/pays-bas-envisagent-porter-prix-paquet-cigarettes-47e-2040\/\">en 2025<\/a>. L\u2019Institut national de la sant\u00e9 publique et de l\u2019environnement (RIVM) souhaite \u00e9galement inclure aujourd\u2019hui des dispositions concernant le produit lui-m\u00eame.<\/p>\n<h2 style=\"text-align: justify;\"><strong>Plusieurs propositions pour modifier les cigarettes aux Pays-Bas<\/strong><\/h2>\n<p style=\"text-align: justify;\">Une \u00e9tude de la litt\u00e9rature conduite par le RIVM a r\u00e9pertori\u00e9 les diff\u00e9rentes mani\u00e8res de rendre les cigarettes moins attractives<a href=\"#_ftn1\" name=\"_ftnref1\">[1]<\/a>. Plusieurs pistes ont \u00e9t\u00e9 retenues dans ce sens :<\/p>\n<ul style=\"text-align: justify;\">\n<li>Donner une couleur sombre aux cigarettes serait une fa\u00e7on de briser leur attractivit\u00e9, en sugg\u00e9rant un go\u00fbt plus fort et des dommages plus importants sur la sant\u00e9<a href=\"#_ftn2\" name=\"_ftnref2\">[2]<\/a>. Ceci impliquerait un changement l\u00e9gislatif, la couleur blanche des cigarettes \u00e9tant requise par la loi aux Pays-Bas.<\/li>\n<li>Inscrire des messages sanitaires sur les cigarettes serait une mani\u00e8re d\u2019interpeler les fumeurs, tout en brisant le code visuel actuel et en alertant les non fumeurs. Cette option est \u00e9galement envisag\u00e9e <a href=\"https:\/\/www.generationsanstabac.org\/actualites\/royaume-uni-bientot-un-avertissement-sanitaire-sur-chaque-cigarette\/\">au Royaume-Uni<\/a> et <a href=\"https:\/\/www.generationsanstabac.org\/actualites\/canada-prepare-apposition-avertissements-sanitaires-cigarettes\/\">au Canada<\/a>.<\/li>\n<li>Supprimer le filtre des cigarettes permettrait de ne plus induire les fumeurs en erreur en leur laissant croire que celui- rend les cigarettes moins nocives. Les filtres ayant surtout une fonction marketing et \u00e9galement d\u2019att\u00e9nuer l\u2019\u00e2pret\u00e9 des cigarettes, <a href=\"https:\/\/www.generationsanstabac.org\/article\/interdire-le-filtre-est-le-seul-moyen-pour-reduire-la-pollution-liee-aux-megots\/\">les interdire<\/a> permettrait de faire mieux percevoir la dangerosit\u00e9 des produits, et en r\u00e9duirait l\u2019attractivit\u00e9 visuelle comme gustative. Cette mesure est \u00e9galement port\u00e9e en France par le Comit\u00e9 national contre le tabagisme.<\/li>\n<li>A la demande du minist\u00e8re de la Sant\u00e9, du bien-\u00eatre et du sport, le RIVM a \u00e9tabli une liste des additifs \u00e0 supprimer dans les produits du tabac et dans les e-liquides des cigarettes \u00e9lectroniques<a href=\"#_ftn3\" name=\"_ftnref3\">[3]<\/a>. Cette liste comprend tous les sucres et de nombreux agents de texture et de saveur, auxquels le RIVM a ajout\u00e9 les sels de nicotine, l\u2019ac\u00e9tate de vitamine E et le dioxyde de titane. Plus g\u00e9n\u00e9ralement, la pr\u00e9sence de vitamines para\u00eet contre-indiqu\u00e9e, en ce qu\u2019elle sous-entendrait un b\u00e9n\u00e9fice-sant\u00e9 des cigarettes \u00e9lectroniques, ce qui n\u2019est pas le cas. Au total, ce sont 149 substances qui sont r\u00e9pertori\u00e9es comme \u00e9tant ind\u00e9sirables. Une liste similaire a \u00e9galement \u00e9t\u00e9 \u00e9tablie en Allemagne et en Belgique, en pr\u00e9vision de la r\u00e9vision de la directive europ\u00e9enne sur les produits du tabac (TPD).<\/li>\n<li>Une autre option envisag\u00e9e est de r\u00e9duire significativement la teneur en nicotine des cigarettes, jusqu\u2019\u00e0 0,4 mg\/gramme au lieu de 16 mg actuellement. Les cigarettes obtenues n\u2019en seraient pas moins nocives, mais r\u00e9duiraient la d\u00e9pendance \u00e0 la nicotine. Une marque de ce type de cigarettes est en cours <a href=\"https:\/\/www.generationsanstabac.org\/actualites\/premiers-enseignements-de-la-commercialisation-des-cigarettes-a-teneur-reduite-en-nicotine\/\">d\u2019exp\u00e9rimentation<\/a> aux Etats-Unis.<\/li>\n<\/ul>\n<p style=\"text-align: justify;\"><strong>Mots-cl\u00e9s : Pays-Bas, RIVM, cigarettes, messages sanitaires, teneur r\u00e9duite en nicotine.<\/strong><\/p>\n<p><strong><a href=\"https:\/\/www.generationsanstabac.org\/\">\u00a9G\u00e9n\u00e9ration Sans Tabac<\/a><\/strong><\/p>\n<p style=\"text-align: right;\"><em><strong>MF<\/strong><\/em><\/p>\n<p style=\"text-align: justify;\"><a href=\"#_ftnref1\" name=\"_ftn1\">[1]<\/a> RIVM, <a href=\"https:\/\/www.rivm.nl\/en\/news\/darker-cigarettes-and-other-measures-to-make-cigarettes-less-appealing\"><em>Darker cigarettes and other measures to make cigarettes less appealing<\/em><\/a>, publi\u00e9 le 14 avril 2023, consult\u00e9 le 17 avril 2023.<\/p>\n<p style=\"text-align: justify;\"><a href=\"#_ftnref2\" name=\"_ftn2\">[2]<\/a> <a href=\"https:\/\/taketonews.com\/rivm-dark-cigarettes-and-a-ban-on-filters-and-flavors-would-discourage-smokers\/#:~:text=RIVM%3A%20dark%20cigarettes%20and%20a%20ban%20on%20filters,and%20the%20Environment%20%28RIVM%29%20based%20on%20literature%20research.\"><em>RIVM: dark cigarettes and a ban on filters and flavors would discourage smokers<\/em><\/a>, TakeToNews, publi\u00e9 le 13 avril 2023, consult\u00e9 le 17 avril 2023.<\/p>\n<p style=\"text-align: justify;\"><a href=\"#_ftnref3\" name=\"_ftn3\">[3]<\/a> RIVM, <a href=\"https:\/\/www.rivm.nl\/en\/news\/rivm-prepares-recommended-list-of-banned-substances-in-tobacco-products-and-e-cigarettes\"><em>RIVM prepares a recommended list of banned substances in tobacco products and e-cigarettes<\/em><\/a>, publi\u00e9 le 13 avril 2023, consult\u00e9 le 17 avril 2023.<\/p>\n<p><strong><a href=\"http:\/\/www.cnct.fr\/\" target=\"_blank\" rel=\"noopener noreferrer\">Comit\u00e9 national contre le tabagisme |<\/a><\/strong><\/p>\n","protected":false},"excerpt":{"rendered":"<p>Darker colors, the removal of filters and additives are among the ways to reduce the appeal of cigarettes in the Netherlands.<\/p>","protected":false},"featured_media":11505,"template":"","tags":[],"thematique":[491,474],"class_list":["post-21014","actualites","type-actualites","status-publish","has-post-thumbnail","hentry","thematique-politiques-publiques","thematique-sante"],"acf":[],"_links":{"self":[{"href":"https:\/\/www.generationsanstabac.org\/en\/wp-json\/wp\/v2\/actualites\/21014","targetHints":{"allow":["GET"]}}],"collection":[{"href":"https:\/\/www.generationsanstabac.org\/en\/wp-json\/wp\/v2\/actualites"}],"about":[{"href":"https:\/\/www.generationsanstabac.org\/en\/wp-json\/wp\/v2\/types\/actualites"}],"version-history":[{"count":0,"href":"https:\/\/www.generationsanstabac.org\/en\/wp-json\/wp\/v2\/actualites\/21014\/revisions"}],"wp:featuredmedia":[{"embeddable":true,"href":"https:\/\/www.generationsanstabac.org\/en\/wp-json\/wp\/v2\/media\/11505"}],"wp:attachment":[{"href":"https:\/\/www.generationsanstabac.org\/en\/wp-json\/wp\/v2\/media?parent=21014"}],"wp:term":[{"taxonomy":"post_tag","embeddable":true,"href":"https:\/\/www.generationsanstabac.org\/en\/wp-json\/wp\/v2\/tags?post=21014"},{"taxonomy":"thematique","embeddable":true,"href":"https:\/\/www.generationsanstabac.org\/en\/wp-json\/wp\/v2\/thematique?post=21014"}],"curies":[{"name":"wp","href":"https:\/\/api.w.org\/{rel}","templated":true}]}}