{"id":21009,"date":"2023-04-18T16:00:52","date_gmt":"2023-04-18T14:00:52","guid":{"rendered":"https:\/\/www.generationsanstabac.org\/actualites\/les-filtres-de-cigarettes-enjeu-de-poids-du-traite-sur-la-pollution-plastique\/"},"modified":"2023-04-18T16:00:52","modified_gmt":"2023-04-18T14:00:52","slug":"les-filtres-de-cigarettes-enjeu-de-poids-du-traite-sur-la-pollution-plastique","status":"publish","type":"actualites","link":"https:\/\/www.generationsanstabac.org\/en\/actualites\/les-filtres-de-cigarettes-enjeu-de-poids-du-traite-sur-la-pollution-plastique\/","title":{"rendered":"Cigarette filters, a major issue in the treaty on plastic pollution"},"content":{"rendered":"<p style=\"text-align: justify;\"><em>A l\u2019approche de la deuxi\u00e8me session de n\u00e9gociations du trait\u00e9 sur la pollution plastique, qui se tiendra \u00e0 Paris du 29 mai au 2 juin 2023, un webinaire organis\u00e9 par le Global Center for Good Governance in Tobacco Control (GGTC) a pr\u00e9cis\u00e9 les axes que d\u00e9fendront les acteurs de la lutte contre le tabagisme. L\u2019interdiction des filtres de cigarettes est le principal objectif des organisations de lutte contre le tabac et de protection de l\u2019environnement. <\/em><\/p>\n<p style=\"text-align: justify;\">Adopter un trait\u00e9 juridiquement contraignant afin de mettre un terme \u00e0 la pollution plastique, tel \u00e9tait le sens de la r\u00e9solution adopt\u00e9e le 2 mars 2022 par 175 pays membres du Conseil des Nations unies pour l\u2019environnement (CNUE). Cinq sessions de travaux pr\u00e9paratoires sont pr\u00e9vues avant les n\u00e9gociations du Comit\u00e9 intergouvernemental de n\u00e9gociation (CIN) devant conduire \u00e0 l\u2019adoption du trait\u00e9 ; la <a href=\"https:\/\/www.generationsanstabac.org\/actualites\/traite-sur-la-pollution-plastique-appel-a-interdire-les-filtres-des-cigarettes\/\">premi\u00e8re<\/a> s\u2019est tenue du 28 novembre au 3 d\u00e9cembre 2022 \u00e0 Punta del Este (Uruguay), la deuxi\u00e8me se d\u00e9roulera fin mai 2023 \u00e0 Paris. Originellement envisag\u00e9 fin 2024, ce trait\u00e9 devrait pouvoir \u00eatre men\u00e9 \u00e0 terme courant 2025.<\/p>\n<h2 style=\"text-align: justify;\"><strong>Les filtres, source majeure de pollution plastique<\/strong><\/h2>\n<p style=\"text-align: justify;\">De leur c\u00f4t\u00e9, les organisations non gouvernementales (ONG) de lutte contre le tabagisme et de protection de l\u2019environnement alertent depuis des ann\u00e9es sur la part consid\u00e9rable occup\u00e9e par les d\u00e9chets des produits du tabac et de la nicotine dans la pollution environnementale. 4500 milliards de m\u00e9gots de cigarettes sont ainsi jet\u00e9s au sol chaque ann\u00e9e, polluant durablement terres, rivi\u00e8res et oc\u00e9ans et constituant l\u2019un des principaux d\u00e9chets dans le monde. Les <a href=\"https:\/\/www.generationsanstabac.org\/article\/interdiction-filtres-cigarettes\/\">filtres<\/a> de cigarettes \u00e9tant compos\u00e9s de plastique (ac\u00e9tate de cellulose), les ONG entendent les faire reconna\u00eetre comme une des causes majeures de pollution et r\u00e9clament que leur interdiction soit inscrite dans ce trait\u00e9. Act\u00e9 le 17 d\u00e9cembre 2022, le r\u00e8glement d\u2019ex\u00e9cution (EU) 2020\/2151 de la Commission europ\u00e9enne a par exemple d\u00e9j\u00e0 sp\u00e9cifi\u00e9 que le <a href=\"https:\/\/www.generationsanstabac.org\/actualites\/plastique-filtre\/\">marquage<\/a> des produits en plastique \u00e0 usage unique englobe les filtres utilis\u00e9s pour les produits du tabac<a href=\"#_ftn1\" name=\"_ftnref1\">[1]<\/a>.<\/p>\n<p style=\"text-align: justify;\">Organis\u00e9 par le Global Center for Good Governance in Tobacco Control (GGTC), un webinaire international s\u2019est tenu le 13 avril 2023 pour pr\u00e9parer la deuxi\u00e8me session de travaux pr\u00e9paratoires. A cette occasion, Jyoti Mathur-Philipp, repr\u00e9sentante du Programme environnemental des Nations Unies, a rappel\u00e9 combien il est n\u00e9cessaire que le trait\u00e9 sur la pollution plastique soit juridiquement contraignant, et non pas une simple invitation aux \u00e9tats \u00e0 \u00e9laborer leur propre feuille de route. Louis Vayas Valdivieso, vice-ministre des Affaires \u00e9trang\u00e8res d\u2019Equateur, a appel\u00e9 \u00e0 ce que des m\u00e9canismes financiers et de mise en \u0153uvre soient d\u00e9ploy\u00e9s pour garantir l\u2019application du trait\u00e9.<\/p>\n<h2 style=\"text-align: justify;\"><strong>Contrer les pressions et les manipulations des industriels<\/strong><\/h2>\n<p style=\"text-align: justify;\">Nicolas Lopez Calvez, chercheur \u00e0 la San Diego State University, a soulign\u00e9 que les actions de ramassage de m\u00e9gots sont souvent le fait des collectivit\u00e9s locales et d\u2019ONG et confirm\u00e9 que le recyclage des m\u00e9gots ne fonctionne pas ; il a \u00e9galement relev\u00e9 que plusieurs articles (5.3, 9, 10, 13, 17, 18 et 19) de la Convention-cadre pour la lutte antitabac (CCLAT) peuvent \u00eatre mobilis\u00e9s pour lutter contre la pollution environnementale. Carroll Muffett, du Center for International Environmental Law (CIEL), a mentionn\u00e9 que la pr\u00e9sence de micro-plastiques \u00e9tait constat\u00e9e partout et que les produits devraient \u00eatre syst\u00e9matiquement soumis \u00e0 des contr\u00f4les de conformit\u00e9.<\/p>\n<p style=\"text-align: justify;\">Chris Bostic, de la branche \u00e9tatsunienne de Action on Smoking And Health (ASH), a quant \u00e0 lui regrett\u00e9 que la CIN soit ouverte aux industriels et qu\u2019il n\u2019existe pas de protection contre leurs interf\u00e9rences, comme le prescrit l\u2019article 5.3 de la CCLAT. Il a point\u00e9 l\u2019enjeu central du nettoyage, en alertant contre les tentatives de l\u2019industrie du tabac d\u2019en faire un terrain pour des actions de responsabilit\u00e9 sociale des entreprises (RSE). Il a enfin rappel\u00e9 les messages-cl\u00e9s de la Stop Tobacco Pollution Alliance (STPA) selon lesquels non seulement les filtres repr\u00e9sentent des d\u00e9chets toxiques, mais aussi que les d\u00e9chets de cigarettes \u00e9lectroniques (<a href=\"https:\/\/www.generationsanstabac.org\/actualites\/le-desastre-environnemental-des-cigarettes-electroniques-jetables\/\">jetables<\/a> ou non) et de dispositifs de tabac chauff\u00e9 en constituent \u00e9galement.<\/p>\n<p style=\"text-align: justify;\">Faire valoir l\u2019ensemble de ces consid\u00e9rations sera l\u2019un des enjeux de la deuxi\u00e8me session de travaux pr\u00e9paratoires de la CIN. Les intervenants du webinaire ont invit\u00e9 \u00e0 faire pression sur les gouvernements pour qu\u2019ils participent activement \u00e0 ce processus de n\u00e9gociations et concourent \u00e0 l\u2019interdiction des filtres de cigarettes.<\/p>\n<p style=\"text-align: justify;\"><em>Pour aller plus loin, lire notre <\/em><a href=\"https:\/\/www.generationsanstabac.org\/article\/interdire-le-filtre-est-le-seul-moyen-pour-reduire-la-pollution-liee-aux-megots\/\"><em>d\u00e9cryptage<\/em><\/a><em>. <\/em><\/p>\n<p style=\"text-align: justify;\"><strong>Mots-cl\u00e9s : Filtre, trait\u00e9 sur les plastiques, CIN, GGTC, STPA.<\/strong><\/p>\n<p><strong><a href=\"https:\/\/www.generationsanstabac.org\/\">\u00a9G\u00e9n\u00e9ration Sans Tabac<\/a><\/strong><\/p>\n<p style=\"text-align: right;\"><em><strong>MF<\/strong><\/em><\/p>\n<p style=\"text-align: justify;\"><a href=\"#_ftnref1\" name=\"_ftn1\">[1]<\/a> FCTC, <a href=\"https:\/\/untobaccocontrol.org\/impldb\/new-marking-on-tobacco-products-filters-containing-plastic-in-the-european-union\/\"><em>New marking on tobacco products filters containing plastic in the European Union<\/em><\/a>, consult\u00e9 le 14 avril 2023.<\/p>\n<p><strong><a href=\"http:\/\/www.cnct.fr\/\" target=\"_blank\" rel=\"noopener noreferrer\">Comit\u00e9 national contre le tabagisme |<\/a><\/strong><\/p>\n","protected":false},"excerpt":{"rendered":"<p>As the second round of negotiations on the treaty on plastic pollution approaches, banning cigarette filters is the main objective of anti-tobacco and environmental protection organizations.<\/p>","protected":false},"featured_media":10770,"template":"","tags":[],"thematique":[480,499],"class_list":["post-21009","actualites","type-actualites","status-publish","has-post-thumbnail","hentry","thematique-environnement","thematique-lobby"],"acf":[],"_links":{"self":[{"href":"https:\/\/www.generationsanstabac.org\/en\/wp-json\/wp\/v2\/actualites\/21009","targetHints":{"allow":["GET"]}}],"collection":[{"href":"https:\/\/www.generationsanstabac.org\/en\/wp-json\/wp\/v2\/actualites"}],"about":[{"href":"https:\/\/www.generationsanstabac.org\/en\/wp-json\/wp\/v2\/types\/actualites"}],"version-history":[{"count":0,"href":"https:\/\/www.generationsanstabac.org\/en\/wp-json\/wp\/v2\/actualites\/21009\/revisions"}],"wp:featuredmedia":[{"embeddable":true,"href":"https:\/\/www.generationsanstabac.org\/en\/wp-json\/wp\/v2\/media\/10770"}],"wp:attachment":[{"href":"https:\/\/www.generationsanstabac.org\/en\/wp-json\/wp\/v2\/media?parent=21009"}],"wp:term":[{"taxonomy":"post_tag","embeddable":true,"href":"https:\/\/www.generationsanstabac.org\/en\/wp-json\/wp\/v2\/tags?post=21009"},{"taxonomy":"thematique","embeddable":true,"href":"https:\/\/www.generationsanstabac.org\/en\/wp-json\/wp\/v2\/thematique?post=21009"}],"curies":[{"name":"wp","href":"https:\/\/api.w.org\/{rel}","templated":true}]}}