{"id":21001,"date":"2023-04-13T08:00:40","date_gmt":"2023-04-13T06:00:40","guid":{"rendered":"https:\/\/www.generationsanstabac.org\/actualites\/extension-de-linterdiction-de-fumer-en-foret-pour-lutter-contre-les-incendies\/"},"modified":"2023-04-13T08:00:40","modified_gmt":"2023-04-13T06:00:40","slug":"extension-de-linterdiction-de-fumer-en-foret-pour-lutter-contre-les-incendies","status":"publish","type":"actualites","link":"https:\/\/www.generationsanstabac.org\/en\/actualites\/extension-de-linterdiction-de-fumer-en-foret-pour-lutter-contre-les-incendies\/","title":{"rendered":"Smoking ban extended in forests to combat fires"},"content":{"rendered":"<p style=\"text-align: justify;\"><em>La loi sur la lutte contre le risque d\u2019incendies place entre les mains des pr\u00e9fets la possibilit\u00e9 d\u2019interdire de fumer dans certaines for\u00eats. Un amendement pr\u00e9cise qu\u2019un jet de m\u00e9got peut \u00eatre consid\u00e9r\u00e9 comme une des causes pouvant \u00ab\u00a0provoquer involontairement l&rsquo;incendie des bois et for\u00eats\u00a0\u00bb. <\/em><\/p>\n<p style=\"text-align: justify;\">Dans les lieux clos comme dans les espaces naturels, les cigarettes sont une source majeure d\u2019incendies. Ce sujet a \u00e9t\u00e9 pris en compte de deux mani\u00e8res dans la loi visant \u00e0 renforcer la pr\u00e9vention et la lutte contre l&rsquo;intensification et l&rsquo;extension du risque incendie, adopt\u00e9e en premi\u00e8re lecture au S\u00e9nat ce 4 avril 2023<a href=\"#_ftn1\" name=\"_ftnref1\">[1]<\/a>. La premi\u00e8re consiste \u00e0 \u00e9largir les possibilit\u00e9s d\u2019interdiction de fumer en for\u00eat, la seconde qualifie \u00e0 pr\u00e9sent le jet de m\u00e9got comme une des causes d\u2019incendie de for\u00eat.<\/p>\n<h2 style=\"text-align: justify;\"><strong>L\u2019interdiction de fumer en for\u00eat d\u00e9pend d\u00e9sormais du pr\u00e9fet <\/strong><\/h2>\n<p style=\"text-align: justify;\">Plusieurs arr\u00eat\u00e9s municipaux ou pr\u00e9fectoraux interdisent d\u00e9j\u00e0 de fumer dans certaines for\u00eats. La loi adopt\u00e9e ajoute au code forestier l\u2019article L.134-19, indiquant qu\u2019 <em>\u00ab Il est interdit de fumer dans les bois et for\u00eats r\u00e9gis par le pr\u00e9sent chapitre et jusqu\u2019\u00e0 une distance de 200 m\u00e8tres de ces bois et de ces for\u00eats pendant la p\u00e9riode \u00e0 risque d\u00e9finie par arr\u00eat\u00e9 du repr\u00e9sentant de l\u2019\u00c9tat dans le d\u00e9partement. \u00bb<a href=\"#_ftn2\" name=\"_ftnref2\"><strong>[2]<\/strong><\/a><\/em> C\u2019est donc au pr\u00e9fet que revient la d\u00e9cision d\u2019interdire de fumer dans les bois et for\u00eats, la mesure se restreignant toutefois \u00e0 ceux class\u00e9s \u00e0 \u00ab risque d\u2019incendie \u00bb ou situ\u00e9s dans les territoires \u00ab r\u00e9put\u00e9s particuli\u00e8rement expos\u00e9s aux risques d\u2019incendies \u00bb.<\/p>\n<p style=\"text-align: justify;\">En 2022, au titre de la pr\u00e9vention des incendies, certaines communes <a href=\"https:\/\/www.generationsanstabac.org\/actualites\/la-commune-de-langlade-interdit-de-fumer-dans-les-vehicules-prives\/\">du Gard<\/a> et <a href=\"https:\/\/www.generationsanstabac.org\/actualites\/vosges-un-maire-demande-linterdiction-totale-de-fumer-dans-les-vehicules\/\">des Vosges<\/a> avaient adopt\u00e9 les tout premiers arr\u00eat\u00e9s interdisant, parfois \u00e0 titre temporaire, de fumer dans les v\u00e9hicules traversant la commune. Une enqu\u00eate <a href=\"https:\/\/www.ipsos.com\/fr-fr\/sur-la-route-des-vacances-plus-d1-francais-sur-4-jette-ses-dechets-par-la-fenetre-de-sa-voiture\">IPSOS\/Vinci<\/a> de juillet 2021 avait, quant \u00e0 elle, point\u00e9 que plus du quart des fumeurs admettent jeter leur m\u00e9got par la fen\u00eatre du v\u00e9hicule.<\/p>\n<h2 style=\"text-align: justify;\"><strong>Le jet de m\u00e9got de cigarettes, explicit\u00e9 comme cause d\u2019incendies<\/strong><\/h2>\n<p style=\"text-align: justify;\">Qualifi\u00e9 de <em>\u00ab d\u00e9chet issu des produits \u00e0 fumer \u00bb<\/em>, le m\u00e9got de cigarette est pour la premi\u00e8re fois explicitement d\u00e9sign\u00e9 comme \u00e9tant une cause pouvant <em>\u00ab provoquer involontairement l&rsquo;incendie des bois et for\u00eats \u00bb<\/em>, dans un amendement compl\u00e9tant cette loi sur le risque d\u2019incendie<a href=\"#_ftn3\" name=\"_ftnref3\">[3]<\/a>. Au m\u00eame titre que les feux d\u2019artifices et les produits inflammables, un incendie provoqu\u00e9 par un jet de m\u00e9got pourrait entra\u00eener des poursuites p\u00e9nales, et faire encourir \u00e0 la personne ayant jet\u00e9 ce m\u00e9got jusqu\u2019\u00e0 dix ans de prison et 150 000 euros d\u2019amendes en cas de d\u00e9c\u00e8s d\u2019une ou de plusieurs personnes.<\/p>\n<p style=\"text-align: justify;\">Ces dispositions contribuent \u00e0 d\u00e9normaliser l\u2019acte de fumer, tout particuli\u00e8rement en for\u00eat, et \u00e0 d\u00e9limiter les espaces dans lesquels on ne peut plus fumer. En posant clairement les risques induits par les m\u00e9gots jet\u00e9s et la responsabilit\u00e9 des fumeurs sur le plan l\u00e9gal, elles devraient s\u2019av\u00e9rer plus efficaces que les op\u00e9rations de distribution de cendriers de poche orchestr\u00e9es par les industriels du tabac et la Conf\u00e9d\u00e9ration des buralistes<\/p>\n<p><strong>Mots-cl\u00e9s : incendies, m\u00e9got, code forestier<\/strong><\/p>\n<p><strong><a href=\"https:\/\/www.generationsanstabac.org\/\">\u00a9G\u00e9n\u00e9ration Sans Tabac<\/a><\/strong><\/p>\n<p style=\"text-align: right;\"><em><strong>MF<\/strong><\/em><\/p>\n<p><a href=\"#_ftnref1\" name=\"_ftn1\">[1]<\/a> Jacquot G, <a href=\"https:\/\/www.publicsenat.fr\/article\/parlementaire\/le-senat-va-debattre-d-un-texte-pour-mieux-armer-la-france-face-aux-feux-de\"><em>Le S\u00e9nat va d\u00e9battre d\u2019un texte pour mieux armer la France face aux feux de for\u00eat<\/em><\/a>, Public S\u00e9nat, publi\u00e9 le 4 avril 2023, consult\u00e9 le 7 avril 2023.<\/p>\n<p><a href=\"#_ftnref2\" name=\"_ftn2\">[2]<\/a> <a href=\"https:\/\/www.senat.fr\/leg\/tas22-086.html\"><em>Proposition de loi visant \u00e0 renforcer la pr\u00e9vention et la lutte contre l\u2019intensification et l\u2019extension du risque incendie<\/em><\/a>, article 31, section 3, S\u00e9nat, 4 avril 2023.<\/p>\n<p><a href=\"#_ftnref3\" name=\"_ftn3\">[3]<\/a> <a href=\"http:\/\/www.senat.fr\/amendements\/commissions\/2022-2023\/206\/Amdt_COM-110.html\"><em>Proposition de loi Lutte contre le risque incendie, Amendement pr\u00e9sent\u00e9 par M. Pascal Martin, Mme Loisier et MM. Rietmann et Bacci, art. 31<\/em><\/a>, S\u00e9nat, d\u00e9pos\u00e9 le 24 mars 2023, consult\u00e9 le 7 avril 2023.<\/p>\n<p><strong><a href=\"http:\/\/www.cnct.fr\/\" target=\"_blank\" rel=\"noopener noreferrer\">Comit\u00e9 national contre le tabagisme |<\/a><\/strong><\/p>\n","protected":false},"excerpt":{"rendered":"<p>The law on the fight against the risk of fires places in the hands of the prefects the possibility of banning smoking in certain forests.<\/p>","protected":false},"featured_media":19926,"template":"","tags":[],"thematique":[480,502],"class_list":["post-21001","actualites","type-actualites","status-publish","has-post-thumbnail","hentry","thematique-environnement","thematique-justice"],"acf":[],"_links":{"self":[{"href":"https:\/\/www.generationsanstabac.org\/en\/wp-json\/wp\/v2\/actualites\/21001","targetHints":{"allow":["GET"]}}],"collection":[{"href":"https:\/\/www.generationsanstabac.org\/en\/wp-json\/wp\/v2\/actualites"}],"about":[{"href":"https:\/\/www.generationsanstabac.org\/en\/wp-json\/wp\/v2\/types\/actualites"}],"version-history":[{"count":0,"href":"https:\/\/www.generationsanstabac.org\/en\/wp-json\/wp\/v2\/actualites\/21001\/revisions"}],"wp:featuredmedia":[{"embeddable":true,"href":"https:\/\/www.generationsanstabac.org\/en\/wp-json\/wp\/v2\/media\/19926"}],"wp:attachment":[{"href":"https:\/\/www.generationsanstabac.org\/en\/wp-json\/wp\/v2\/media?parent=21001"}],"wp:term":[{"taxonomy":"post_tag","embeddable":true,"href":"https:\/\/www.generationsanstabac.org\/en\/wp-json\/wp\/v2\/tags?post=21001"},{"taxonomy":"thematique","embeddable":true,"href":"https:\/\/www.generationsanstabac.org\/en\/wp-json\/wp\/v2\/thematique?post=21001"}],"curies":[{"name":"wp","href":"https:\/\/api.w.org\/{rel}","templated":true}]}}