{"id":20998,"date":"2023-04-08T08:00:08","date_gmt":"2023-04-08T06:00:08","guid":{"rendered":"https:\/\/www.generationsanstabac.org\/actualites\/avertissements-sanitaires-le-nigeria-renouvelle-ses-messages-et-adopte-des-illustrations\/"},"modified":"2023-04-08T08:00:08","modified_gmt":"2023-04-08T06:00:08","slug":"avertissements-sanitaires-le-nigeria-renouvelle-ses-messages-et-adopte-des-illustrations","status":"publish","type":"actualites","link":"https:\/\/www.generationsanstabac.org\/en\/actualites\/avertissements-sanitaires-le-nigeria-renouvelle-ses-messages-et-adopte-des-illustrations\/","title":{"rendered":"Health warnings: Nigeria renews its messages and adopts illustrations"},"content":{"rendered":"<p style=\"text-align: justify;\"><em>Act\u00e9s en 2019 et institu\u00e9s en juin 2021, les avertissements sanitaires graphiques doivent \u00eatre pr\u00e9sents sur tous les produits du tabac au Nigeria et sont soumis \u00e0 un renouvellement \u00e0 partir de juin 2023. <\/em><\/p>\n<p style=\"text-align: justify;\">L\u2019article 11 de la Convention-cadre pour la lutte antitabac (<a href=\"https:\/\/apps.who.int\/iris\/bitstream\/handle\/10665\/42812\/9242591017.pdf;sequence=1\">CCLAT<\/a>) le pr\u00e9cise tr\u00e8s clairement : les paquets de cigarettes et autres produits du tabac devraient syst\u00e9matiquement \u00eatre dot\u00e9s d\u2019avertissements sanitaires textuels, combin\u00e9s \u00e0 des photos ou illustrations ; ils devraient \u00e9galement occuper au moins 50 % des principales surfaces des paquets et \u00eatre r\u00e9guli\u00e8rement renouvel\u00e9s.<\/p>\n<p style=\"text-align: justify;\">Modifier ces avertissements sanitaires est donc, pour le Nigeria, une occasion de rester en conformit\u00e9 avec la CCLAT et de satisfaire \u00e0 ses obligations en tant que partie au trait\u00e9. C\u2019est \u00e9galement, pour les organisations de lutte contre le tabagisme, une occasion de tester la d\u00e9termination du gouvernement sur ce terrain.<\/p>\n<h2 style=\"text-align: justify;\"><strong>Pressions de l\u2019industrie du tabac au Nigeria<\/strong><\/h2>\n<p style=\"text-align: justify;\">Le Nigeria est en effet une terre de convoitise pour l\u2019industrie du tabac. Sixi\u00e8me pays le plus peupl\u00e9 au monde avec 219 millions d\u2019habitants en 2021, dont pr\u00e8s de la moiti\u00e9 a moins de 15 ans, le Nigeria repr\u00e9sente un march\u00e9-cl\u00e9 pour l\u2019industrie du tabac en Afrique subsaharienne. Les autorit\u00e9s nig\u00e9rianes font depuis longtemps l\u2019objet d\u2019un <a href=\"https:\/\/www.generationsanstabac.org\/actualites\/allies-industrie-du-tabac-freinent-lutte-antitabac-nigeria\/\">intense lobbying<\/a> de la part des industriels du tabac, que ce soit pour freiner la mise en place des mesures de sant\u00e9 publique ou pour obtenir des avantages commerciaux pour leurs produits. En 2020, une organisation de la soci\u00e9t\u00e9 civile conduite par la Nigeria Tobacco Control Alliance (NTCA) avait ainsi d\u00e9jou\u00e9 <a href=\"https:\/\/www.generationsanstabac.org\/actualites\/nigeria-rejet-du-projet-de-lindustrie-du-tabac-sur-les-alternatives-aux-cigarettes\/\">un projet<\/a> de <em>\u00ab politique sur le tabac conventionnel et les alternatives non combustibles au tabagisme \u00bb<\/em> concoct\u00e9 par les industriels \u00e0 l\u2019intention des autorit\u00e9s.<\/p>\n<h2 style=\"text-align: justify;\"><strong>Une vigilance particuli\u00e8re des organisations de sant\u00e9 publique<\/strong><\/h2>\n<p style=\"text-align: justify;\">C\u2019est pour ces raisons que les organisations de lutte contre le tabagisme sont particuli\u00e8rement vigilantes au sujet de l\u2019application des mesures de sant\u00e9 publique et qu\u2019elles restent tr\u00e8s attentives sur la question des avertissements sanitaires et du <a href=\"https:\/\/www.generationsanstabac.org\/actualites\/nigeria-appel-a-un-renforcement-de-la-lutte-antitabac-pour-proteger-les-jeunes\/\">respect de l\u2019ensemble des dispositions de lutte<\/a> antitabac. Bien que d\u00e9cid\u00e9e et act\u00e9e en 2019, le d\u00e9lai accord\u00e9 aux fabricants fix\u00e9 au 23 juin 2021, soit deux ans apr\u00e8s la d\u00e9cision, avait particuli\u00e8rement alert\u00e9 les organisations de sant\u00e9 qui savent que la mesure ne n\u00e9cessite que quelques mois pour \u00eatre mise en \u0153uvre.. Les organisations de la soci\u00e9t\u00e9 civile furent ainsi tr\u00e8s inqui\u00e8tes du d\u00e9lai suppl\u00e9mentaire de 150 jours accord\u00e9 \u00e0 cette \u00e9poque aux industriels du tabac pour se mettre en conformit\u00e9<a href=\"#_ftn1\" name=\"_ftnref1\">[1]<\/a>. La soci\u00e9t\u00e9 civile veille aujourd\u2019hui \u00e0 ce que le renouvellement des avertissements sanitaires graphiques s\u2019effectue dans des conditions correctes, en particulier sur la question de la rotation des messages et des visuels utilis\u00e9s.<\/p>\n<p style=\"text-align: justify;\">C\u2019est en effet le 23 juin 2023 que doit entrer en vigueur ce renouvellement des avertissements sanitaires<a href=\"#_ftn2\" name=\"_ftnref2\">[2]<\/a>. Jusqu\u2019en 2021, les paquets de cigarettes arboraient un unique message sanitaire non illustr\u00e9, qui indiquait de mani\u00e8re vague : <em>\u00ab Le ministre f\u00e9d\u00e9ral de la Sant\u00e9 avertit que les fumeurs sont susceptibles de mourir jeunes \u00bb<\/em>. Les organisations de sant\u00e9 publique avaient donc insist\u00e9 pour que des messages sanitaires et des visuels plus explicites puissent alerter sur les nombreuses pathologies induites par le tabagisme. Cela s\u2019\u00e9tait traduit par l\u2019adoption de nouveaux avertissements textuels combin\u00e9s \u00e0 des visuels.<\/p>\n<p style=\"text-align: justify;\"><strong>Mots-cl\u00e9s : Nigeria, avertissements sanitaires graphiques, CCLAT.<\/strong><\/p>\n<p><strong><a href=\"https:\/\/www.generationsanstabac.org\/\">\u00a9G\u00e9n\u00e9ration Sans Tabac<\/a><\/strong><\/p>\n<p style=\"text-align: right;\"><em><strong>MF<\/strong><\/em><\/p>\n<p style=\"text-align: justify;\"><a href=\"#_ftnref1\" name=\"_ftn1\">[1]<\/a> Omamiyeren G, <a href=\"https:\/\/www.vanguardngr.com\/2022\/01\/mda-collaboration-key-to-enforcing-tobacco-graphic-health-warning-policy\/\"><em>MDA collaboration, key to enforcing tobacco graphic health warning policy<\/em><\/a>, Vanguard, publi\u00e9 le 25 janvier 2022, consult\u00e9 le 5 avril 2023.<\/p>\n<p style=\"text-align: justify;\"><a href=\"#_ftnref2\" name=\"_ftn2\">[2]<\/a> Ashibel P, <a href=\"https:\/\/www.vanguardngr.com\/2023\/04\/keeping-up-with-graphic-health-warnings-policy-why-fg-must-be-proactive\/\"><em>Keeping up with Graphic Health Warnings policy \u2013 why FG must be proactive<\/em><\/a>, Vanguard, publi\u00e9 le 3 avril 2023, consult\u00e9 le 5 avril 2023.<\/p>\n<p><strong><a href=\"http:\/\/www.cnct.fr\/\" target=\"_blank\" rel=\"noopener noreferrer\">Comit\u00e9 national contre le tabagisme |<\/a><\/strong><\/p>\n","protected":false},"excerpt":{"rendered":"<p>Enacted in 2019 and instituted in June 2021, graphic health warnings must be present on all tobacco products in Nigeria.<\/p>","protected":false},"featured_media":20178,"template":"","tags":[],"thematique":[502,474],"class_list":["post-20998","actualites","type-actualites","status-publish","has-post-thumbnail","hentry","thematique-justice","thematique-sante"],"acf":[],"_links":{"self":[{"href":"https:\/\/www.generationsanstabac.org\/en\/wp-json\/wp\/v2\/actualites\/20998","targetHints":{"allow":["GET"]}}],"collection":[{"href":"https:\/\/www.generationsanstabac.org\/en\/wp-json\/wp\/v2\/actualites"}],"about":[{"href":"https:\/\/www.generationsanstabac.org\/en\/wp-json\/wp\/v2\/types\/actualites"}],"version-history":[{"count":0,"href":"https:\/\/www.generationsanstabac.org\/en\/wp-json\/wp\/v2\/actualites\/20998\/revisions"}],"wp:featuredmedia":[{"embeddable":true,"href":"https:\/\/www.generationsanstabac.org\/en\/wp-json\/wp\/v2\/media\/20178"}],"wp:attachment":[{"href":"https:\/\/www.generationsanstabac.org\/en\/wp-json\/wp\/v2\/media?parent=20998"}],"wp:term":[{"taxonomy":"post_tag","embeddable":true,"href":"https:\/\/www.generationsanstabac.org\/en\/wp-json\/wp\/v2\/tags?post=20998"},{"taxonomy":"thematique","embeddable":true,"href":"https:\/\/www.generationsanstabac.org\/en\/wp-json\/wp\/v2\/thematique?post=20998"}],"curies":[{"name":"wp","href":"https:\/\/api.w.org\/{rel}","templated":true}]}}