{"id":20990,"date":"2023-04-05T08:00:44","date_gmt":"2023-04-05T06:00:44","guid":{"rendered":"https:\/\/www.generationsanstabac.org\/actualites\/en-allemagne-le-delegue-a-la-lutte-contre-la-drogue-voudrait-rendre-neutres-les-cigarettes-electroniques\/"},"modified":"2023-04-05T08:00:44","modified_gmt":"2023-04-05T06:00:44","slug":"en-allemagne-le-delegue-a-la-lutte-contre-la-drogue-voudrait-rendre-neutres-les-cigarettes-electroniques","status":"publish","type":"actualites","link":"https:\/\/www.generationsanstabac.org\/en\/actualites\/en-allemagne-le-delegue-a-la-lutte-contre-la-drogue-voudrait-rendre-neutres-les-cigarettes-electroniques\/","title":{"rendered":"Germany&#039;s Drug Enforcement Commissioner Wants to Make E-Cigarettes Neutral"},"content":{"rendered":"<p style=\"text-align: justify;\"><em>Pour r\u00e9pondre \u00e0 la croissance du march\u00e9 des cigarettes \u00e9lectroniques parmi les jeunes publics, le d\u00e9l\u00e9gu\u00e9 \u00e0 la lutte contre la drogue au niveau f\u00e9d\u00e9ral d&rsquo;Allemagne propose de rendre les produits de vapotage moins attractifs. <\/em><\/p>\n<p style=\"text-align: justify;\">Si la pr\u00e9valence en mati\u00e8re d\u2019usage de cigarettes \u00e9lectroniques reste modeste en Allemagne chez les plus de 25 ans (1,6 %), elle a atteint 2,5 % chez les 14-17 ans et 4 % chez les 18-24 ans<a href=\"#_ftn1\" name=\"_ftnref1\">[1]<\/a>. Cette augmentation, sensible depuis 2020, a retenti comme une alerte pour Burkhard Blienert, le d\u00e9l\u00e9gu\u00e9 \u00e0 la lutte contre la drogue du gouvernement f\u00e9d\u00e9ral, qui souhaite endiguer ce ph\u00e9nom\u00e8ne.<\/p>\n<h2 style=\"text-align: justify;\"><strong>Rendre les couleurs, le style et la forme des cigarettes \u00e9lectroniques moins attractifs <\/strong><\/h2>\n<p style=\"text-align: justify;\">Burkhard Blienert avait d\u00e9j\u00e0 plaid\u00e9, en d\u00e9but d\u2019ann\u00e9e, pour une <a href=\"https:\/\/www.generationsanstabac.org\/actualites\/allemagne-le-delegue-a-la-lutte-contre-la-drogue-souhaite-renforcer-les-lois-contre-le-tabac-alcool-et-les-jeux-de-hasard\/\">interdiction totale<\/a> de la publicit\u00e9 pour l\u2019alcool et tous les produits du tabac et de la nicotine, ainsi que pour une restriction de la publicit\u00e9 pour les jeux d\u2019argent et de hasard.<\/p>\n<p style=\"text-align: justify;\">Il propose \u00e0 pr\u00e9sent de rendre les cigarettes \u00e9lectroniques moins attractives, tant sur les plans des couleurs et du graphisme que de la forme de ces produits<a href=\"#_ftn2\" name=\"_ftnref2\">[2]<\/a>. Une d\u00e9marche coh\u00e9rente avec sa demande d\u2019interdiction de la publicit\u00e9, puisque les param\u00e8tres vis\u00e9s constituent eux-m\u00eames des vecteurs de publicit\u00e9 pour les produits de vapotage.<\/p>\n<h2 style=\"text-align: justify;\"><strong>Un alignement souhait\u00e9 sur le paquet neutre des cigarettes <\/strong><\/h2>\n<p style=\"text-align: justify;\">Les couleurs vives et les graphismes dynamiques utilis\u00e9s, en particulier dans le segment des cigarettes \u00e9lectroniques jetables, semblent en effet s\u2019adresser tout particuli\u00e8rement aux consommateurs les plus jeunes plut\u00f4t qu\u2019\u00e0 des fumeurs adultes souhaitant arr\u00eater de fumer. Burkhard Blienert reconna\u00eet que les produits du vapotage peuvent se r\u00e9v\u00e9ler utiles \u00e0 certains fumeurs cherchant \u00e0 rompre avec le tabagisme, mais il s\u2019estime pr\u00e9occup\u00e9 par l\u2019attrait que ces produits exercent sur les plus jeunes et appelle donc \u00e0 une meilleure r\u00e9gulation de ces produits. Il consid\u00e8re \u00e9galement que les cigarettes \u00e9lectroniques ne devraient pas \u00eatre pr\u00e9sent\u00e9es comme des produits \u00e0 moindre risque, cet argument pouvant inciter les jeunes \u00e0 en devenir consommateurs.<\/p>\n<p style=\"text-align: justify;\">L\u2019id\u00e9e de rendre neutres les emballages des produits de vapotage avait d\u00e9j\u00e0 \u00e9t\u00e9 \u00e9mise r\u00e9cemment par des <a href=\"https:\/\/www.generationsanstabac.org\/actualites\/des-parlementaires-neerlandais-veulent-briser-lattractivite-des-cigarettes-electroniques\/\">parlementaires n\u00e9erlandais<\/a>, sur le mod\u00e8le des paquets neutres standardis\u00e9s applicables aux cigarettes dans plusieurs pays europ\u00e9ens (Royaume-Uni, Irlande, France, Belgique, Pays-Bas, Danemark, Norv\u00e8ge, Hongrie). La nouveaut\u00e9 de la proposition allemande est d\u2019inclure la forme des cigarettes \u00e9lectroniques en tant que telles. Certains mod\u00e8les ont en effet \u00e9t\u00e9 d\u00e9clin\u00e9s sous forme d\u2019objets de la <a href=\"https:\/\/www.generationsanstabac.org\/actualites\/les-cigarettes-electroniques-outils-de-marketing-pour-cibler-les-jeunes-en-coree-du-sud\/\">vie courante<\/a>, ce qui contribue \u00e0 les rendre \u00e0 la fois ludiques, familiers et plus facilement camouflables.<\/p>\n<p style=\"text-align: justify;\"><strong>Mots-cl\u00e9s : Allemagne, Burkhard Blienert, cigarettes \u00e9lectroniques, paquet neutre.<\/strong><\/p>\n<p><strong><a href=\"https:\/\/www.generationsanstabac.org\/\">\u00a9G\u00e9n\u00e9ration Sans Tabac<\/a><\/strong><\/p>\n<p style=\"text-align: right;\"><em><strong>MF<\/strong><\/em><\/p>\n<p style=\"text-align: justify;\"><a href=\"#_ftnref1\" name=\"_ftn1\">[1]<\/a> <a href=\"https:\/\/www.debra-study.info\/\"><em>Deutsche Befragung zum Rauchverhalten Studie (DEBRA)<\/em><\/a>, d\u00e9cembre 2022.<\/p>\n<p style=\"text-align: justify;\"><a href=\"#_ftnref2\" name=\"_ftn2\">[2]<\/a> Westendarp L, <a href=\"https:\/\/www.politico.eu\/article\/color-and-design-of-e-cigarettes-should-be-regulated-says-germanys-drugs-czar\/\"><em>Color and design of e-cigarettes should be regulated, says Germany\u2019s drugs czar<\/em><\/a>, Politico, publi\u00e9 le 24 mars 2023, consult\u00e9 le 30 mars 2023.<\/p>\n<p><strong><a href=\"http:\/\/www.cnct.fr\/\" target=\"_blank\" rel=\"noopener noreferrer\">Comit\u00e9 national contre le tabagisme |<\/a><\/strong><\/p>\n","protected":false},"excerpt":{"rendered":"<p>Faced with the boom in the e-cigarette market in Germany, the German drug commissioner is proposing to make packaging less attractive.<\/p>","protected":false},"featured_media":19590,"template":"","tags":[],"thematique":[502,491],"class_list":["post-20990","actualites","type-actualites","status-publish","has-post-thumbnail","hentry","thematique-justice","thematique-politiques-publiques"],"acf":[],"_links":{"self":[{"href":"https:\/\/www.generationsanstabac.org\/en\/wp-json\/wp\/v2\/actualites\/20990","targetHints":{"allow":["GET"]}}],"collection":[{"href":"https:\/\/www.generationsanstabac.org\/en\/wp-json\/wp\/v2\/actualites"}],"about":[{"href":"https:\/\/www.generationsanstabac.org\/en\/wp-json\/wp\/v2\/types\/actualites"}],"version-history":[{"count":0,"href":"https:\/\/www.generationsanstabac.org\/en\/wp-json\/wp\/v2\/actualites\/20990\/revisions"}],"wp:featuredmedia":[{"embeddable":true,"href":"https:\/\/www.generationsanstabac.org\/en\/wp-json\/wp\/v2\/media\/19590"}],"wp:attachment":[{"href":"https:\/\/www.generationsanstabac.org\/en\/wp-json\/wp\/v2\/media?parent=20990"}],"wp:term":[{"taxonomy":"post_tag","embeddable":true,"href":"https:\/\/www.generationsanstabac.org\/en\/wp-json\/wp\/v2\/tags?post=20990"},{"taxonomy":"thematique","embeddable":true,"href":"https:\/\/www.generationsanstabac.org\/en\/wp-json\/wp\/v2\/thematique?post=20990"}],"curies":[{"name":"wp","href":"https:\/\/api.w.org\/{rel}","templated":true}]}}