{"id":20964,"date":"2023-03-13T13:00:10","date_gmt":"2023-03-13T12:00:10","guid":{"rendered":"https:\/\/www.generationsanstabac.org\/actualites\/lassociation-hebdo-ecolo-a-ramasse-plus-dun-million-de-megots-en-france\/"},"modified":"2023-03-13T13:00:10","modified_gmt":"2023-03-13T12:00:10","slug":"lassociation-hebdo-ecolo-a-ramasse-plus-dun-million-de-megots-en-france","status":"publish","type":"actualites","link":"https:\/\/www.generationsanstabac.org\/en\/actualites\/lassociation-hebdo-ecolo-a-ramasse-plus-dun-million-de-megots-en-france\/","title":{"rendered":"The Hebdo Ecolo association has collected more than a million cigarette butts in France"},"content":{"rendered":"<p style=\"text-align: justify;\"><em>Dans un communiqu\u00e9 diffus\u00e9 le 20 f\u00e9vrier dernier, l\u2019association Hebdo Ecolo d\u00e9clare avoir franchi le million de m\u00e9gots ramass\u00e9s en France \u00e0 travers ses collectes. Fond\u00e9e en 2020, l\u2019association a organis\u00e9 depuis plus de 100 \u00e9v\u00e9nements dans 22 villes pour parvenir \u00e0 ce r\u00e9sultat. 1 900 b\u00e9n\u00e9voles et 20 000 heures de travail ont \u00e9t\u00e9 n\u00e9cessaires. <\/em><\/p>\n<p style=\"text-align: justify;\"><a href=\"https:\/\/www.hebdoecolo.com\/fr\/\">Hebdo Ecolo<\/a> est une association d\u2019int\u00e9r\u00eat g\u00e9n\u00e9ral qui a pour objectif la pr\u00e9servation de l\u2019environnement \u00e0 travers des ateliers de sensibilisation autour de la biodiversit\u00e9 et des actions \u00ab terrain \u00bb visant \u00e0 d\u00e9polluer les villes d\u2019Europe, en particulier \u00e0 travers la cueillette de m\u00e9gots. Elle effectue une mission d\u2019information et de sensibilisation sur l\u2019impact sanitaire et environnemental de l\u2019industrie du tabac et d\u00e9veloppe une action de plaidoyer pour alerter les pouvoirs publics et les inciter \u00e0 prendre des mesures fortes et imm\u00e9diates contre cette \u00e9pid\u00e9mie industrielle.<\/p>\n<p style=\"text-align: justify;\">Elle dispose d\u2019antennes r\u00e9parties dans plusieurs villes europ\u00e9ennes notamment en France, en Allemagne et en Espagne.<\/p>\n<h2 style=\"text-align: justify;\"><strong>Le fardeau environnemental des m\u00e9gots<\/strong><\/h2>\n<p style=\"text-align: justify;\">Il est estim\u00e9 dans le monde que 4 500 milliards de filtres de cigarettes sur les 5 500 milliards de cigarettes produites par l\u2019industrie du tabac chaque ann\u00e9e finissent jet\u00e9s dans la nature. Selon Hebdo Ecolo, en France, ce sont 50 000 m\u00e9gots qui sont jet\u00e9s par terre toutes les minutes.<\/p>\n<p style=\"text-align: justify;\">Ces filtres, qui contiennent de l\u2019ac\u00e9tate de cellulose, mettent jusqu\u2019\u00e0 12 ans \u00e0 se d\u00e9composer. Chaque filtre peut polluer jusqu\u2019\u00e0 500 litres d\u2019eau. La collecte d\u2019un million de m\u00e9got correspond \u00e0 la pr\u00e9servation de 500 millions de litres d\u2019eau soit la quantit\u00e9 d\u2019eau que boivent 900 000 Fran\u00e7ais pendant un an. Des r\u00e9sultats d\u2019autant plus percutants que la France et de nombreux pays se trouvent en situation de s\u00e9cheresse.<\/p>\n<p style=\"text-align: justify;\">Les m\u00e9gots sont des d\u00e9chets hautement toxiques et il n\u2019existe \u00e0 ce jour aucune solution p\u00e9renne de recyclage pour ces d\u00e9chets : m\u00eame lorsqu\u2019ils sont jet\u00e9s dans des poubelles, les m\u00e9gots sont incin\u00e9r\u00e9s. De plus, la pr\u00e9sence des filtres ne s\u2019accompagne pas d\u2019une r\u00e9duction des risques pour le fumeur. Ceux-ci ont \u00e9t\u00e9 introduits par les fabricants essentiellement dans une optique marketing, en r\u00e9ponse aux inqui\u00e9tudes des consommateurs pour leur sant\u00e9. De surcro\u00eet, en masquant pour partie l\u2019\u00e2cret\u00e9 des produits, les filtres facilitent l\u2019entr\u00e9e dans le tabagisme. Les filtres participent donc au d\u00e9veloppement de l\u2019\u00e9pid\u00e9mie tabagique.<\/p>\n<h2 style=\"text-align: justify;\"><strong>Le co\u00fbt de la gestion des d\u00e9chets li\u00e9s \u00e0 la consommation de tabac<\/strong><\/h2>\n<p style=\"text-align: justify;\">Le ramassage des m\u00e9gots sur la voie publique ou sur les plages est actuellement \u00e0 la charge des services propret\u00e9 des collectivit\u00e9s qui sont financ\u00e9s par les imp\u00f4ts. Il est estim\u00e9 que le ramassage des m\u00e9gots en France co\u00fbte 38\u20ac par habitant et par an. Outre les collectivit\u00e9s, il s\u2019agit souvent d\u2019associations environnementales, \u00e0 l\u2019aide de nombreux b\u00e9n\u00e9voles qui contribuent \u00e0 nettoyer les rues et plages des m\u00e9gots.<\/p>\n<p style=\"text-align: justify;\">L\u2019existence d\u2019un \u00e9co-organisme facilitant la r\u00e9cup\u00e9ration des d\u00e9chets est l\u2019une des obligations d\u00e9coulant de la r\u00e9duction des plastiques \u00e0 usage unique et de la responsabilit\u00e9 \u00e9largie des producteurs (REP).  Cette derni\u00e8re rend le fabricant responsable des d\u00e9chets issus de ses produits et selon le principe \u00ab pollueur-payeur \u00bb, les producteurs sont ainsi tenus de financer les \u00e9co-organismes. En France, c\u2019est l\u2019\u00e9co-organisme Alcome qui est en charge de la collecte des m\u00e9gots<a href=\"#_ftn1\" name=\"_ftnref1\">[1]<\/a>.<\/p>\n<p style=\"text-align: justify;\">Si l\u2019obligation faite aux fabricants de payer pour la prise en charge d\u2019une partie des co\u00fbts environnementaux caus\u00e9s par le jet de ces d\u00e9chets n\u2019est pas remise en cause, le fonctionnement et la gouvernance m\u00eame d\u2019Alcome demeurent probl\u00e9matiques. Les dirigeants d\u2019Alcome sont en effet tous des repr\u00e9sentants de l\u2019industrie du tabac, ce qui est non seulement contraires aux dispositions de la <a href=\"https:\/\/apps.who.int\/iris\/bitstream\/handle\/10665\/42812\/9242591017.pdf\">Convention-Cadre de l\u2019OMS<\/a> (CCLAT) mais \u00e9galement contre-productif.<\/p>\n<p style=\"text-align: justify;\">L\u2019int\u00e9r\u00eat de l\u2019industrie du tabac n\u2019est, en effet, en aucun cas de r\u00e9duire le nombre de d\u00e9chets. Son objectif demeure de continuer \u00e0 vendre ses produits voire d\u2019en d\u00e9velopper la consommation, ce qui s\u2019oppose \u00e0 l\u2019objectif de la suppression m\u00eame de ces d\u00e9chets toxiques, premi\u00e8re solution \u00e0 privil\u00e9gier. De plus, s\u2019il est donn\u00e9 \u00e0 l\u2019industrie la possibilit\u00e9 de communiquer \u00e0 ce niveau comme c\u2019est le cas aujourd\u2019hui avec Alcome, sa strat\u00e9gie sera de pr\u00e9senter une image positive de son activit\u00e9, de taire sa responsabilit\u00e9 directe dans les d\u00e9g\u00e2ts environnementaux qu\u2019elle cause directement et de transf\u00e9rer exclusivement cette responsabilit\u00e9 des m\u00e9gots sur les fumeurs.<\/p>\n<h2 style=\"text-align: justify;\"><strong>L\u2019interdiction du filtre est le seul moyen de r\u00e9duire la pollution des m\u00e9gots<\/strong><\/h2>\n<p style=\"text-align: justify;\">Une r\u00e9cente \u00e9tude n\u00e9\u00e9rlandaise<a href=\"#_ftn2\" name=\"_ftnref2\">[2]<\/a> a d\u00e9montr\u00e9 que le seul moyen pour r\u00e9duire la pollution li\u00e9e aux m\u00e9gots \u00e9tait d\u2019interdire compl\u00e8tement le filtre. Plusieurs organismes \u00e0 travers le monde s\u2019engagent pour porter l\u2019interdiction du filtre, en particulier \u00e0 travers les futures n\u00e9gociations d\u2019un Trait\u00e9 international visant \u00e0 mettre fin \u00e0 la pollution plastique.<\/p>\n<p style=\"text-align: justify;\">Il est attendu que l\u2019industrie du tabac et ses alli\u00e9s s\u2019opposent avec v\u00e9h\u00e9mence \u00e0 cette mesure et proposent de \u00ab pseudos alternatives \u00bb soit de recyclage, soit \u00e0 travers l\u2019introduction de filtres biod\u00e9gradables<a href=\"#_ftn3\" name=\"_ftnref3\">[3]<\/a>. En r\u00e9alit\u00e9 cette derni\u00e8re option est une fausse bonne solution car ces filtres demeurent toujours impr\u00e9gn\u00e9s des \u00e9l\u00e9ments toxiques de la cigarette et continuent \u00e0 diss\u00e9miner des produits chimiques et des m\u00e9taux dangereux.<\/p>\n<p style=\"text-align: justify;\">Cependant, en apparaissant comme \u00ab force de propositions \u00bb, l\u2019industrie du tabac vise \u00e0 \u00eatre partie prenante des d\u00e9cisions afin de les orienter dans son int\u00e9r\u00eat, lequel s\u2019oppose \u00e0 l\u2019int\u00e9r\u00eat g\u00e9n\u00e9ral qu\u2019il soit sanitaire ou environnemental.<\/p>\n<p style=\"text-align: justify;\"><a href=\"https:\/\/www.generationsanstabac.org\/wp-content\/uploads\/2023\/03\/Un-million-de-megots-HEBDO-ECOLO.pdf\" target=\"_blank\" rel=\"noopener\">Lire le communiqu\u00e9 d\u2019Hebdo Ecolo (PDF)<\/a><\/p>\n<p style=\"text-align: justify;\"><strong>Mots-cl\u00e9s : Hebdo Ecolo, m\u00e9gots, pollution, collecte, filtre, trait\u00e9 plastique, lobby, environnement<\/strong><\/p>\n<p><strong><a href=\"https:\/\/www.generationsanstabac.org\/\">\u00a9G\u00e9n\u00e9ration Sans Tabac<\/a><\/strong><\/p>\n<p style=\"text-align: right;\"><b><i>AE<\/i><\/b><\/p>\n<p style=\"text-align: justify;\"><a href=\"#_ftnref1\" name=\"_ftn1\">[1]<\/a> G\u00e9n\u00e9ration sans tabac, Alcome : <a href=\"https:\/\/www.generationsanstabac.org\/actualites\/alcome-pourquoi-leco-organisme-de-lutte-contre-les-megots-pose-probleme\/\">pourquoi l\u2019\u00e9co-organisme de lutte contre les m\u00e9gots pose probl\u00e8me<\/a>, publi\u00e9 le 17 mars 2022, consult\u00e9 le 8 mars 2023<\/p>\n<p style=\"text-align: justify;\"><a href=\"#_ftnref2\" name=\"_ftn2\">[2]<\/a> G\u00e9n\u00e9ration sans tabac, <a href=\"https:\/\/www.generationsanstabac.org\/article\/interdire-le-filtre-est-le-seul-moyen-pour-reduire-la-pollution-liee-aux-megots\/\">Interdire le filtre est le seul moyen pour r\u00e9duire la pollution li\u00e9e aux m\u00e9gots<\/a>, publi\u00e9 le 6 mars 2023, consult\u00e9 le 8 mars 2023<\/p>\n<p style=\"text-align: justify;\"><a href=\"#_ftnref3\" name=\"_ftn3\">[3]<\/a> G\u00e9n\u00e9ration sans tabac, <a href=\"https:\/\/www.generationsanstabac.org\/article\/contribution-de-smoke-free-partnership-au-processus-de-revision-de-la-directive-cadre-europeenne-sur-les-dechets-2008-98-ce\/\">Contribution de Smoke Free Partnership au processus de r\u00e9vision de la directive cadre europ\u00e9enne sur les d\u00e9chets 2008\/98\/CE<\/a>, publi\u00e9 le 23 ao\u00fbt 2022, consult\u00e9 le 8 mars 2023<\/p>\n<p><span style=\"color: #999999;\"><strong><a style=\"color: #999999;\" href=\"http:\/\/www.cnct.fr\/\" target=\"_blank\" rel=\"noopener noreferrer\">Comit\u00e9 national contre le tabagisme |<\/a><\/strong><\/span><\/p>\n","protected":false},"excerpt":{"rendered":"<p>In a press release, the Hebdo Ecolo association declared that it had passed the million mark for cigarette butts collected in France through its collections.<\/p>","protected":false},"featured_media":11438,"template":"","tags":[],"thematique":[480,499],"class_list":["post-20964","actualites","type-actualites","status-publish","has-post-thumbnail","hentry","thematique-environnement","thematique-lobby"],"acf":[],"_links":{"self":[{"href":"https:\/\/www.generationsanstabac.org\/en\/wp-json\/wp\/v2\/actualites\/20964","targetHints":{"allow":["GET"]}}],"collection":[{"href":"https:\/\/www.generationsanstabac.org\/en\/wp-json\/wp\/v2\/actualites"}],"about":[{"href":"https:\/\/www.generationsanstabac.org\/en\/wp-json\/wp\/v2\/types\/actualites"}],"version-history":[{"count":0,"href":"https:\/\/www.generationsanstabac.org\/en\/wp-json\/wp\/v2\/actualites\/20964\/revisions"}],"wp:featuredmedia":[{"embeddable":true,"href":"https:\/\/www.generationsanstabac.org\/en\/wp-json\/wp\/v2\/media\/11438"}],"wp:attachment":[{"href":"https:\/\/www.generationsanstabac.org\/en\/wp-json\/wp\/v2\/media?parent=20964"}],"wp:term":[{"taxonomy":"post_tag","embeddable":true,"href":"https:\/\/www.generationsanstabac.org\/en\/wp-json\/wp\/v2\/tags?post=20964"},{"taxonomy":"thematique","embeddable":true,"href":"https:\/\/www.generationsanstabac.org\/en\/wp-json\/wp\/v2\/thematique?post=20964"}],"curies":[{"name":"wp","href":"https:\/\/api.w.org\/{rel}","templated":true}]}}