{"id":20960,"date":"2023-03-10T09:00:46","date_gmt":"2023-03-10T08:00:46","guid":{"rendered":"https:\/\/www.generationsanstabac.org\/actualites\/apres-le-qatargate-le-lobby-du-tabac-continue-de-peser-sur-les-institutions-europeennes\/"},"modified":"2023-03-10T09:00:46","modified_gmt":"2023-03-10T08:00:46","slug":"apres-le-qatargate-le-lobby-du-tabac-continue-de-peser-sur-les-institutions-europeennes","status":"publish","type":"actualites","link":"https:\/\/www.generationsanstabac.org\/en\/actualites\/apres-le-qatargate-le-lobby-du-tabac-continue-de-peser-sur-les-institutions-europeennes\/","title":{"rendered":"After Qatargate, the tobacco lobby continues to weigh on European institutions"},"content":{"rendered":"<p style=\"text-align: justify;\"><em>Si la corruption active de parlementaires europ\u00e9ens par le Qatar a \u00e9t\u00e9 largement publicis\u00e9e, l\u2019action des autres lobbies, et notamment celui du tabac, attire moins l\u2019attention. Les freins entourant la r\u00e9vision des droits d\u2019accises et de la directive 2011\/64\/UE sur la taxation des produits du tabac jettent la suspicion sur la Commission europ\u00e9enne.<\/em><\/p>\n<p style=\"text-align: justify;\">Les r\u00e9v\u00e9lations, le 9 d\u00e9cembre 2022, de la corruption exerc\u00e9e par le Qatar sur des parlementaires europ\u00e9ens ont eu un effet retentissant, sans pour autant faire cesser toutes ces pratiques. Le \u00ab Qatargate \u00bb a d\u00e9j\u00e0 conduit en d\u00e9tention provisoire Eva Kaili, vice-pr\u00e9sidente du Parlement europ\u00e9en, et Pier Antonio Panzeri, un ancien eurod\u00e9put\u00e9 soup\u00e7onn\u00e9 d\u2019\u00eatre la t\u00eate de pont de ce r\u00e9seau d\u2019influence<a href=\"#_ftn1\" name=\"_ftnref1\">[1]<\/a>. Plusieurs autres personnes,  dont l\u2019eurod\u00e9put\u00e9 belge Marc Tarabella, ont \u00e9galement \u00e9t\u00e9 mises en cause et plac\u00e9es en d\u00e9tention<a href=\"#_ftn2\" name=\"_ftnref2\">[2]<\/a>.<\/p>\n<p style=\"text-align: justify;\">La pr\u00e9sidente du Parlement europ\u00e9en, Roberta Metsola, et des groupes de parlementaires ont depuis affich\u00e9 une ferme volont\u00e9 de transparence. Voulant montrer l\u2019exemple, Roberta Metsola a d\u00e9clar\u00e9 avoir \u00e9t\u00e9 invit\u00e9e par la f\u00e9d\u00e9ration viticole fran\u00e7aise pour un s\u00e9jour en Bourgogne en octobre 2022, mais a attendu janvier 2023 et les remous du scandale pour en faire part<a href=\"#_ftn3\" name=\"_ftnref3\">[3]<\/a>. C\u2019est \u00e0 pr\u00e9sent sur la question du tabac que sont interpell\u00e9s le Parlement europ\u00e9en et la Commission europ\u00e9enne<a href=\"#_ftn4\" name=\"_ftnref4\">[4]<\/a>.<\/p>\n<h2 style=\"text-align: justify;\"><strong>Multiples reports de la r\u00e9vision de la taxation des produits du tabac <\/strong><\/h2>\n<p style=\"text-align: justify;\">Dans une question \u00e9crite \u00e0 la Commission europ\u00e9enne, l\u2019eurod\u00e9put\u00e9e Anne-Sophie Pelletier constate ainsi que la r\u00e9vision de la directive 2011\/64\/UE, qui devrait imposer une taxation minimum des produits du tabac dans l\u2019Union Europ\u00e9enne, est sans cesse repouss\u00e9e<a href=\"#_ftn5\" name=\"_ftnref5\">[5]<\/a>. Elle exprime tr\u00e8s explicitement la crainte que ces diff\u00e9rents reports ne soient l\u2019\u0153uvre de l\u2019industrie du tabac, laquelle est clairement oppos\u00e9e \u00e0 cette nouvelle taxation. L\u2019Eurod\u00e9put\u00e9e demande \u00e0 la Commission si cette directive pourra \u00eatre r\u00e9vis\u00e9e avant la fin du mandat actuel, sachant que sa r\u00e9vision \u00e9tait pr\u00e9vue en octobre 2022. Mme Pelletier rappelle enfin que cette r\u00e9vision doit int\u00e9grer la mise en \u0153uvre du Protocole pour \u00e9liminer le commerce illicite du tabac, ratifi\u00e9 par l\u2019Union et par 18 de ses \u00c9tats membres. Tout comme la Convention-cadre pour la lutte antitabac (CCLAT), ce protocole de l\u2019Organisation Mondiale de la Sant\u00e9 (OMS) implique express\u00e9ment que l\u2019industrie du tabac soit tenue \u00e0 l\u2019\u00e9cart de ce processus, tant dans son adoption que lors de sa mise en \u0153uvre.<\/p>\n<h2 style=\"text-align: justify;\"><strong>Pressions lobbyistes sur les institutions europ\u00e9ennes <\/strong><\/h2>\n<p style=\"text-align: justify;\">L\u2019eurod\u00e9put\u00e9e Mich\u00e8le Rivasi avait d\u00e9j\u00e0, en octobre 2019, point\u00e9 la contradiction de renouveler le partenariat avec Philip Morris dans le domaine de la lutte contre le commerce illicite de tabac. La Commission, qui avait conclu des <a href=\"https:\/\/www.generationsanstabac.org\/actualites\/commerce-illicite-le-renouvellement-des-accords-de-cooperation-entre-lue-et-un-cigarettier-en-question\/\">accords similaires<\/a> avec quatre autres multinationales du tabac, estimait alors que ces accords \u00e9taient au contraire compatibles avec les directives de la CCLAT<a href=\"#_ftn6\" name=\"_ftnref6\">[6]<\/a>. Parmi les dispositions de ces accords, les cigarettiers s\u2019engageaient notamment \u00e0 ne pas approvisionner un pays au-del\u00e0 de ses besoins \u00ab l\u00e9gitimes \u00bb<a href=\"#_ftn7\" name=\"_ftnref7\">[7]<\/a>, alors que le sur-approvisionnement en cigarettes reste par exemple manifeste au <a href=\"https:\/\/www.generationsanstabac.org\/actualites\/la-lutte-contre-les-ventes-hors-reseau-des-buralistes-ou-en-est-on-contrebande\/\">Luxembourg<\/a>.<\/p>\n<p style=\"text-align: justify;\">Lors d\u2019une autre question \u00e9crite, en ao\u00fbt 2020, Mme Rivasi avait par ailleurs rappel\u00e9 que la r\u00e9vision de la directive 2014\/40\/UE sur les produits du tabac (TPD) devait \u00e9galement mettre fin au financement des partis politiques par les industriels du tabac., en accord avec l\u2019article 5.3 de la CCLAT<a href=\"#_ftn8\" name=\"_ftnref8\">[8]<\/a>. Dans une <a href=\"https:\/\/www.generationsanstabac.org\/actualites\/commission-europeenne-un-conflit-dinterets-entre-un-haut-fonctionnaire-et-lindustrie-du-tabac\/\">lettre ouverte<\/a> en novembre 2022, Mme Rivasi a ensuite d\u00e9nonc\u00e9 l\u2019embauche de Jan Hoffmann, un ancien haut fonctionnaire de la Commission europ\u00e9enne, par Dentsu, prestataire choisi pour assurer la <a href=\"https:\/\/www.generationsanstabac.org\/actualites\/revision-tpd-commerce-illicite\/\">tra\u00e7abilit\u00e9<\/a> des produits du tabac en Europe. Dentsu est pourtant une entreprise li\u00e9e \u00e0 l\u2019industrie du tabac et Jan Hoffmann avait particip\u00e9 \u00e0 la s\u00e9lection de ce prestataire lorsqu\u2019il \u00e9tait en fonction.<\/p>\n<p style=\"text-align: justify;\">Au-del\u00e0 du \u00ab Qatargate \u00bb, les relations entre les institutions europ\u00e9ennes et le lobby du tabac exigent donc aussi la plus grande attention, alors que doit en principe commencer la r\u00e9vision de l\u2019autre directive europ\u00e9enne, 2014\/40\/UE, qui r\u00e8glemente les produits du tabac et de la nicotine.<\/p>\n<p style=\"text-align: justify;\"><strong>Mots-cl\u00e9s : Commission europ\u00e9en, Parlement Europ\u00e9en, Qatargate, directive 2011\/64\/UE<\/strong><\/p>\n<p><strong><a href=\"https:\/\/www.generationsanstabac.org\/\">\u00a9G\u00e9n\u00e9ration Sans Tabac<\/a><\/strong><\/p>\n<p style=\"text-align: right;\"><em><strong>MF<\/strong><\/em><\/p>\n<hr \/>\n<p style=\"text-align: justify;\"><a href=\"#_ftnref1\" name=\"_ftn1\">[1]<\/a> Stroobants J-P, <a href=\"https:\/\/www.lemonde.fr\/international\/article\/2023\/02\/24\/qatargate-au-parlement-europeen-la-justice-belge-enquete-sur-le-versement-de-plusieurs-millions-d-euros_6163219_3210.html\"><em>\u00ab Qatargate \u00bb au Parlement europ\u00e9en : la justice belge enqu\u00eate sur le versement de \u00ab plusieurs millions d\u2019euros \u00bb<\/em><\/a>, Le Monde, publi\u00e9 le 24 f\u00e9vrier 2023, consult\u00e9 le 3 mars 2023.<\/p>\n<p style=\"text-align: justify;\"><a href=\"#_ftnref2\" name=\"_ftn2\">[2]<\/a> L.Co, <a href=\"https:\/\/www.lesoir.be\/498620\/article\/2023-03-03\/qatargate-prolongation-de-la-detention-provisoire-dun-mois-pour-marc-tarabella\"><em>Qatargate: prolongation de la d\u00e9tention provisoire d\u2019un mois pour Marc Tarabella, deux mois pour Eva Kaili<\/em><\/a>, Le Soir, publi\u00e9 le 3 mars 2023, consult\u00e9 le 3 mars 2023.<\/p>\n<p style=\"text-align: justify;\"><a href=\"#_ftnref3\" name=\"_ftn3\">[3]<\/a> Savy M, Basset B, <a href=\"https:\/\/addictions-france.org\/articles\/lobbies-de-lalcool-comment-ils-sattirent-lamitie-des-politiques\/\"><em>Lobbies de l&rsquo;alcool\u202f: comment ils s\u2019attirent l\u2019amiti\u00e9 des politiques, Addictions France<\/em><\/a>, publi\u00e9 le 28 novembre 2022, consult\u00e9 le 3 mars 2023.<\/p>\n<p style=\"text-align: justify;\"><a href=\"#_ftnref4\" name=\"_ftn4\">[4]<\/a> <a href=\"https:\/\/www.illicit-trade.com\/fr\/2023\/03\/a-lombre-du-qatargate-la-commission-europeenne-continue-de-satisfaire-le-lobby-du-tabac\/\"><em>A l\u2019ombre du Qatargate, la Commission europ\u00e9enne continue de satisfaire le lobby du tabac<\/em><\/a>, Illicit Trade, publi\u00e9 le 1er mars 2023, consult\u00e9 le 3 mars 2023.<\/p>\n<p style=\"text-align: justify;\"><a href=\"#_ftnref5\" name=\"_ftn5\">[5]<\/a> Pelletier A-S, <a href=\"https:\/\/www.europarl.europa.eu\/doceo\/document\/E-9-2023-000355_FR.html\"><em>Pour une nouvelle directive sur la taxation du tabac<\/em><\/a>, Parlement europ\u00e9en, Questions parlementaires, publi\u00e9 le 6 f\u00e9vrier 2023, consult\u00e9 le 3 mars 2023.<\/p>\n<p style=\"text-align: justify;\"><a href=\"#_ftnref6\" name=\"_ftn6\">[6]<\/a> <a href=\"https:\/\/www.europarl.europa.eu\/doceo\/document\/E-9-2019-003162-ASW_FR.html\"><em>R\u00e9ponse commune donn\u00e9e par M. Hahn au nom de la Commission europ\u00e9enne<\/em><\/a>, Parlement europ\u00e9en, Questions parlementaires, publi\u00e9 le 29 janvier 2020, consult\u00e9 le 3 mars 2023.<\/p>\n<p style=\"text-align: justify;\"><a href=\"#_ftnref7\" name=\"_ftn7\">[7]<\/a> <a href=\"https:\/\/anti-fraud.ec.europa.eu\/policy\/policies-prevent-and-deter-fraud\/illegal-tobacco_en\"><em>Illegal Tobacco<\/em><\/a>, OLAF, consult\u00e9 le 6 mars 2023.<\/p>\n<p style=\"text-align: justify;\"><a href=\"#_ftnref8\" name=\"_ftn8\">[8]<\/a> Rivasi M, <a href=\"https:\/\/www.europarl.europa.eu\/doceo\/document\/E-9-2020-003030_FR.html\"><em>Tabac \u2014 Strat\u00e9gie d\u2019influence des cigarettiers et financement de la vie politique en Europe<\/em><\/a>, Parlement europ\u00e9en, Questions parlementaires, publi\u00e9 le 15 mai 2020, consult\u00e9 le 6 mars 2023.<\/p>\n<p><span style=\"color: #999999;\"><strong><a style=\"color: #999999;\" href=\"http:\/\/www.cnct.fr\/\" target=\"_blank\" rel=\"noopener noreferrer\">Comit\u00e9 national contre le tabagisme |<\/a><\/strong><\/span><\/p>\n","protected":false},"excerpt":{"rendered":"<p>While the corruption of European parliamentarians through Qatargate has been widely publicized, the actions of the tobacco lobby have attracted less attention.<\/p>","protected":false},"featured_media":11949,"template":"","tags":[],"thematique":[499],"class_list":["post-20960","actualites","type-actualites","status-publish","has-post-thumbnail","hentry","thematique-lobby"],"acf":[],"_links":{"self":[{"href":"https:\/\/www.generationsanstabac.org\/en\/wp-json\/wp\/v2\/actualites\/20960","targetHints":{"allow":["GET"]}}],"collection":[{"href":"https:\/\/www.generationsanstabac.org\/en\/wp-json\/wp\/v2\/actualites"}],"about":[{"href":"https:\/\/www.generationsanstabac.org\/en\/wp-json\/wp\/v2\/types\/actualites"}],"version-history":[{"count":0,"href":"https:\/\/www.generationsanstabac.org\/en\/wp-json\/wp\/v2\/actualites\/20960\/revisions"}],"wp:featuredmedia":[{"embeddable":true,"href":"https:\/\/www.generationsanstabac.org\/en\/wp-json\/wp\/v2\/media\/11949"}],"wp:attachment":[{"href":"https:\/\/www.generationsanstabac.org\/en\/wp-json\/wp\/v2\/media?parent=20960"}],"wp:term":[{"taxonomy":"post_tag","embeddable":true,"href":"https:\/\/www.generationsanstabac.org\/en\/wp-json\/wp\/v2\/tags?post=20960"},{"taxonomy":"thematique","embeddable":true,"href":"https:\/\/www.generationsanstabac.org\/en\/wp-json\/wp\/v2\/thematique?post=20960"}],"curies":[{"name":"wp","href":"https:\/\/api.w.org\/{rel}","templated":true}]}}