{"id":20935,"date":"2023-02-09T13:52:33","date_gmt":"2023-02-09T12:52:33","guid":{"rendered":"https:\/\/www.generationsanstabac.org\/actualites\/etat-des-lieux-international-de-la-reglementation-sur-les-sachets-de-nicotine\/"},"modified":"2023-02-09T13:52:33","modified_gmt":"2023-02-09T12:52:33","slug":"etat-des-lieux-international-de-la-reglementation-sur-les-sachets-de-nicotine","status":"publish","type":"actualites","link":"https:\/\/www.generationsanstabac.org\/en\/actualites\/etat-des-lieux-international-de-la-reglementation-sur-les-sachets-de-nicotine\/","title":{"rendered":"International status of regulations on nicotine pouches"},"content":{"rendered":"<p style=\"text-align: justify;\"><em>L\u2019\u00e9tude du statut r\u00e9glementaire des sachets de nicotine de 67 pays r\u00e9v\u00e8le que la moiti\u00e9 d\u2019entre eux ont d\u00e9j\u00e0 un cadre l\u00e9gal pouvant inclure ces produits. Une piste de r\u00e9gulation, \u00e9galement applicable aux autres produits de la nicotine, serait de d\u00e9velopper un cadre r\u00e8glementaire prenant sp\u00e9cifiquement en compte la question de la nicotine. <\/em><\/p>\n<p style=\"text-align: justify;\">Les sachets de nicotine (\u00ab <em>pouches<\/em> \u00bb) contiennent notamment une poudre \u00e0 base de nicotine, que celle-ci soit d\u00e9riv\u00e9e du tabac ou de synth\u00e8se. Ces sachets, qui se placent entre la l\u00e8vre et la gencive, <a href=\"https:\/\/www.generationsanstabac.org\/actualites\/diffusion-et-confusion-autour-des-sachets-de-nicotine-en-france\/\">sont confondus<\/a> par de nombreux m\u00e9dias avec les snus, qui sont des sachets contenant une pr\u00e9paration de tabac. Mis en lumi\u00e8re en d\u00e9cembre 2022 autour de la Coupe du Monde de football, les sachets de nicotine sont d\u00e9j\u00e0 pr\u00e9sents sur tous les continents depuis plusieurs ann\u00e9es.<\/p>\n<p style=\"text-align: justify;\">Ce march\u00e9 conna\u00eet une tr\u00e8s rapide croissance, les ventes mondiales \u00e9tant pass\u00e9es de 292 millions d\u2019unit\u00e9s en 2018 \u00e0 6,8 milliards d\u2019unit\u00e9s en 2021, soit une croissance de plus de 2000 %. Les multinationales du tabac ont toutes d\u00e9velopp\u00e9 une ou plusieurs marques sur ce segment de march\u00e9, parfois en acqu\u00e9rant <a href=\"https:\/\/www.generationsanstabac.org\/actualites\/pourparlers-rachat-swedish-match-snus-philip-morris\/\">d\u2019autres fabricants<\/a>. Les concentrations en nicotine pouvant varier <a href=\"https:\/\/www.generationsanstabac.org\/actualites\/traces-de-nitrosamines-et-taux-importants-de-nicotine-dans-les-pouches\/\">de 1,79 mg \u00e0 47,5 mg<\/a> par sachet<a href=\"#_ftn1\" name=\"_ftnref1\">[1]<\/a>, soit davantage que n\u2019en apporte le tabac fum\u00e9 ou d\u2019autres produits de la nicotine, l\u2019impact de ces produits sur la sant\u00e9 pose la question de leur r\u00e9glementation. Une \u00e9tude fait aujourd\u2019hui le point sur les r\u00e9glementations concernant les sachets de nicotine selon les pays<a href=\"#_ftn2\" name=\"_ftnref2\">[2]<\/a>.<\/p>\n<h2 style=\"text-align: justify;\"><strong>De fortes variations selon les r\u00e9glementations existantes <\/strong><\/h2>\n<p style=\"text-align: justify;\">Portant sur 67 pays, l\u2019\u00e9tude indique que 34 d\u2019entre eux ont d\u00e9j\u00e0 act\u00e9 une r\u00e9glementation pouvant inclure les sachets de nicotine, dont 23 prennent \u00e9galement en compte la question de la nicotine de synth\u00e8se, tandis que 27 pays n\u2019avaient aucune r\u00e9glementation en la mati\u00e8re.<\/p>\n<p style=\"text-align: justify;\">Des 34 pays o\u00f9 le sujet est r\u00e8glement\u00e9, 20 avaient d\u00e9j\u00e0 vu appara\u00eetre les sachets de nicotine sur leur march\u00e9, 16 ont r\u00e9gul\u00e9 les sachets de nicotine en tant que produits du tabac, 10 n\u2019ont r\u00e9glement\u00e9 en tant que produits du tabac que les sachets de nicotine d\u00e9riv\u00e9s du tabac et 8 ont adopt\u00e9 des textes concernant sp\u00e9cifiquement les sachets de nicotine de synth\u00e8se. Des 14 pays dot\u00e9s d\u2019une l\u00e9gislation englobant les sachets de nicotine avant qu\u2019ils ne soient parvenus sur le march\u00e9, 6 les ont interdits (Australie, Nouvelle-Z\u00e9lande, Brunei, Iran, Maurice et Singapour), 3 exigent une prescription m\u00e9dicale (Canada, Malaisie, et sachets de nicotine de synth\u00e8se en Australie) et 1 impose une autorisation de mise sur le march\u00e9 (Espagne).<\/p>\n<p style=\"text-align: justify;\">Les auteurs constatent diff\u00e9rentes strat\u00e9gies de r\u00e9glementation adopt\u00e9es, la plupart restant centr\u00e9es sur les produits du tabac et leurs d\u00e9riv\u00e9s. Certains pays, notamment les Etats-Unis, ont adapt\u00e9 leur d\u00e9finition des produits du tabac afin d\u2019englober tous les produits contenant de la nicotine, y compris de synth\u00e8se. D\u2019autres pays ont pr\u00e9f\u00e9r\u00e9 l\u00e9gif\u00e9rer sur de nouvelles cat\u00e9gories de produits ou encore classer les sachets de nicotine en tant que m\u00e9dicaments. En classant les sachets de nicotine comme traitement de substitution, l\u2019Uruguay est jusqu\u2019ici parvenu \u00e0 \u00e9viter leur immixtion sur son march\u00e9, ce qui relativise les discours des fabricants sur la r\u00e9duction des risques.<\/p>\n<h2 style=\"text-align: justify;\"><strong>La nicotine de synth\u00e8se, source de failles juridiques<\/strong><\/h2>\n<p style=\"text-align: justify;\">Parce qu\u2019ils ne sont pas d\u00e9riv\u00e9s du tabac, les sachets de nicotine de synth\u00e8se posent des probl\u00e8mes l\u00e9gislatifs sp\u00e9cifiques. Certains pays, comme la Norv\u00e8ge et la Nouvelle-Z\u00e9lande, ont adopt\u00e9 des r\u00e9glementations mettant l\u2019accent sur la nicotine plut\u00f4t que sur la plante du tabac, ce qui peut constituer un mod\u00e8le pour d\u2019autres pays. L\u00e9gif\u00e9rer sur ce th\u00e8me permettrait notamment d\u2019anticiper les failles juridiques pouvant se pr\u00e9senter avec d\u2019autres produits utilisant une nicotine de synth\u00e8se, par exemple sous forme de cigarettes \u00e9lectroniques.<\/p>\n<p style=\"text-align: justify;\">Les r\u00e9sultats de cette \u00e9tude ne sont que partiels, les pays europ\u00e9ens \u00e9tant surrepr\u00e9sent\u00e9s (27\/67), tandis que les pays \u00e0 revenu faible sont peu pr\u00e9sents (5\/67). L\u2019\u00e9tude ne prend par ailleurs en compte que les r\u00e9glementations nationales, des am\u00e9nagements locaux pouvant exister. Elle constitue n\u00e9anmoins une premi\u00e8re tentative de comparaison internationale entre diff\u00e9rentes l\u00e9gislations sur ce sujet. Les demandes d\u2019interdiction des sachets \u00e9mises r\u00e9cemment <a href=\"https:\/\/www.generationsanstabac.org\/actualites\/le-ministre-belge-de-la-sante-veut-interdire-les-sachets-de-nicotine\/\">en Belgique<\/a> et au Luxembourg<a href=\"#_ftn3\" name=\"_ftnref3\">[3]<\/a> sugg\u00e8rent qu\u2019il est prudent de se poser la question r\u00e9glementaire avant que ces produits ne s\u2019installent sur le march\u00e9.<\/p>\n<p style=\"text-align: justify;\">Pour en savoir davantage sur les sachets de nicotine, consultez notre <a href=\"https:\/\/www.generationsanstabac.org\/article\/les-sachets-de-nicotine-nouvelle-opportunite-marketing-pour-lindustrie-du-tabac\/\">d\u00e9cryptage<\/a>.<\/p>\n<p style=\"text-align: justify;\"><strong>Mots-cl\u00e9s : sachets de nicotine, pouches, nicotine de synth\u00e8se, r\u00e9glementation<\/strong><\/p>\n<p><strong><a href=\"https:\/\/www.generationsanstabac.org\/\">\u00a9G\u00e9n\u00e9ration Sans Tabac<\/a><\/strong><\/p>\n<p style=\"text-align: right;\"><em><strong>MF<\/strong><\/em><\/p>\n<hr \/>\n<p style=\"text-align: justify;\"><a href=\"#_ftnref1\" name=\"_ftn1\">[1]<\/a> Mallock N, Schulz T, Malke S, et al. <a href=\"https:\/\/tobaccocontrol.bmj.com\/content\/early\/2022\/08\/05\/tc-2022-057280\"><em>Levels of nicotine and tobacco-specific nitrosamines in oral nicotine pouches<\/em><\/a>. Tob Control 2022. Epub ahead of print 05 Aug 2022. 10.1136\/tc-2022-057280<\/p>\n<p style=\"text-align: justify;\"><a href=\"#_ftnref2\" name=\"_ftn2\">[2]<\/a> Duren M, Atella L, Welding K, Kennedy RD. <a href=\"https:\/\/tobaccocontrol.bmj.com\/content\/early\/2023\/02\/07\/tc-2022-057734\"><em>Nicotine pouches: a summary of regulatory approaches across 67 countries<\/em><\/a>. Tob Control 2023;0:1\u20139. Epub ahead of print: 08 Feb 2023. doi:10.1136\/tc-2022-057734<\/p>\n<p style=\"text-align: justify;\"><a href=\"#_ftnref3\" name=\"_ftn3\">[3]<\/a> Jacquemot P, <a href=\"https:\/\/www.lesfrontaliers.lu\/sante\/pas-si-inoffensifs-ces-petits-sachets-de-nicotine-qui-font-un-tabac\/\"><em>Pas si inoffensifs ces petits sachets de nicotine qui font un tabac<\/em><\/a>, Les Frontaliers, publi\u00e9 le 6 f\u00e9vrier 2023, consult\u00e9 le 8 f\u00e9vrier 2023.<\/p>\n<p><span style=\"color: #999999;\"><strong><a style=\"color: #999999;\" href=\"http:\/\/www.cnct.fr\/\" target=\"_blank\" rel=\"noopener noreferrer\">Comit\u00e9 national contre le tabagisme |<\/a><\/strong><\/span><\/p>\n","protected":false},"excerpt":{"rendered":"<p>A study of the regulatory status of nicotine pouches in 67 countries reveals that half of them already have a legal framework that could include these products.<\/p>","protected":false},"featured_media":20936,"template":"","tags":[],"thematique":[502,516],"class_list":["post-20935","actualites","type-actualites","status-publish","has-post-thumbnail","hentry","thematique-justice","thematique-nouveaux-produits"],"acf":[],"_links":{"self":[{"href":"https:\/\/www.generationsanstabac.org\/en\/wp-json\/wp\/v2\/actualites\/20935","targetHints":{"allow":["GET"]}}],"collection":[{"href":"https:\/\/www.generationsanstabac.org\/en\/wp-json\/wp\/v2\/actualites"}],"about":[{"href":"https:\/\/www.generationsanstabac.org\/en\/wp-json\/wp\/v2\/types\/actualites"}],"version-history":[{"count":0,"href":"https:\/\/www.generationsanstabac.org\/en\/wp-json\/wp\/v2\/actualites\/20935\/revisions"}],"wp:featuredmedia":[{"embeddable":true,"href":"https:\/\/www.generationsanstabac.org\/en\/wp-json\/wp\/v2\/media\/20936"}],"wp:attachment":[{"href":"https:\/\/www.generationsanstabac.org\/en\/wp-json\/wp\/v2\/media?parent=20935"}],"wp:term":[{"taxonomy":"post_tag","embeddable":true,"href":"https:\/\/www.generationsanstabac.org\/en\/wp-json\/wp\/v2\/tags?post=20935"},{"taxonomy":"thematique","embeddable":true,"href":"https:\/\/www.generationsanstabac.org\/en\/wp-json\/wp\/v2\/thematique?post=20935"}],"curies":[{"name":"wp","href":"https:\/\/api.w.org\/{rel}","templated":true}]}}