{"id":20922,"date":"2023-01-27T11:11:02","date_gmt":"2023-01-27T10:11:02","guid":{"rendered":"https:\/\/www.generationsanstabac.org\/actualites\/le-ministre-belge-de-la-sante-veut-interdire-les-sachets-de-nicotine\/"},"modified":"2023-01-27T11:11:02","modified_gmt":"2023-01-27T10:11:02","slug":"le-ministre-belge-de-la-sante-veut-interdire-les-sachets-de-nicotine","status":"publish","type":"actualites","link":"https:\/\/www.generationsanstabac.org\/en\/actualites\/le-ministre-belge-de-la-sante-veut-interdire-les-sachets-de-nicotine\/","title":{"rendered":"Belgian Health Minister Wants to Ban Nicotine Pouches"},"content":{"rendered":"<p style=\"text-align: justify;\"><em>Le ministre belge de la Sant\u00e9 Frank Vandenbroucke a appel\u00e9 le 25 janvier 2023 \u00e0 l&rsquo;interdiction des sachets de nicotine, notant que, comme les produits du vapotage, ils peuvent \u00eatre un tremplin vers le tabagisme pour les jeunes.<\/em><\/p>\n<p style=\"text-align: justify;\">Les sachets de nicotine, qui se placent entre la l\u00e8vre sup\u00e9rieure et la gencive, rappellent le snus, une poudre humide contenant du tabac qui est interdite dans toute l&rsquo;Union Europ\u00e9enne, sauf en Su\u00e8de. Cependant, les sachets de nicotine ne sont pas compos\u00e9s de tabac. Ils contiennent de la nicotine, des fibres v\u00e9g\u00e9tales et des ar\u00f4mes particuli\u00e8rement attractifs pour les jeunes. Les sachets de nicotine sont les nouveaux venus dans le portefeuille de produits des fabricants de tabac qui investissent massivement dans ces nouveaux produits pour r\u00e9agir \u00e0 la baisse de la consommation mondiale des cigarettes traditionnelles de tabac. Leur objectif est de maintenir les consommateurs dans la d\u00e9pendance \u00e0 la nicotine, mais aussi de capter de nouveaux clients.<\/p>\n<p style=\"text-align: justify;\">Le ministre Vandenbroucke a rappel\u00e9 l\u2019objectif d\u2019une g\u00e9n\u00e9ration tabac en Belgique. Il a soulign\u00e9 que le moyen d\u2019y parvenir \u00e9tait d\u2019emp\u00eacher les enfants et jeunes de s\u2019initier au tabagisme ou \u00e0 d\u2019autres produits de la nicotine<a href=\"#_ftn1\" name=\"_ftnref1\">[1]<\/a>.<\/p>\n<h2 style=\"text-align: justify;\"><strong>Le succ\u00e8s des sachets de nicotine en Belgique<\/strong><\/h2>\n<p style=\"text-align: justify;\">Les sachets de nicotine ont \u00e9t\u00e9 l\u00e9galis\u00e9s pour la premi\u00e8re fois en Belgique en 2021, trait\u00e9s comme un \u00ab produit m\u00e9dicinal \u00bb. Ils sont apparus dans les magasins belges, y compris dans les grandes cha\u00eenes de supermarch\u00e9s de Wallonie<a href=\"#_ftn2\" name=\"_ftnref2\">[2]<\/a>. Ces produits ont rapidement gagn\u00e9 en popularit\u00e9 par la suite en raison du marketing agressif des g\u00e9ants du tabac tels que British American Tobacco (BAT) et Imperial Tobacco. BAT a ainsi parrain\u00e9 plusieurs \u00e9v\u00e9nements comme le festival de musique Tomorrowland en vendant ces sachets, propos\u00e9s comme une alternative aux interdictions de fumer.<\/p>\n<p style=\"text-align: justify;\">VELO et LYFT de BAT sont les deux plus grandes marques de sachets de nicotine en Belgique et sont commercialis\u00e9es dans des emballages color\u00e9s avec une diversit\u00e9 d\u2019ar\u00f4mes.<\/p>\n<h2 style=\"text-align: justify;\"><strong>L\u2019arriv\u00e9e progressive de ces produits en France<\/strong><\/h2>\n<p style=\"text-align: justify;\">En France, les sachets de nicotine ont fait leur apparition dans les lieux de vente (d\u00e9bits de tabac) au dernier trimestre de l\u2019ann\u00e9e 2022 par l\u2019interm\u00e9diaire de fabricants ind\u00e9pendants. Ces produits ne font pas encore l\u2019objet d\u2019un marketing important mais sont promus sous une qualification trompeuse de \u00ab Snus \/ snuf \u00bb.<\/p>\n<p style=\"text-align: justify;\">La marque VELO, quant \u00e0 elle, a fait son apparition en d\u00e9cembre 2022 en ligne. Le produit y est pr\u00e9sent\u00e9 comme une \u00ab alternative moins risqu\u00e9e \u00bb au tabagisme et la diversit\u00e9 d\u2019ar\u00f4mes est fortement mise en avant \u00e0 travers des accroches telles que : \u00ab <em>VELO est disponible dans une gamme d&rsquo;ar\u00f4mes et d&rsquo;intensit\u00e9s que vous pouvez d\u00e9guster partout et \u00e0 tout moment.<\/em> \u00bb De plus en plus de sites internet francophones vendent ces produits et en font la promotion sur les r\u00e9seaux sociaux.<\/p>\n<p style=\"text-align: justify;\">Lire notre d\u00e9cryptage &#8211; <a href=\"https:\/\/www.generationsanstabac.org\/article\/les-sachets-de-nicotine-nouvelle-opportunite-marketing-pour-lindustrie-du-tabac\/\">Les sachets de nicotine, nouvelle opportunit\u00e9 marketing pour l\u2018industrie du tabac<\/a><\/p>\n<p style=\"text-align: justify;\"><strong>Mots-cl\u00e9s : Belgique, sachets de nicotine, interdiction, ar\u00f4mes, jeunes<\/strong><\/p>\n<p style=\"text-align: justify;\"><strong><a href=\"https:\/\/www.generationsanstabac.org\/\">\u00a9G\u00e9n\u00e9ration Sans Tabac<\/a><\/strong><\/p>\n<p style=\"text-align: right;\"><em><strong>AE<\/strong><\/em><\/p>\n<hr \/>\n<p style=\"text-align: justify;\"><a href=\"#_ftnref1\" name=\"_ftn1\">[1]<\/a> <a href=\"https:\/\/www.rtbf.be\/article\/frank-vandenbroucke-plaide-pour-l-interdiction-des-sachets-de-nicotine-11142416\">Frank Vandenbroucke plaide pour l&rsquo;interdiction des sachets de nicotine<\/a>, RTBF, publi\u00e9 le 25 janvier 2023, consult\u00e9 le 27 janvier 2023<\/p>\n<p style=\"text-align: justify;\"><a href=\"#_ftnref2\" name=\"_ftn2\">[2]<\/a> Dylan Carter, <a href=\"https:\/\/www.brusselstimes.com\/219447\/youthful-and-colourful-nicotine-pouches-continue-to-entice-young-belgians\">Trendy and colourful: Nicotine pouches entice young Belgians<\/a>, The Brussels Times, publi\u00e9 le 25 avril 2022, consult\u00e9 le 27 janvier 2023<\/p>\n<p><span style=\"color: #999999;\"><strong><a style=\"color: #999999;\" href=\"http:\/\/www.cnct.fr\/\" target=\"_blank\" rel=\"noopener noreferrer\">Comit\u00e9 national contre le tabagisme |<\/a><\/strong><\/span><\/p>\n","protected":false},"excerpt":{"rendered":"<p>Belgian Health Minister Frank Vandenbroucke called for a ban on nicotine pouches on 25 January 2023.<\/p>","protected":false},"featured_media":11368,"template":"","tags":[],"thematique":[502,516],"class_list":["post-20922","actualites","type-actualites","status-publish","has-post-thumbnail","hentry","thematique-justice","thematique-nouveaux-produits"],"acf":[],"_links":{"self":[{"href":"https:\/\/www.generationsanstabac.org\/en\/wp-json\/wp\/v2\/actualites\/20922","targetHints":{"allow":["GET"]}}],"collection":[{"href":"https:\/\/www.generationsanstabac.org\/en\/wp-json\/wp\/v2\/actualites"}],"about":[{"href":"https:\/\/www.generationsanstabac.org\/en\/wp-json\/wp\/v2\/types\/actualites"}],"version-history":[{"count":0,"href":"https:\/\/www.generationsanstabac.org\/en\/wp-json\/wp\/v2\/actualites\/20922\/revisions"}],"wp:featuredmedia":[{"embeddable":true,"href":"https:\/\/www.generationsanstabac.org\/en\/wp-json\/wp\/v2\/media\/11368"}],"wp:attachment":[{"href":"https:\/\/www.generationsanstabac.org\/en\/wp-json\/wp\/v2\/media?parent=20922"}],"wp:term":[{"taxonomy":"post_tag","embeddable":true,"href":"https:\/\/www.generationsanstabac.org\/en\/wp-json\/wp\/v2\/tags?post=20922"},{"taxonomy":"thematique","embeddable":true,"href":"https:\/\/www.generationsanstabac.org\/en\/wp-json\/wp\/v2\/thematique?post=20922"}],"curies":[{"name":"wp","href":"https:\/\/api.w.org\/{rel}","templated":true}]}}