{"id":20921,"date":"2023-01-25T10:06:49","date_gmt":"2023-01-25T09:06:49","guid":{"rendered":"https:\/\/www.generationsanstabac.org\/actualites\/le-gouvernement-francais-octroie-290-millions-deuros-daides-supplementaires-aux-buralistes\/"},"modified":"2023-01-25T10:06:49","modified_gmt":"2023-01-25T09:06:49","slug":"le-gouvernement-francais-octroie-290-millions-deuros-daides-supplementaires-aux-buralistes","status":"publish","type":"actualites","link":"https:\/\/www.generationsanstabac.org\/en\/actualites\/le-gouvernement-francais-octroie-290-millions-deuros-daides-supplementaires-aux-buralistes\/","title":{"rendered":"French government grants 290 million euros in additional aid to tobacconists"},"content":{"rendered":"<p style=\"text-align: justify;\"><em>Le ministre d\u00e9l\u00e9gu\u00e9 des Comptes publics, Gabriel Attal, a sign\u00e9 le jeudi 19 janvier 2023 la prolongation sur cinq ans des aides d\u2019Etat aux buralistes, pour un montant de 290 millions d\u2019euros. Les buralistes se f\u00e9licitent de cette annonce, et devraient \u00e9galement b\u00e9n\u00e9ficier d\u2019une augmentation de leur part sur les ventes de produits du tabac. <\/em><\/p>\n<p style=\"text-align: justify;\">Dans un entretien accord\u00e9 \u00e0 La Voix du Nord, Gabriel Attal a d\u00e9taill\u00e9 les mesures du protocole d\u2019accord sign\u00e9 avec la Conf\u00e9d\u00e9ration des buralistes<a href=\"#_ftn1\" name=\"_ftnref1\">[1]<\/a>. Ce protocole pr\u00e9voit, sur cinq ans (2023-2027), l\u2019extension des soutiens financiers accord\u00e9s aux buralistes. 290 millions d\u2019euros d\u2019aides publiques devraient ainsi \u00eatre vers\u00e9s aux 23 500 buralistes durant cette p\u00e9riode, soit une moyenne de 12 340 \u20ac pour chaque buraliste, ou 2 468 \u20ac par ann\u00e9e.<\/p>\n<p style=\"text-align: justify;\">Ces aides privil\u00e9gieront cependant les 14 000 buralistes qui relaient les missions de service public, tel le paiement des imp\u00f4ts et des amendes. La Conf\u00e9d\u00e9ration des buralistes, qui avait vu en 2022 sa dotation passer de 5 \u00e0 6 millions d\u2019euros<a href=\"#_ftn2\" name=\"_ftnref2\">[2]<\/a>, devrait aussi s\u2019en trouver confort\u00e9e.<\/p>\n<h2 style=\"text-align: justify;\"><strong>D\u2019importantes sommes pour les travaux de r\u00e9novation des d\u00e9bits de tabac<\/strong><\/h2>\n<p style=\"text-align: justify;\">L\u2019enveloppe de 100 millions d\u2019euros, \u00e0 raison de 20 millions d\u2019euros par an, d\u2019aide \u00e0 la transformation du r\u00e9seau des buralistes ne devrait pour sa part b\u00e9n\u00e9ficier qu\u2019\u00e0 5000 buralistes sur cette p\u00e9riode. Les autres \u00e9tablissements ont cependant pu eux aussi b\u00e9n\u00e9ficier de soutiens financiers de l\u2019Etat pour la diversification de leurs activit\u00e9s, octroy\u00e9es depuis 2004 apr\u00e8s le premier plan Cancer.<\/p>\n<p style=\"text-align: justify;\">Toujours concernant les travaux, une enveloppe de 75 millions d\u2019euros, soit 15 millions par an, est consacr\u00e9e \u00e0 la s\u00e9curisation des d\u00e9bits de tabac, chez qui 500 agressions (cambriolages, violences\u2026) sont r\u00e9pertori\u00e9es chaque ann\u00e9e (soit 1\/47).<\/p>\n<p style=\"text-align: justify;\">Les buralistes peuvent par ailleurs compter sur d\u2019autres dispositions financi\u00e8res bienveillantes. Ils peuvent par exemple b\u00e9n\u00e9ficier de \u00ab compl\u00e9ments de remise \u00bb sur les livraisons de tabac, et d\u2019une remise compensatoire lorsqu\u2019ils sont situ\u00e9s dans des d\u00e9partements frontaliers. Ils ont surtout obtenu satisfaction sur une ancienne revendication qui leur tenait \u00e0 c\u0153ur : la revalorisation de leur part sur les vente de tabac. Celle-ci sera progressivement port\u00e9e de 8,1 % (soit 89 cents sur un paquet \u00e0 11 \u20ac) actuellement \u00e0 8,35 % en 2025.<\/p>\n<h2 style=\"text-align: justify;\"><strong>Renforcement annonc\u00e9 du respect de l\u2019interdiction de vente aux mineurs par les buralistes<\/strong><\/h2>\n<p style=\"text-align: justify;\">En contrepartie de ces aides, le gouvernement affiche une exigence de rigueur de la part des buralistes, en particulier sur le chapitre de la vente aux mineurs, une mesure depuis longtemps r\u00e9clam\u00e9e par les acteurs de sant\u00e9. <a href=\"https:\/\/www.generationsanstabac.org\/actualites\/les-buralistes-ne-respectent-pas-linterdiction-de-vente-de-tabac-aux-mineurs-en-france\/\">Une \u00e9tude<\/a> du Comit\u00e9 national contre le tabagisme a ainsi montr\u00e9 qu\u2019en 2021, 64 % des buralistes fran\u00e7ais proc\u00e9daient \u00e0 des ventes de tabac \u00e0 des mineurs, cette proportion grimpant \u00e0 77 % dans les villes de plus de 15 000 habitants<a href=\"#_ftn3\" name=\"_ftnref3\">[3]<\/a>.<\/p>\n<p style=\"text-align: justify;\">Gabriel Attal a annonc\u00e9 <em>\u00ab une fermet\u00e9  absolue \u00bb<\/em> et un renforcement des sanctions disciplinaires, ainsi qu\u2019une suspension des aides d\u2019Etat en cas de non-respect de l\u2019interdiction. Une n\u00e9cessit\u00e9 qui semble s\u2019imposer puisqu\u2019en 2018, seulement 24 contraventions ont \u00e9t\u00e9 dress\u00e9es pour des infractions de vente de tabac aux mineurs<a href=\"#_ftn4\" name=\"_ftnref4\">[4]<\/a>, soit un risque pour un buraliste d\u2019\u00eatre contr\u00f4l\u00e9 une fois par si\u00e8cle pour ce type d\u2019infraction.<\/p>\n<h2 style=\"text-align: justify;\"><strong>Un plan triennal de lutte contre la contrebande de tabac<\/strong><\/h2>\n<p style=\"text-align: justify;\">Ce plan d\u2019aide se compl\u00e8te d\u2019un autre plan, triennal 2023-2025, de lutte contre la contrebande de tabac<a href=\"#_ftn5\" name=\"_ftnref5\">[5]<\/a>. Ce plan triennal vise notamment \u00e0 renforcer les moyens techniques des Douanes, en multipliant les v\u00e9hicules \u00e9quip\u00e9s scanners mobiles (pour un montant de 45 millions d\u2019euros), les d\u00e9tecteurs de plaques d\u2019immatriculation et les chiens d\u00e9tecteurs de tabac. Les actions coordonn\u00e9es Douanes-Police-Gendarmerie seront augment\u00e9es et renforc\u00e9es par la cr\u00e9ation des groupements de lutte anti-trafic de tabac (GLATT), dont le premier devrait ouvrir \u00e0 Lille en mars 2023.<\/p>\n<h2 style=\"text-align: justify;\"><strong>Les buralistes soutenus \u00e0 bout de bras par les gouvernements successifs<\/strong><\/h2>\n<p style=\"text-align: justify;\">Peu de professions peuvent se targuer d\u2019\u00eatre autant soutenue par les finances publiques. Dans un rapport de 2012, la Cour des comptes avait ainsi calcul\u00e9 que le montant total des aides de l\u2019Etat vers\u00e9es aux buralistes s&rsquo;est e\u0301leve\u0301 a\u0300 2,6 milliards d&rsquo;euros entre 2004 et 2011<a href=\"#_ftn6\" name=\"_ftnref6\">[6]<\/a>. Bien que cela semble contradictoire avec des objectifs de sant\u00e9 publique, qui pr\u00f4neraient plut\u00f4t la r\u00e9duction du nombre de points de vente, Gabriel Attal s\u2019est r\u00e9joui que le nombre de fermeture de d\u00e9bits de tabac se soit r\u00e9duit \u00e0 250 en 2020-2021, contre 400 \u00e0 500 entre 2012 et 2017. La proximit\u00e9 avec la Conf\u00e9d\u00e9ration des buralistes est nettement affich\u00e9e, puisque Gabriel Attal s\u2019est d\u00e9clar\u00e9 rester <em>\u00ab ouvert \u00e0 toutes les nouvelles id\u00e9es de transformation que pourra proposer la conf\u00e9d\u00e9ration \u00bb<\/em>.<\/p>\n<p><strong>Mots-cl\u00e9s : Gabriel Attal, Conf\u00e9d\u00e9ration des buralistes, aides de l\u2019Etat, contrebande, Douanes<\/strong><\/p>\n<p style=\"text-align: justify;\"><strong><a href=\"https:\/\/www.generationsanstabac.org\/\">\u00a9G\u00e9n\u00e9ration Sans Tabac<\/a><\/strong><\/p>\n<p style=\"text-align: right;\"><em><strong>MF<\/strong><\/em><\/p>\n<hr \/>\n<p><a href=\"#_ftnref1\" name=\"_ftn1\">[1]<\/a> L\u00e9cuyer J, <a href=\"https:\/\/www.lavoixdunord.fr\/1279853\/article\/2023-01-17\/exclusif-gabriel-attal-devoile-un-plan-d-aide-de-290-millions-d-euros-pour-les\"><em>EXCLUSIF. Gabriel Attal d\u00e9voile un plan d\u2019aide de 290 millions d\u2019euros pour les buralistes<\/em><\/a>, La Voix du Nord, publi\u00e9 le 17 janvier 2023, consult\u00e9 le 20 janvier 2023.<\/p>\n<p><a href=\"#_ftnref2\" name=\"_ftn2\">[2]<\/a> <a href=\"https:\/\/kiosque.bercy.gouv.fr\/alyas\/msite\/view\/lettre-daj\/16286\"><em>D\u00e9crets relatifs aux aides en faveur des d\u00e9bitants de tabac<\/em><\/a>, March\u00e9s, n\u00b0318, 18 novembre 2021.<\/p>\n<p><a href=\"#_ftnref3\" name=\"_ftn3\">[3]<\/a> Communiqu\u00e9 de presse, <a href=\"https:\/\/cnct.fr\/communiques\/deux-tiers-des-buralistes-vendent-du-tabac-au-mineurs-en-france-un-constat-accablant\/\"><em>Deux tiers des buralistes vendent du tabac aux mineurs en France, un constat accablant<\/em><\/a>, Comit\u00e9 national contre le tabagisme, 10 mars 2022, consult\u00e9 le 20 janvier 2023.<\/p>\n<p><a href=\"#_ftnref4\" name=\"_ftn4\">[4]<\/a> <a href=\"https:\/\/www.budget.gouv.fr\/documentation\/documents-budgetaires\/exercice-2021\/le-projet-de-loi-de-finances-et-les-documents-annexes-pour-2021\"><em>Pre\u0301vention en sante\u0301, Annexe au projet de loi de finances pour 2021<\/em><\/a>, Minist\u00e8re du Budget.<\/p>\n<p><a href=\"#_ftnref5\" name=\"_ftn5\">[5]<\/a> AFP\/Le Figaro, <a href=\"https:\/\/www.lefigaro.fr\/actualite-france\/tabac-attal-devoile-un-nouveau-plan-triennal-pour-enrayer-l-explosion-des-trafics-en-france-20221204\"><em>Tabac : Attal d\u00e9voile un nouveau plan triennal pour enrayer \u00abl&rsquo;explosion\u00bb des trafics en France<\/em><\/a>, Le Figaro, publi\u00e9 le 4 d\u00e9cembre 2022, consult\u00e9 le 20 janvier 2023.<\/p>\n<p><a href=\"#_ftnref6\" name=\"_ftn6\">[6]<\/a> <a href=\"https:\/\/www.ccomptes.fr\/fr\/publications\/les-politiques-de-lutte-contre-le-tabagisme\"><em>Rapport d\u2019e\u0301valuation : les politiques de lutte contre le tabagisme<\/em><\/a><em>, <\/em>Cour des comptes, de\u0301cembre 2012.<\/p>\n<p><span style=\"color: #999999;\"><strong><a style=\"color: #999999;\" href=\"http:\/\/www.cnct.fr\/\" target=\"_blank\" rel=\"noopener noreferrer\">Comit\u00e9 national contre le tabagisme |<\/a><\/strong><\/span><\/p>\n","protected":false},"excerpt":{"rendered":"<p>The Minister Delegate for Public Accounts, Gabriel Attal, has signed the five-year extension of state aid to tobacconists<\/p>","protected":false},"featured_media":19582,"template":"","tags":[],"thematique":[538,491],"class_list":["post-20921","actualites","type-actualites","status-publish","has-post-thumbnail","hentry","thematique-marches-paralleles","thematique-politiques-publiques"],"acf":[],"_links":{"self":[{"href":"https:\/\/www.generationsanstabac.org\/en\/wp-json\/wp\/v2\/actualites\/20921","targetHints":{"allow":["GET"]}}],"collection":[{"href":"https:\/\/www.generationsanstabac.org\/en\/wp-json\/wp\/v2\/actualites"}],"about":[{"href":"https:\/\/www.generationsanstabac.org\/en\/wp-json\/wp\/v2\/types\/actualites"}],"version-history":[{"count":0,"href":"https:\/\/www.generationsanstabac.org\/en\/wp-json\/wp\/v2\/actualites\/20921\/revisions"}],"wp:featuredmedia":[{"embeddable":true,"href":"https:\/\/www.generationsanstabac.org\/en\/wp-json\/wp\/v2\/media\/19582"}],"wp:attachment":[{"href":"https:\/\/www.generationsanstabac.org\/en\/wp-json\/wp\/v2\/media?parent=20921"}],"wp:term":[{"taxonomy":"post_tag","embeddable":true,"href":"https:\/\/www.generationsanstabac.org\/en\/wp-json\/wp\/v2\/tags?post=20921"},{"taxonomy":"thematique","embeddable":true,"href":"https:\/\/www.generationsanstabac.org\/en\/wp-json\/wp\/v2\/thematique?post=20921"}],"curies":[{"name":"wp","href":"https:\/\/api.w.org\/{rel}","templated":true}]}}