{"id":20917,"date":"2023-01-24T09:12:34","date_gmt":"2023-01-24T08:12:34","guid":{"rendered":"https:\/\/www.generationsanstabac.org\/actualites\/litalie-renforce-ses-mesures-contre-lusage-du-tabac-des-cigarettes-electroniques-et-du-tabac-chauffe\/"},"modified":"2023-01-24T09:12:34","modified_gmt":"2023-01-24T08:12:34","slug":"litalie-renforce-ses-mesures-contre-lusage-du-tabac-des-cigarettes-electroniques-et-du-tabac-chauffe","status":"publish","type":"actualites","link":"https:\/\/www.generationsanstabac.org\/en\/actualites\/litalie-renforce-ses-mesures-contre-lusage-du-tabac-des-cigarettes-electroniques-et-du-tabac-chauffe\/","title":{"rendered":"Italy tightens measures against use of tobacco, e-cigarettes and heated tobacco"},"content":{"rendered":"<p style=\"text-align: justify;\"><em>En affirmant son intention de parvenir \u00e0 une g\u00e9n\u00e9ration sans tabac en Italie, le ministre de la Sant\u00e9 a pr\u00e9sent\u00e9 de nouvelles mesures contre les produits du tabac et de la nicotine. Les interdictions de fumer et de vapoter en ext\u00e9rieur sont \u00e9largies et incluent les cigarettes \u00e9lectroniques et le tabac chauff\u00e9, les espaces fumeurs ferm\u00e9s sont supprim\u00e9s. L\u2019interdiction de la publicit\u00e9 est \u00e9largie \u00e0 l\u2019ensemble des produits de la nicotine. <\/em><\/p>\n<p style=\"text-align: justify;\">La pr\u00e9sentation, le 17 janvier 2023, de nouvelles mesures anti-tabac et anti-nicotine par le ministre italien de la Sant\u00e9, Orazio Schillaci, a eu lieu juste vingt ans apr\u00e8s l\u2019introduction de la loi Sirchia, en vigueur depuis 2005 et instituant des interdictions globales de fumer dans les lieux publics clos, les bars et les restaurants. L\u2019Italie \u00e9tait \u00e0 l\u2019\u00e9poque un pays en pointe sur ce plan de la lutte contre le tabagisme, mais a depuis \u00e9volu\u00e9 vers une certaine complaisance vis-\u00e0-vis des industriels du tabac en devenant une t\u00eate de pont en Europe pour le dispositif de tabac chauff\u00e9 IQOS, de Philip Morris International (PMI).<\/p>\n<p style=\"text-align: justify;\">Un tournant semble aujourd\u2019hui se dessiner en faveur de la sant\u00e9 publique, le ministre de la Sant\u00e9 ayant d\u00e9clar\u00e9 son intention d\u2019adapter la directive europ\u00e9enne pr\u00e9parant une g\u00e9n\u00e9ration sans tabac pour 2040, o\u00f9 moins de 5 % de la population serait fumeuse<a href=\"#_ftn1\" name=\"_ftnref1\">[1]<\/a>. Apr\u00e8s avoir baiss\u00e9 de 2005 \u00e0 2021, la pr\u00e9valence tabagique a de nouveau augment\u00e9 en Italie pour s\u2019\u00e9tablir aujourd\u2019hui \u00e0 25 %, avec 800 000 nouveaux fumeurs depuis deux ans.<\/p>\n<h2 style=\"text-align: justify;\"><strong>Restrictions de l\u2019usage dans les lieux clos et les espaces ext\u00e9rieurs<\/strong><\/h2>\n<p style=\"text-align: justify;\">Parmi les mesures annonc\u00e9es, figure l\u2019extension des espaces sans tabac en plein air en pr\u00e9sence d\u2019enfants ou de femmes enceintes. Les espaces ext\u00e9rieurs sans tabac n\u2019avaient \u00e9t\u00e9 jusqu\u2019ici adopt\u00e9s qu\u2019au <a href=\"https:\/\/www.generationsanstabac.org\/actualites\/milan-progresse-dans-linterdiction-du-tabagisme-en-exterieur\/\">niveau local<\/a>, se limitant aux parcs et aux stations de bus de la ville de Milan<a href=\"#_ftn2\" name=\"_ftnref2\">[2]<\/a>. Dans le Sud du pays, la ville de Puglia envisageait de rendre ses plages non-fumeurs en juillet 2023.<\/p>\n<p style=\"text-align: justify;\">Les espaces fumeurs situ\u00e9s dans les lieux clos ne seront quant \u00e0 eux plus autoris\u00e9s. L\u2019usage des cigarettes \u00e9lectroniques et des dispositifs de tabac chauff\u00e9 sera align\u00e9 sur celui des produits de tabac, rompant ainsi avec l\u2019argument de certains industriels de pouvoir consommer \u00ab dans les lieux o\u00f9 l\u2019on ne peut pas fumer \u00bb.<\/p>\n<p style=\"text-align: justify;\">Cet alignement de la l\u00e9gislation des cigarettes \u00e9lectroniques et des dispositifs de tabac chauff\u00e9 sur celle des produits du tabac englobe \u00e9galement l\u2019interdiction d\u2019en faire la publicit\u00e9. L\u2019interdiction de publicit\u00e9 est par ailleurs \u00e9tendue \u00e0 l\u2019ensemble des produits de la nicotine, en pr\u00e9vision des nouveaux produits apparaissant sur le march\u00e9, comme actuellement les sachets de nicotine.<\/p>\n<h2 style=\"text-align: justify;\"><strong>Un revirement de l\u2019Italie sur la question du tabac chauff\u00e9<\/strong><\/h2>\n<p style=\"text-align: justify;\">Le revirement de l\u2019Italie sur la question du tabac chauff\u00e9 m\u00e9rite l\u2019attention. PMI avait fait de ce pays sa premi\u00e8re base en Europe de l\u2019Ouest pour son dispositif de tabac chauff\u00e9 IQOS, notamment en y implantant une usine &#8211; inaugur\u00e9e en 2016 par le premier ministre italien, Matteo Renzi<a href=\"#_ftn3\" name=\"_ftnref3\">[3]<\/a>. Un intense travail de lobbying a parall\u00e8lement \u00e9t\u00e9 entrepris aupr\u00e8s des d\u00e9cideurs politiques italiens, en particulier en direction du Mouvement 5 \u00e9toiles, afin de maintenir pour ce produit une <a href=\"https:\/\/www.generationsanstabac.org\/actualites\/italie-lallegement-fiscal-sur-les-produits-du-tabac-chauffe-interroge\/\">taxation tr\u00e8s avantageuse<\/a>. Avec la Gr\u00e8ce, la Bulgarie et Chypre, pays subissant \u00e9galement de fortes pressions de la part de PMI, l\u2019Italie <a href=\"https:\/\/www.generationsanstabac.org\/actualites\/lunion-europeenne-interdit-les-aromes-dans-le-tabac-chauffe\/#:~:text=Le%203%20novembre%202022%2C%20la%20Commission%20europ%C3%A9enne%20a,sanitaires%20comparables%20%C3%A0%20ceux%20pour%20les%20autres%20cigarettes.\">s\u2019\u00e9tait oppos\u00e9e<\/a> \u00e0 la directive d\u00e9l\u00e9gu\u00e9e 2022\/2100 de la Commission europ\u00e9enne, publi\u00e9e le 3 novembre 2022. Celle-ci vise \u00e0 supprimer les exemptions accord\u00e9es aux produits de tabac chauff\u00e9, notamment en mati\u00e8re d\u2019ar\u00f4mes et de taxes<a href=\"#_ftn4\" name=\"_ftnref4\">[4]<\/a>.<\/p>\n<p style=\"text-align: justify;\">Le ministre de la Sant\u00e9 Orazio Schillaci a pr\u00e9cis\u00e9 que <em>\u00ab ce processus est destin\u00e9 \u00e0 permettre que les multiples int\u00e9r\u00eats li\u00e9s aux produits du tabac, y compris au niveau des ministres de l\u2019\u00e9conomie, ne supplantent pas ceux de la protection de la sant\u00e9 \u00bb<\/em>, sugg\u00e9rant les \u00e9carts sur ce sujet entre les diff\u00e9rents membres du gouvernement<em>. <\/em>Il reste cependant \u00e0 traduire cette intention dans la loi et surtout \u00e0 parvenir \u00e0 la faire respecter.<\/p>\n<p style=\"text-align: justify;\"><strong>Mots-cl\u00e9s : Italie, Orazio Schillaci, tabac chauff\u00e9, directive europ\u00e9enne<\/strong><\/p>\n<p style=\"text-align: justify;\"><strong><a href=\"https:\/\/www.generationsanstabac.org\/\">\u00a9G\u00e9n\u00e9ration Sans Tabac<\/a><\/strong><\/p>\n<p style=\"text-align: right;\"><em><strong>MF<\/strong><\/em><\/p>\n<hr \/>\n<p style=\"text-align: justify;\"><a href=\"#_ftnref1\" name=\"_ftn1\">[1]<\/a> Pascale F, <a href=\"https:\/\/www.euractiv.com\/section\/politics\/news\/italy-to-ban-vaping-indoors\/\"><em>Italy to ban vaping indoors<\/em><\/a>, Euractiv, publi\u00e9 le 18 janvier 2023, consult\u00e9 le 23 janvier 2023.<\/p>\n<p style=\"text-align: justify;\"><a href=\"#_ftnref2\" name=\"_ftn2\">[2]<\/a> Speak C, <a href=\"https:\/\/www.thelocal.it\/20230119\/how-is-italy-planning-to-tighten-laws-on-smoking\/\"><em>How is Italy planning to tighten laws on smoking?<\/em><\/a>, The Local, publi\u00e9 le 19 janvier 2023, consult\u00e9 le 23 janvier 2023.<\/p>\n<p style=\"text-align: justify;\"><a href=\"#_ftnref3\" name=\"_ftn3\">[3]<\/a> <a href=\"https:\/\/www.lemondedutabac.com\/iqos-de-pmi-inauguration-de-lusine-italienne\/\"><em>IQOS de PMI : inauguration de l\u2019usine italienne<\/em><\/a>, Le Monde du Tabac, publi\u00e9 le 28 septembre 2016, consult\u00e9 le 23 janvier 2023.<\/p>\n<p style=\"text-align: justify;\"><a href=\"#_ftnref4\" name=\"_ftn4\">[4]<\/a> <a href=\"https:\/\/eur-lex.europa.eu\/legal-content\/FR\/TXT\/HTML\/?uri=CELEX:32022L2100\"><em>Directive d\u00e9l\u00e9gu\u00e9e (UE) 2022\/2100 de la Commission europ\u00e9enne du 29 juin 2022 modifiant la directive 2014\/40\/UE du Parlement europ\u00e9en et du Conseil en ce qui concerne le retrait de certaines exemptions pour les produits du tabac chauff\u00e9s.<\/em><\/a><\/p>\n<p><span style=\"color: #999999;\"><strong><a style=\"color: #999999;\" href=\"http:\/\/www.cnct.fr\/\" target=\"_blank\" rel=\"noopener noreferrer\">Comit\u00e9 national contre le tabagisme |<\/a><\/strong><\/span><\/p>\n","protected":false},"excerpt":{"rendered":"<p>To achieve a tobacco-free generation in Italy, the Minister of Health has presented new measures against tobacco and nicotine products.<\/p>","protected":false},"featured_media":11363,"template":"","tags":[],"thematique":[502],"class_list":["post-20917","actualites","type-actualites","status-publish","has-post-thumbnail","hentry","thematique-justice"],"acf":[],"_links":{"self":[{"href":"https:\/\/www.generationsanstabac.org\/en\/wp-json\/wp\/v2\/actualites\/20917","targetHints":{"allow":["GET"]}}],"collection":[{"href":"https:\/\/www.generationsanstabac.org\/en\/wp-json\/wp\/v2\/actualites"}],"about":[{"href":"https:\/\/www.generationsanstabac.org\/en\/wp-json\/wp\/v2\/types\/actualites"}],"version-history":[{"count":0,"href":"https:\/\/www.generationsanstabac.org\/en\/wp-json\/wp\/v2\/actualites\/20917\/revisions"}],"wp:featuredmedia":[{"embeddable":true,"href":"https:\/\/www.generationsanstabac.org\/en\/wp-json\/wp\/v2\/media\/11363"}],"wp:attachment":[{"href":"https:\/\/www.generationsanstabac.org\/en\/wp-json\/wp\/v2\/media?parent=20917"}],"wp:term":[{"taxonomy":"post_tag","embeddable":true,"href":"https:\/\/www.generationsanstabac.org\/en\/wp-json\/wp\/v2\/tags?post=20917"},{"taxonomy":"thematique","embeddable":true,"href":"https:\/\/www.generationsanstabac.org\/en\/wp-json\/wp\/v2\/thematique?post=20917"}],"curies":[{"name":"wp","href":"https:\/\/api.w.org\/{rel}","templated":true}]}}