{"id":20915,"date":"2023-01-20T13:00:55","date_gmt":"2023-01-20T12:00:55","guid":{"rendered":"https:\/\/www.generationsanstabac.org\/actualites\/baviere-demande-interdiction-puffs-allemagne-europe\/"},"modified":"2023-01-20T13:00:55","modified_gmt":"2023-01-20T12:00:55","slug":"baviere-demande-interdiction-puffs-allemagne-europe","status":"publish","type":"actualites","link":"https:\/\/www.generationsanstabac.org\/en\/actualites\/baviere-demande-interdiction-puffs-allemagne-europe\/","title":{"rendered":"Bavaria calls for ban on puffs in Germany and across Europe"},"content":{"rendered":"<p style=\"text-align: justify;\"><em>La Bavi\u00e8re demande l&rsquo;interdiction des cigarettes \u00e9lectroniques jetables dans toute l&rsquo;Europe. Le cabinet de l\u2019ex\u00e9cutif bavarois a adopt\u00e9 mardi \u00e0 Munich une initiative du Bundesrat<a href=\"#_ftn1\" name=\"_ftnref1\"><strong>[1]<\/strong><\/a> demandant au gouvernement f\u00e9d\u00e9ral de s&rsquo;engager au niveau de l&rsquo;Union Europ\u00e9enne \u00e0 interdire la vente de ce type de produits jetables<a href=\"#_ftn2\" name=\"_ftnref2\"><strong>[2]<\/strong><\/a>.<\/em><\/p>\n<p style=\"text-align: justify;\">Les cigarettes \u00e9lectroniques jetables rencontrent un succ\u00e8s croissant en Allemagne. Selon le gouvernement bavarois, le chiffre d&rsquo;affaires total en Allemagne est estim\u00e9 \u00e0 environ 575 millions d&rsquo;euros pour 2022. Cela repr\u00e9sente environ 40 pour cent de plus que l&rsquo;ann\u00e9e pr\u00e9c\u00e9dente. Cette augmentation serait notamment due aux produits jetables.<\/p>\n<h2 style=\"text-align: justify;\"><strong>Un risque \u00e9cologique d\u2019ampleur autour des dispositifs jetables<\/strong><\/h2>\n<p style=\"text-align: justify;\">Selon la chancellerie d&rsquo;\u00c9tat, il manque jusqu&rsquo;\u00e0 pr\u00e9sent aux L\u00e4nder une base juridique pour limiter la vente de cigarettes \u00e9lectroniques jetables. La directive europ\u00e9enne sur les plastiques \u00e0 usage unique et l&rsquo;ordonnance f\u00e9d\u00e9rale sur l&rsquo;interdiction des plastiques \u00e0 usage unique ne couvrent que certains produits en plastique \u00e0 usage unique, comme les cotons-tiges, les couverts, les assiettes ou les pailles mais couvre cependant les filtres des produits du tabac.<\/p>\n<p style=\"text-align: justify;\">La pr\u00e9sente initiative du Conseil f\u00e9d\u00e9ral bavarois vise \u00e0 demander au gouvernement f\u00e9d\u00e9ral d\u2019interdire les cigarettes \u00e9lectroniques jetables de type puff en Allemagne mais aussi d\u2019\u00e9largir l\u2019interdiction au niveau europ\u00e9en.<\/p>\n<p style=\"text-align: justify;\">Apr\u00e8s utilisation compl\u00e8te, les cigarettes \u00e9lectroniques jetables ou puffs sont consid\u00e9r\u00e9es comme des d\u00e9chets \u00e9lectroniques et doivent en principe \u00eatre \u00e9limin\u00e9es correctement dans des points de collecte pr\u00e9vus \u00e0 cet effet ou chez le vendeur concern\u00e9. Pourtant, des quantit\u00e9s consid\u00e9rables de cigarettes \u00e9lectroniques jetables sont jet\u00e9es avec les autres d\u00e9chets. Cela entra\u00eene d&rsquo;une part une perte de mati\u00e8res premi\u00e8res et d&rsquo;autre part un risque d&rsquo;incendie d\u00fb aux piles qu&rsquo;elles contiennent. Par ailleurs, ce sont des d\u00e9chets toxiques et donc particuli\u00e8rement probl\u00e9matiques pour l&rsquo;environnement<\/p>\n<h2 style=\"text-align: justify;\"><strong>Une hausse de la consommation du tabac et du vapotage chez les jeunes Allemands<\/strong><\/h2>\n<p style=\"text-align: justify;\">Selon une enqu\u00eate sur le comportement des fumeurs (DEBRA)<a href=\"#_ftn3\" name=\"_ftnref3\">[3]<\/a> r\u00e9alis\u00e9e en 2022 en Allemagne, la proportion de fumeurs\/vapoteurs dans le <a href=\"https:\/\/www.debra-study.info\/fakten-presse\">groupe<\/a> des 14-17 ans a doubl\u00e9 par rapport \u00e0 l&rsquo;ann\u00e9e pr\u00e9c\u00e9dente, atteignant 15,9% contre 8,7% en 2021. Dans tous les cat\u00e9gories d&rsquo;\u00e2ge, la proportion de fumeurs\/vapoteurs a atteint en 2022 un niveau record depuis que cette enqu\u00eate de pr\u00e9valence a \u00e9t\u00e9 mise en place en 2016. Chez les 18-24 ans, la proportion est pass\u00e9e de 35,6 pour cent (2021) \u00e0 40,8 pour cent (2022). Dans le groupe d&rsquo;\u00e2ge des plus de 25 ans, elle est pass\u00e9e de 30,8 pour cent (2021) \u00e0 35,6 pour cent (2022)<a href=\"#_ftn4\" name=\"_ftnref4\">[4]<\/a>.<\/p>\n<p style=\"text-align: justify;\">Plus d\u2019un adolescent et jeune adulte sur trois (34%) qui vapote, le fait avec un produit jetable en 2022.<\/p>\n<p style=\"text-align: justify;\">L\u2019Allemagne est \u00e0 la derni\u00e8re place du classement europ\u00e9en des politiques de lutte antitabac portant sur 36 pays du continent : aucun autre pays europ\u00e9en ne fait moins pour r\u00e9duire la consommation de tabac et mettre en \u0153uvre les mesures \u00e9prouv\u00e9es de la Convention-Cadre de l\u2019OMS<a href=\"#_ftn5\" name=\"_ftnref5\">[5]<\/a>&#8211;<a href=\"#_ftn6\" name=\"_ftnref6\">[6]<\/a>.<\/p>\n<p style=\"text-align: justify;\"><strong>Mots-cl\u00e9s : Allemagne, Bavi\u00e8re, puffs, interdiction, adolescents, vapotage, cigarette \u00e9lectronique jetable, directive europ\u00e9enne, environnement, plastique<\/strong><\/p>\n<p style=\"text-align: justify;\"><strong><a href=\"https:\/\/www.generationsanstabac.org\/\">\u00a9G\u00e9n\u00e9ration Sans Tabac<\/a><\/strong><\/p>\n<p style=\"text-align: right;\"><em><strong>AE<\/strong><\/em><\/p>\n<hr \/>\n<p style=\"text-align: justify;\"><a href=\"#_ftnref1\" name=\"_ftn1\">[1]<\/a> L\u2019assembl\u00e9e l\u00e9gislative qui repr\u00e9sente les 16 L\u00e4nder allemands.<\/p>\n<p style=\"text-align: justify;\"><a href=\"#_ftnref2\" name=\"_ftn2\">[2]<\/a> <a href=\"https:\/\/www.sueddeutsche.de\/bayern\/kabinett-muenchen-bayern-fordert-europaweites-verbot-fuer-einweg-e-zigaretten-dpa.urn-newsml-dpa-com-20090101-230110-99-167639\">Bayern fordert europaweites Verbot f\u00fcr Einweg-E-Zigaretten<\/a>, S\u00fcddeutsche Zeitung, publi\u00e9 le 10 janvier 2023, consult\u00e9 le 19 janvier 2023<\/p>\n<p style=\"text-align: justify;\"><a href=\"#_ftnref3\" name=\"_ftn3\">[3]<\/a> L&rsquo;\u00e9tude DEBRA (Deutsche Befragung zum Rauchverhalten) est une enqu\u00eate bimensuelle, repr\u00e9sentative, en face \u00e0 face, sur la consommation de tabac et autres produits de la nicotine (cigarettes \u00e9lectroniques et tabac chauff\u00e9) au sein de la population allemande de plus de 14 ans.<\/p>\n<p style=\"text-align: justify;\"><a href=\"#_ftnref4\" name=\"_ftn4\">[4]<\/a> <a href=\"https:\/\/www.zm-online.de\/news\/detail\/bayern-will-einweg-e-zigaretten-verbieten\">Bayern fordert europaweites Verbot f\u00fcr Einweg-E-Zigaretten<\/a>, ZM Online, publi\u00e9 le 10 janvier 2023, consult\u00e9 le 19 janvier 2023<\/p>\n<p style=\"text-align: justify;\"><a href=\"#_ftnref5\" name=\"_ftn5\">[5]<\/a> G\u00e9n\u00e9ration sans tabac, <a href=\"https:\/\/www.generationsanstabac.org\/actualites\/allemagne-le-taux-du-fumeur-bondit-de-plus-de-neuf-points-en-deux-ans\/\">Allemagne : le taux de fumeurs bondit de plus de neuf points en deux ans<\/a>, publi\u00e9 le 30 ao\u00fbt 2022, consult\u00e9 le 19 janvier 2023<\/p>\n<p style=\"text-align: justify;\"><a href=\"#_ftnref6\" name=\"_ftn6\">[6]<\/a> G\u00e9n\u00e9ration sans tabac, <a href=\"https:\/\/www.generationsanstabac.org\/actualites\/le-comite-des-nations-unies-demande-allemagne-de-mieux-proteger-les-enfants-du-tabac\/\">Le Comit\u00e9 des Nations unies demande \u00e0 l\u2019Allemagne de mieux prot\u00e9ger les enfants du tabac<\/a>, publi\u00e9 le 20 octobre 2022, consult\u00e9 le 19 janvier 2023<\/p>\n<p style=\"text-align: justify;\"><span style=\"color: #999999;\"><strong><a style=\"color: #999999;\" href=\"http:\/\/www.cnct.fr\/\" target=\"_blank\" rel=\"noopener noreferrer\">Comit\u00e9 national contre le tabagisme |<\/a><\/strong><\/span><\/p>\n","protected":false},"excerpt":{"rendered":"<p>Bavaria is calling for a ban on disposable e-cigarettes such as puffs across Europe.<\/p>","protected":false},"featured_media":11359,"template":"","tags":[],"thematique":[502],"class_list":["post-20915","actualites","type-actualites","status-publish","has-post-thumbnail","hentry","thematique-justice"],"acf":[],"_links":{"self":[{"href":"https:\/\/www.generationsanstabac.org\/en\/wp-json\/wp\/v2\/actualites\/20915","targetHints":{"allow":["GET"]}}],"collection":[{"href":"https:\/\/www.generationsanstabac.org\/en\/wp-json\/wp\/v2\/actualites"}],"about":[{"href":"https:\/\/www.generationsanstabac.org\/en\/wp-json\/wp\/v2\/types\/actualites"}],"version-history":[{"count":0,"href":"https:\/\/www.generationsanstabac.org\/en\/wp-json\/wp\/v2\/actualites\/20915\/revisions"}],"wp:featuredmedia":[{"embeddable":true,"href":"https:\/\/www.generationsanstabac.org\/en\/wp-json\/wp\/v2\/media\/11359"}],"wp:attachment":[{"href":"https:\/\/www.generationsanstabac.org\/en\/wp-json\/wp\/v2\/media?parent=20915"}],"wp:term":[{"taxonomy":"post_tag","embeddable":true,"href":"https:\/\/www.generationsanstabac.org\/en\/wp-json\/wp\/v2\/tags?post=20915"},{"taxonomy":"thematique","embeddable":true,"href":"https:\/\/www.generationsanstabac.org\/en\/wp-json\/wp\/v2\/thematique?post=20915"}],"curies":[{"name":"wp","href":"https:\/\/api.w.org\/{rel}","templated":true}]}}