{"id":20912,"date":"2023-01-18T13:00:32","date_gmt":"2023-01-18T12:00:32","guid":{"rendered":"https:\/\/www.generationsanstabac.org\/actualites\/au-canada-la-semaine-nationale-sans-fumee-incite-les-fumeurs-a-rompre-avec-le-tabagisme\/"},"modified":"2025-01-16T16:00:30","modified_gmt":"2025-01-16T15:00:30","slug":"au-canada-la-semaine-nationale-sans-fumee-incite-les-fumeurs-a-rompre-avec-le-tabagisme","status":"publish","type":"actualites","link":"https:\/\/www.generationsanstabac.org\/en\/actualites\/au-canada-la-semaine-nationale-sans-fumee-incite-les-fumeurs-a-rompre-avec-le-tabagisme\/","title":{"rendered":"In Canada, National Non-Smoking Week encourages smokers to quit smoking"},"content":{"rendered":"<p style=\"text-align: justify\"><em>La 46<sup>\u00e8me<\/sup> \u00e9dition de la Semaine nationale sans fum\u00e9e (SNSF) se d\u00e9roule actuellement au Canada. D\u00e9clin\u00e9e au Qu\u00e9bec sous le nom de la Semaine pour un Qu\u00e9bec sans tabac, cette op\u00e9ration propose aux fumeurs de r\u00e9fl\u00e9chir sur leur consommation et de se lib\u00e9rer du tabac.<\/em><\/p>\n<p style=\"text-align: justify\"><em>\u00ab Il n\u2019est jamais trop tard pour arr\u00eater de fumer \u00bb<\/em> est cette ann\u00e9e le mot d\u2019ordre de la Semaine pour un Qu\u00e9bec sans tabac. Rappelant aux fumeurs qu\u2019ils n\u2019ont pas sign\u00e9 un contrat \u00e0 vie avec le tabac, le Conseil qu\u00e9b\u00e9cois sur le tabac et la sant\u00e9 (CQTS) les invite \u00e0 s\u2019interroger sur leur consommation et \u00e0 s\u2019en lib\u00e9rer au plus t\u00f4t<a href=\"#_ftn1\" name=\"_ftnref1\">[1]<\/a>. L\u2019op\u00e9ration est d\u00e9clin\u00e9e en campagne d\u2019affichage et \u00e0 la t\u00e9l\u00e9vision, ainsi que sur les principaux r\u00e9seaux sociaux<a href=\"#_ftn2\" name=\"_ftnref2\">[2]<\/a>.<\/p>\n<h2 style=\"text-align: justify\"><strong>La Semaine pour un Qu\u00e9bec sans tabac mobilise l\u2019entourage des fumeurs<\/strong><\/h2>\n<p style=\"text-align: justify\">Les arguments en faveur de l\u2019arr\u00eat du tabac sont nombreux, qu\u2019ils soient d\u2019ordre sanitaire, financier ou autres. Cette ann\u00e9e, c\u2019est sur et avec leur entourage que les fumeurs sont invit\u00e9s \u00e0 r\u00e9fl\u00e9chir et \u00e0 mettre fin \u00e0 la <em>\u00ab mauvaise entente \u00bb<\/em> qu\u2019ils ont pu nouer avec le tabac.<\/p>\n<p style=\"text-align: justify\">Etre en mesure de voir grandir ses enfants est par exemple l\u2019une des raisons avanc\u00e9es par Patrice Godin, acteur, romancier, ultra-marathonien et porte-parole de la Semaine pour un Qu\u00e9bec sans tabac, pour expliquer son propre arr\u00eat du tabac<a href=\"#_ftn3\" name=\"_ftnref3\">[3]<\/a>. L\u2019op\u00e9ration sugg\u00e8re \u00e0 l\u2019entourage des fumeurs de soutenir ces derniers dans leur projet d\u2019arr\u00eat du tabac. Elle encourage aussi, au sein des familles, \u00e0 engager un dialogue avec les enfants et les jeunes sur les produits du tabac et de la nicotine. En appui, le service \u00ab J\u2019arr\u00eate \u00bb est propos\u00e9 aux fumeurs qui souhaitent arr\u00eater le tabac.<\/p>\n<h2 style=\"text-align: justify\"><strong>Un d\u00e9calage avec le reste du Canada en mati\u00e8re de pr\u00e9valence tabagique et de taxes<\/strong><\/h2>\n<p style=\"text-align: justify\">Le Qu\u00e9bec enregistre 13 000 d\u00e9c\u00e8s annuels caus\u00e9s par le tabagisme, soit environ 20% des d\u00e9c\u00e8s de cette province, mais ce sont pr\u00e8s de 400 000 personnes qui souffrent des multiples maladies du tabac. Selon les donn\u00e9es \u00e9tablies par Statistics Canada, la pr\u00e9valence tabagique s\u2019\u00e9tablirait en 2020 \u00e0 12,3 % de fumeurs au Qu\u00e9bec, contre 10,3 % (dont 8 % de fumeurs quotidiens) pour l\u2019ensemble du Canada<a href=\"#_ftn4\" name=\"_ftnref4\">[4]<\/a>. Cette pr\u00e9valence tabagique serait rest\u00e9e stable au Qu\u00e9bec depuis 2019, alors qu\u2019elle aurait diminu\u00e9 de deux points au plan national.<\/p>\n<p style=\"text-align: justify\">Le Qu\u00e9bec se distingue aussi par le <a href=\"https:\/\/www.generationsanstabac.org\/actualites\/canada-premieres-hausses-de-taxes-federales-sur-les-cigarettes-electroniques\/\">retard pris<\/a> en mati\u00e8re d\u2019augmentation des taxes sur les produits du tabac, rest\u00e9es stables depuis neuf ans alors qu\u2019elles ont augment\u00e9 dans toutes les autres provinces du pays. Interpr\u00e9t\u00e9 comme une forme de complaisance vis-\u00e0-vis des industriels du tabac et du vapotage, le gel des taxes sur le tabac, d\u00e9cid\u00e9 par le gouvernement qu\u00e9b\u00e9cois, semble toutefois un mauvais calcul. Les 900 millions $ canadiens (621 millions \u20ac) per\u00e7us en taxes sur le tabac sont effac\u00e9s par les 2,5 milliards $ canadiens (1,72 milliards \u20ac) d\u00e9bours\u00e9s pour les soins m\u00e9dicaux<sup>1<\/sup>, en l\u2019absence d\u2019\u00e9valuation des autres co\u00fbts sociaux.<\/p>\n<p style=\"text-align: justify\"><strong>Mots-cl\u00e9s : Canada, SNSF, Qu\u00e9bec, CQTS<\/strong><\/p>\n<p style=\"text-align: justify\"><strong><a href=\"https:\/\/www.generationsanstabac.org\/\">\u00a9G\u00e9n\u00e9ration Sans Tabac<\/a><\/strong><\/p>\n<p style=\"text-align: right\"><em><strong>MF<\/strong><\/em><\/p>\n<hr \/>\n<p style=\"text-align: justify\"><a href=\"#_ftnref1\" name=\"_ftn1\">[1]<\/a> CQTS, <a href=\"https:\/\/www.newswire.ca\/fr\/news-releases\/semaine-pour-un-quebec-sans-tabac-ensemble-pour-mettre-fin-au-tabagisme-863872571.html\"> <em>Semaine pour un Qu\u00e9bec sans tabac : ensemble pour mettre fin au tabagisme<\/em><\/a>, publi\u00e9 le 12 janvier 2023, consult\u00e9 le 17 janvier 2023.<\/p>\n<p style=\"text-align: justify\"><a href=\"#_ftnref2\" name=\"_ftn2\">[2]<\/a> <a href=\"https:\/\/www.quebecsanstabac.ca\/je-minforme\/actualites\/campagnes-mediatiques\/semaine-pour-un-quebec-sans-tabac-2023\"><em>Semaine pour un Qu\u00e9bec sans tabac 2023<\/em><\/a>, Qu\u00e9bec sans tabac, consult\u00e9 le 17 janvier 2023.<\/p>\n<p style=\"text-align: justify\"><a href=\"#_ftnref3\" name=\"_ftn3\">[3]<\/a> Martel M-E, <a href=\"https:\/\/lactualite.com\/actualites\/la-semaine-pour-un-quebec-sans-tabac-de-retour-pour-une-46e-annee\/\"><em>La Semaine pour un Qu\u00e9bec sans tabac de retour pour une 46e ann\u00e9e<\/em><\/a>, L\u2019actualit\u00e9, publi\u00e9 le 15 janvier 2023, consult\u00e9 le 17 janvier 2023.<\/p>\n<p style=\"text-align: justify\"><a href=\"#_ftnref4\" name=\"_ftn4\">[4]<\/a> Reid JL, Hammond D, Burkhalter R, Rynard VL. <a href=\"https:\/\/uwaterloo.ca\/tobacco-use-canada\/sites\/ca.tobacco-use-canada\/files\/uploads\/files\/tobacco_use_in_canada_2022_4.pdf\"><em>Tobacco Use in Canada: Patterns and Trends, 2022 Edition<\/em><\/a><em>. <\/em>Waterloo, ON: University of Waterloo.<\/p>\n<p><span style=\"color: #999999\"><strong><a style=\"color: #999999\" href=\"http:\/\/www.cnct.fr\/\" target=\"_blank\" rel=\"noopener noreferrer\">Comit\u00e9 national contre le tabagisme |<\/a><\/strong><\/span><\/p>\n","protected":false},"excerpt":{"rendered":"<p>The 46th edition of National Non-Smoking Week (NNSW) is currently taking place in Canada.<\/p>","protected":false},"featured_media":19603,"template":"","tags":[],"thematique":[474,565],"class_list":["post-20912","actualites","type-actualites","status-publish","has-post-thumbnail","hentry","thematique-sante","thematique-sensibilisation"],"acf":[],"_links":{"self":[{"href":"https:\/\/www.generationsanstabac.org\/en\/wp-json\/wp\/v2\/actualites\/20912","targetHints":{"allow":["GET"]}}],"collection":[{"href":"https:\/\/www.generationsanstabac.org\/en\/wp-json\/wp\/v2\/actualites"}],"about":[{"href":"https:\/\/www.generationsanstabac.org\/en\/wp-json\/wp\/v2\/types\/actualites"}],"version-history":[{"count":0,"href":"https:\/\/www.generationsanstabac.org\/en\/wp-json\/wp\/v2\/actualites\/20912\/revisions"}],"wp:featuredmedia":[{"embeddable":true,"href":"https:\/\/www.generationsanstabac.org\/en\/wp-json\/wp\/v2\/media\/19603"}],"wp:attachment":[{"href":"https:\/\/www.generationsanstabac.org\/en\/wp-json\/wp\/v2\/media?parent=20912"}],"wp:term":[{"taxonomy":"post_tag","embeddable":true,"href":"https:\/\/www.generationsanstabac.org\/en\/wp-json\/wp\/v2\/tags?post=20912"},{"taxonomy":"thematique","embeddable":true,"href":"https:\/\/www.generationsanstabac.org\/en\/wp-json\/wp\/v2\/thematique?post=20912"}],"curies":[{"name":"wp","href":"https:\/\/api.w.org\/{rel}","templated":true}]}}