{"id":20903,"date":"2022-12-31T09:00:03","date_gmt":"2022-12-31T08:00:03","guid":{"rendered":"https:\/\/www.generationsanstabac.org\/actualites\/suite-aux-deboires-du-vaccin-covifenz-pmi-est-evince-de-medicago\/"},"modified":"2022-12-31T09:00:03","modified_gmt":"2022-12-31T08:00:03","slug":"suite-aux-deboires-du-vaccin-covifenz-pmi-est-evince-de-medicago","status":"publish","type":"actualites","link":"https:\/\/www.generationsanstabac.org\/en\/actualites\/suite-aux-deboires-du-vaccin-covifenz-pmi-est-evince-de-medicago\/","title":{"rendered":"Following the setbacks of the Covifenz vaccine, PMI is ousted from Medicago"},"content":{"rendered":"<p style=\"text-align: justify;\"><em>Afin de retrouver les faveurs de l\u2019Organisation Mondiale de la Sant\u00e9 (OMS) pour le vaccin anti-COVID Covifenz, Mitsubishi a d\u00fb racheter toutes les parts de Philip Morris International (PMI) dans le laboratoire Medicago. Les organisations de sant\u00e9 se f\u00e9licitent de cette situation et appellent \u00e0 rester vigilant sur les investissements de l\u2019industrie du tabac. <\/em><\/p>\n<p style=\"text-align: justify;\">Les d\u00e9convenues se sont accumul\u00e9es pour le laboratoire Medicago autour de son vaccin anti-COVID Covifenz. Mis au point \u00e0 partir d\u2019une plante de la famille du tabac, Nicotiana benthamiana, ce vaccin n\u2019a d\u2019abord \u00e9t\u00e9 consid\u00e9r\u00e9 efficace qu\u2019\u00e0 71 %, soit nettement moins que ceux des concurrents, et n\u2019\u00e9tait envisag\u00e9 qu\u2019en recours de seconde intention. Medicago a ensuite, en mars 2022, <a href=\"https:\/\/www.generationsanstabac.org\/actualites\/le-vaccin-covifenz-ecarte-par-loms-pour-son-affiliation-a-industrie-du-tabac\/\">essuy\u00e9 un refus<\/a> de l\u2019Organisation Mondiale de la Sant\u00e9 (OMS) de figurer sur la liste des vaccins agr\u00e9\u00e9s, au motif de la prise de participation de Philip Morris International (PMI) \u00e0 hauteur de 21 % de son capital.<\/p>\n<p style=\"text-align: justify;\">Bien que soutenu par le gouvernement f\u00e9d\u00e9ral, qui avait pr\u00e9-command\u00e9 76 millions de doses du vaccin, et par le gouvernement qu\u00e9b\u00e9cois, qui pensait accueillir au Qu\u00e9bec un des sites de production, Medicago n\u2019a depuis \u00e9t\u00e9 en mesure de livrer aucune des doses pr\u00e9vues et annonc\u00e9es pour mai 2022, suite \u00e0 des probl\u00e8mes de production sur son site de Caroline du Nord. De multiples retards ont par ailleurs repouss\u00e9 \u00e0 une date incertaine la mise en service du site de production qu\u00e9b\u00e9cois.<\/p>\n<h2 style=\"text-align: justify;\"><strong>Un investissement risqu\u00e9 du gouvernement canadien<\/strong><\/h2>\n<p style=\"text-align: justify;\">Pour retrouver la confiance de l\u2019OMS et tenter de sauver son vaccin Covifenz, Medicago a d\u00fb se s\u00e9parer de son actionnaire encombrant, dont il avait pourtant annonc\u00e9 se distancier en juillet 2020. Les actions de PMI ont donc \u00e9t\u00e9 rachet\u00e9es par Mitsubishi Tanabe, la maison-m\u00e8re de Medicago qui contr\u00f4le d\u00e9sormais ce laboratoire \u00e0 100 %. Le gouvernement du Qu\u00e9bec a indiqu\u00e9 n\u2019envisager de prendre aucune participation dans le laboratoire, comme ce fut <a href=\"https:\/\/www.generationsanstabac.org\/actualites\/quebec-medicago-en-difficulte-du-fait-de-lactionnariat-de-philip-morris\/\">un temps envisag\u00e9<\/a>. La survie de Medicago d\u00e9pend \u00e0 pr\u00e9sent de sa capacit\u00e9 \u00e0 surmonter ses difficult\u00e9s de production, aux Etats-Unis comme au Qu\u00e9bec.<\/p>\n<p style=\"text-align: justify;\">Le ministre f\u00e9d\u00e9ral de la Sant\u00e9, Jean-Yves Duclos, s\u2019est d\u00e9clar\u00e9 d\u00e9\u00e7u des espoirs et des 173 millions de dollars canadiens (120 millions d\u2019euros) plac\u00e9s dans Medicago. Il a r\u00e9affirm\u00e9 que ni l\u2019entreprise, ni le gouvernement f\u00e9d\u00e9ral n\u2019imaginaient de possibles complications avec l\u2019OMS, alors que la pr\u00e9sence de PMI dans le capital \u00e9tait bien connue.<\/p>\n<p style=\"text-align: justify;\"><em>\u00ab \u00c7a a longtemps \u00e9t\u00e9 un milieu qui se percevait comme \u00e9tant isol\u00e9, comme une forteresse. Ils faisaient leurs affaires\u2026 \u00bb<\/em>, reconna\u00eet toutefois M. Duclos au sujet de l\u2019industrie pharmaceutique, <em>\u00ab comme beaucoup d&rsquo;autres milieux d&rsquo;affaires, ils s&rsquo;aper\u00e7oivent qu&rsquo;ils ont aussi des responsabilit\u00e9s sociales, environnementales et en mati\u00e8re de gouvernance qui d\u00e9passent leur pure contribution \u00e9conomique \u00bb<a href=\"#_ftn1\" name=\"_ftnref1\"><strong>[1]<\/strong><\/a><\/em>. L\u2019\u00e9pid\u00e9miologiste Gaston De Serres estime au contraire que les dirigeants de Medicago <em>\u00ab ont fait semblant d&rsquo;\u00eatre surpris, mais ils \u00e9taient conscients qu&rsquo;il y avait un probl\u00e8me avec l&rsquo;OMS \u00bb<\/em>.<\/p>\n<h2 style=\"text-align: justify;\"><strong>Une atteinte \u00e0 la Convention-cadre pour la lutte antitabac <\/strong><\/h2>\n<p style=\"text-align: justify;\">Les acteurs locaux de la lutte contre le tabagisme avaient ainsi alert\u00e9 le gouvernement f\u00e9d\u00e9ral d\u00e8s l\u2019automne 2020, au moment de l\u2019investissement dans Medicago, en rappelant les engagements du Canada vis-\u00e0-vis du trait\u00e9 international de la Convention-cadre de l\u2019OMS pour la lutte antitabac (<a href=\"https:\/\/apps.who.int\/iris\/bitstream\/handle\/10665\/42812\/9242591017.pdf?sequence=1\">CCLAT<\/a>). L\u2019article 5.3 de la CCLAT pr\u00e9cise en effet que les politiques de sant\u00e9 publiques doivent \u00eatre pr\u00e9serv\u00e9es de toute influence de l\u2019industrie du tabac, ce qui vaut aussi pour les participations \u00e0 des conf\u00e9rences ou \u00e0 des entreprises du secteur de la sant\u00e9.<\/p>\n<p style=\"text-align: justify;\"><em>\u00ab Les socie\u0301te\u0301s de tabac, les vaccins et les gouvernements ne font pas bon me\u0301nage et nous applaudissons l&rsquo;expulsion de Philip Morris de la collaboration avec Medicago \u00bb<\/em>, s\u2019est r\u00e9joui Les Hagen, directeur exe\u0301cutif de Action on Smoking and Health (ASH Canada), pour qui <em>\u00ab les socie\u0301te\u0301s de tabac tentent de\u0301sespe\u0301re\u0301ment de blanchir leur e\u0301pouvantable image publique en investissant dans le secteur de la sante\u0301 \u00bb<a href=\"#_ftn2\" name=\"_ftnref2\"><strong>[2]<\/strong><\/a><\/em>. Les investissements r\u00e9cents de PMI dans le secteur pharmaceutique (Fertin Pharma, OtiTopic, Vectura) et les nombreuses <a href=\"https:\/\/www.generationsanstabac.org\/actualites\/industrie-tabac-a-intensifie-ses-efforts-influence-pendant-la-pandemie-de-covid19\/\">exploitations de la crise<\/a> li\u00e9e \u00e0 la COVID-19 par les industriels du tabac confirment en effet la tentative de repositionnement des cigarettiers.<\/p>\n<p style=\"text-align: justify;\">Pour Daniel Dorado, directeur de la campagne tabac de Corporate Accountability, <em>\u00ab Le Canada est conside\u0301re\u0301 comme un leader mondial de la lutte antitabac. Si le Canada est vulne\u0301rable a\u0300 l&rsquo;inge\u0301rence de l&rsquo;industrie du tabac, il en va de me\u0302me pour de nombreux autres pays. <\/em>\u00bb La le\u00e7on re\u00e7ue par le gouvernement canadien devrait inciter d\u2019autres dirigeants politiques \u00e0 mieux tenir compte des obligations du trait\u00e9 de la CCLAT.<\/p>\n<p style=\"text-align: justify;\"><strong>Mots-cl\u00e9s : Medicago, vaccin, PMI, Covifenz, Mistubishi Tanabe, Canada, Qu\u00e9bec<\/strong><\/p>\n<p style=\"text-align: justify;\"><strong><a href=\"https:\/\/www.generationsanstabac.org\/\">\u00a9G\u00e9n\u00e9ration Sans Tabac<\/a><\/strong><\/p>\n<p style=\"text-align: right;\"><em><strong>MF<\/strong><\/em><\/p>\n<hr \/>\n<p><a href=\"#_ftnref1\" name=\"_ftn1\">[1]<\/a> Bourque F, Doublet Y, <a href=\"https:\/\/www.lesoleil.com\/2022\/12\/23\/medicago-saffranchit-du-tabac-mais-lavenir-reste-embrume-29b4c1592048c6bc2f6a9e63541d3796\"><em>Medicago s&rsquo;affranchit du tabac mais l&rsquo;avenir reste embrum\u00e9<\/em><\/a><em>, <\/em>Le Soleil, mis \u00e0 jour le 24 d\u00e9cembre 2022, consult\u00e9 le 27 d\u00e9cembre 2022.<\/p>\n<p><a href=\"#_ftnref2\" name=\"_ftn2\">[2]<\/a> ASH Canada, Corporate Accountability, <a href=\"https:\/\/www.prnewswire.com\/news-releases\/tobacco-giant-ejected-from-canadian-covid-19-vaccine-collaboration-301709989.html\"><em>Tobacco giant ejected from Canadian COVID-19 vaccine collaboration<\/em><\/a>, PR Newswire, publi\u00e9 le 26 d\u00e9cembre 2022, consult\u00e9 le 27 d\u00e9cembre 2022.<\/p>\n<p><span style=\"color: #999999;\"><strong><a style=\"color: #999999;\" href=\"http:\/\/www.cnct.fr\/\" target=\"_blank\" rel=\"noopener noreferrer\">Comit\u00e9 national contre le tabagisme |<\/a><\/strong><\/span><\/p>\n","protected":false},"excerpt":{"rendered":"<p>In order to regain WHO approval for the Covifenz (Covid-19) vaccine, Mitsubishi had to buy out all of Philip Morris&#039;s shares in the Medicago laboratory.<\/p>","protected":false},"featured_media":11338,"template":"","tags":[],"thematique":[499,474],"class_list":["post-20903","actualites","type-actualites","status-publish","has-post-thumbnail","hentry","thematique-lobby","thematique-sante"],"acf":[],"_links":{"self":[{"href":"https:\/\/www.generationsanstabac.org\/en\/wp-json\/wp\/v2\/actualites\/20903","targetHints":{"allow":["GET"]}}],"collection":[{"href":"https:\/\/www.generationsanstabac.org\/en\/wp-json\/wp\/v2\/actualites"}],"about":[{"href":"https:\/\/www.generationsanstabac.org\/en\/wp-json\/wp\/v2\/types\/actualites"}],"version-history":[{"count":0,"href":"https:\/\/www.generationsanstabac.org\/en\/wp-json\/wp\/v2\/actualites\/20903\/revisions"}],"wp:featuredmedia":[{"embeddable":true,"href":"https:\/\/www.generationsanstabac.org\/en\/wp-json\/wp\/v2\/media\/11338"}],"wp:attachment":[{"href":"https:\/\/www.generationsanstabac.org\/en\/wp-json\/wp\/v2\/media?parent=20903"}],"wp:term":[{"taxonomy":"post_tag","embeddable":true,"href":"https:\/\/www.generationsanstabac.org\/en\/wp-json\/wp\/v2\/tags?post=20903"},{"taxonomy":"thematique","embeddable":true,"href":"https:\/\/www.generationsanstabac.org\/en\/wp-json\/wp\/v2\/thematique?post=20903"}],"curies":[{"name":"wp","href":"https:\/\/api.w.org\/{rel}","templated":true}]}}