{"id":20902,"date":"2022-12-28T11:00:26","date_gmt":"2022-12-28T10:00:26","guid":{"rendered":"https:\/\/www.generationsanstabac.org\/actualites\/diffusion-et-confusion-autour-des-sachets-de-nicotine-en-france\/"},"modified":"2022-12-28T11:00:26","modified_gmt":"2022-12-28T10:00:26","slug":"diffusion-et-confusion-autour-des-sachets-de-nicotine-en-france","status":"publish","type":"actualites","link":"https:\/\/www.generationsanstabac.org\/en\/actualites\/diffusion-et-confusion-autour-des-sachets-de-nicotine-en-france\/","title":{"rendered":"Diffusion and confusion surrounding nicotine sachets in France"},"content":{"rendered":"<p style=\"text-align: justify;\"><em>Abusivement pr\u00e9sent\u00e9s comme des \u00ab snus \u00bb par les m\u00e9dias, les sachets de nicotine (ou \u00ab pouches \u00bb) profitent du flou autour des produits de la nicotine pour se d\u00e9velopper  progressivement le march\u00e9 fran\u00e7ais. Promus par des c\u00e9l\u00e9brit\u00e9s du sport, ces sachets de nicotine s\u00e9duisent le public des jeunes et sont d\u00e9j\u00e0 vendus sur des sites Internet, des r\u00e9seaux sociaux ainsi que dans certains d\u00e9bits de tabac. <\/em><\/p>\n<p style=\"text-align: justify;\">Depuis plusieurs semaines, les signalements de pr\u00e9sence de sachets de nicotine sur le march\u00e9 fran\u00e7ais se multiplient. Les m\u00e9dias pr\u00e9sentent presque syst\u00e9matiquement ces sachets de nicotine comme des \u00ab snus \u00bb, alors qu\u2019une diff\u00e9rence de taille existe : si les deux produits s\u2019utilisent de la m\u00eame mani\u00e8re, en pla\u00e7ant le sachet entre la gencive et la l\u00e8vre, le snus est un sachet contenant du tabac, alors que les sachets de nicotine (\u00ab <em>pouches<\/em> \u00bb en anglais) contiennent une poudre \u00e0 base de nicotine.<\/p>\n<p style=\"text-align: justify;\">A l\u2019exception de la Su\u00e8de, qui a obtenu une d\u00e9rogation sp\u00e9cifique, les snus restent interdits dans l\u2019ensemble de l\u2019Union Europ\u00e9enne (UE). Ils sont cependant commercialis\u00e9s en Suisse et en Norv\u00e8ge, qui ne font pas partie de l\u2019UE, mais sont interdits en <a href=\"https:\/\/www.generationsanstabac.org\/actualites\/bat-soppose-au-projet-de-nouvelle-reglementation-sur-les-aromes-en-islande\/\">Islande<\/a> et au Royaume-Uni. Comme les cigarettes \u00e9lectroniques et les puffs, les sachets de nicotine profitent en revanche du flou juridique entourant les produits de la nicotine sans tabac. Les teneurs en nicotine propos\u00e9es sont de 2 \u00e0 20 mg par sachet. Le type de nicotine contenue dans ces sachets peut \u00eatre sous forme, soit freebase (extraite du tabac), soit de sels de nicotine (traitement par un acide), soit de nicotine de synth\u00e8se.<\/p>\n<h2 style=\"text-align: justify;\"><strong>Un secteur d\u00e9j\u00e0 devenu tr\u00e8s concurrentiel<\/strong><\/h2>\n<p style=\"text-align: justify;\">De nombreux industriels se sont engouffr\u00e9s dans la production et la commercialisation des sachets de nicotine. Parmi les industriels du tabac, British American Tobacco (BAT), avec sa marque Velo (anciennement Lyft), ainsi que Japan Tobacco International (JTI), avec la marque Nordic Spirit, ont d\u00e9j\u00e0 investi ce segment dans plusieurs pays depuis 2019. Jusqu\u2019ici absent sur ce march\u00e9, Philip Morris International (PMI) y entre en position de force apr\u00e8s avoir concr\u00e9tis\u00e9, le 28 novembre 2022, son rachat de l\u2019entreprise su\u00e9doise <a href=\"https:\/\/www.generationsanstabac.org\/actualites\/pourparlers-rachat-swedish-match-snus-philip-morris\/\">Swedish Match<\/a>, leader mondial des snus et des sachets de nicotine (marques Zyn, Longhorn, XR, Wolf, Thunder), au terme d\u2019une OPA de 15 milliards d\u2019euros. A l\u2019\u00e9cart du march\u00e9 \u00e9tatsunien depuis sa scission avec Altria en 2008, PMI y reprend pied, tout en devenant un concurrent de la marque de pouches On! produite par ce m\u00eame Altria<a href=\"#_ftn1\" name=\"_ftnref1\">[1]<\/a>.<\/p>\n<p style=\"text-align: justify;\">Les publicit\u00e9s et les sites commerciaux ne manquent pas de souligner le \u00ab <a href=\"https:\/\/www.generationsanstabac.org\/actualites\/aromes-liberte-utilisation-nocivite-arguments-marketing-sachets-nicotine\/\">caract\u00e8re discret<\/a> \u00bb des sachets de nicotine, qui pourraient se consommer <em>\u00ab n\u2019importe o\u00f9, n\u2019importe quand \u00bb<\/em> (site <a href=\"https:\/\/www.velo.com\/fr\/fr\/a-propos-de-velo?block=more-reasons-to-choose-velo\">Velo<\/a>\/BAT). Comme pour d\u2019autres produits de la nicotine d\u00e9pourvus de tabac, les fabricants pr\u00e9sentent aussi les sachets de nicotine comme des produits de r\u00e9duction des risques permettant de r\u00e9duire la pr\u00e9valence de fumeurs<a href=\"#_ftn2\" name=\"_ftnref2\">[2]<\/a>. La d\u00e9clinaison de ces produits dans une large gamme d\u2019ar\u00f4mes fruit\u00e9s et sucr\u00e9s rappelle toutefois la strat\u00e9gie des industriels du tabac pour cibler les consommateurs <a href=\"https:\/\/www.generationsanstabac.org\/actualites\/etats-unis-inquietude-consommation-sachets-nicotine\/\">les plus jeunes<\/a>, ce qui a par exemple contribu\u00e9 au succ\u00e8s des cigarettes \u00e9lectroniques.<\/p>\n<h2 style=\"text-align: justify;\"><strong>Des produits pr\u00e9sents dans le secteur sportif<\/strong><\/h2>\n<p style=\"text-align: justify;\">L\u2019argument de la discr\u00e9tion semble avoir port\u00e9 dans certains sports de haut niveau, o\u00f9 les snus semblent tr\u00e8s consomm\u00e9s et soup\u00e7onn\u00e9s depuis une dizaine d\u2019ann\u00e9es de fournir un effet dopant. Ce constat a \u00e9t\u00e9 tout particuli\u00e8rement dress\u00e9 dans le milieu du ski de comp\u00e9tition, mais de nombreux sportifs d\u2019autres disciplines ont \u00e9galement \u00e9t\u00e9 test\u00e9s positifs \u00e0 la nicotine<a href=\"#_ftn3\" name=\"_ftnref3\">[3]<\/a>. Les sachets de nicotine paraissent aujourd\u2019hui se diffuser \u00e0 leur tour dans le monde du sport. Un incident m\u00e9diatis\u00e9 r\u00e9cemment montrait ainsi le footballeur fran\u00e7ais Marcus Thuram tenant \u00e0 la main une bo\u00eete de sachets de nicotine de marque Velo, laissant craindre un possible effet d\u2019influence sur les jeunes<a href=\"#_ftn4\" name=\"_ftnref4\">[4]<\/a>. La diffusion des sachets de nicotine, d\u00e9j\u00e0 signal\u00e9e chez de jeunes sportifs non-fumeurs, toucherait \u00e0 pr\u00e9sent plus largement les jeunes et les \u00e9tudiants<a href=\"#_ftn5\" name=\"_ftnref5\">[5]<\/a>.<\/p>\n<p style=\"text-align: justify;\">L\u2019absence de tabac dans les sachets de nicotine a d\u00e9j\u00e0 permis aux industriels de <a href=\"https:\/\/www.generationsanstabac.org\/actualites\/nicotine-sans-tabac-nouveau-defi-sante-publique\/\">contourner<\/a> les lois antitabac de nombreux pays, m\u00eame si elle ne les autorise pas pour autant \u00e0 mettre en vente des produits toxiques sans d\u00e9claration. Si la directive europ\u00e9enne sur les produits du tabac<a href=\"#_ftn6\" name=\"_ftnref6\">[6]<\/a> r\u00e9glemente les produits du tabac et du vapotage, elle est en revanche muette sur les produits de la nicotine qui \u00e9chapperaient \u00e0 ces d\u00e9finitions et ne constitueraient pas des traitements nicotiniques de substitution (TSN).<\/p>\n<h2 style=\"text-align: justify;\"><strong>Une \u00ab alternative l\u00e9gale \u00bb au snus<\/strong><\/h2>\n<p style=\"text-align: justify;\">En France, le site Web de Nico Pouches pr\u00e9sente par exemple les sachets de nicotine comme <em>\u00ab une alternative l\u00e9gale \u00bb<\/em>, tout en rappelant que le snus est interdit \u00e0 la vente. Bien qu\u2019il tente de d\u00e9m\u00ealer la <a href=\"https:\/\/www.generationsanstabac.org\/actualites\/snus-sachets-nicotine-industrie-brouille-cartes\/\">confusion<\/a> entre snus et sachets de nicotine, le site l\u2019entretient toutefois en parlant de ces derniers comme des <em>\u00ab snus sans tabac \u00bb<\/em>, le terme de \u00ab snus \u00bb semblant d\u00e9j\u00e0 r\u00e9pandu en France<a href=\"#_ftn7\" name=\"_ftnref7\">[7]<\/a>. Dans une nuance assez subtile, le site pr\u00e9cise que si <em>\u00ab Les Nicotine Pouches ne permettent pas d\u2019arr\u00eater de fumer, ils repr\u00e9sentent une alternative s\u00e9rieuse \u00e0 la cigarette traditionnelle \u00bb<\/em>, alors que d\u2019autres <a href=\"https:\/\/www.tubeuse-cigarette-electrique.fr\/produit\/nicotine-pouches-aroma-king-menthe\/\">sites<\/a> expliquent que les pouches permettraient d\u2019arr\u00eater de fumer. Le site de Nico Pouches comprend \u00e9galement une gamme de sachets sans tabac ni nicotine baptis\u00e9e <em>\u00ab energy pouches \u00bb<\/em>, qui propose des pouches contenant de la caf\u00e9ine, de la th\u00e9ine ou du guarana, ainsi que des vitamines et des sels min\u00e9raux, indiquant une volont\u00e9 de diversification de cet univers de produits.<\/p>\n<p style=\"text-align: justify;\">Plusieurs d\u00e9bits de tabac parisiens proposent \u00e0 la vente des sachets de nicotine de la marque polonaise Aroma King, d\u00e9j\u00e0 tr\u00e8s install\u00e9e sur le segment des puffs. Des reventes ill\u00e9gales de sachets de nicotine de diverses marques ont aussi \u00e9t\u00e9 rep\u00e9r\u00e9es sur certains r\u00e9seaux sociaux comme <a href=\"https:\/\/www.instagram.com\/p\/CI8pCQ4tcjl\">Instagram<\/a> ou TikTok. La diffusion de masse des sachets de nicotine en France semble donc amplement amorc\u00e9e.<\/p>\n<p style=\"text-align: justify;\"><strong>Mots-cl\u00e9s : pouches, sachets de nicotine, snus, BAT, JTI, PMI, Velo. <\/strong><\/p>\n<p><strong><a href=\"https:\/\/www.generationsanstabac.org\/\">\u00a9G\u00e9n\u00e9ration Sans Tabac<\/a><\/strong><\/p>\n<p style=\"text-align: right;\"><em><strong>MF<\/strong><\/em><\/p>\n<hr \/>\n<p style=\"text-align: justify;\"><a href=\"#_ftnref1\" name=\"_ftn1\">[1]<\/a> <a href=\"https:\/\/www.lesechos.fr\/idees-debats\/crible\/tabac-philip-morris-swedish-match-altria-duel-de-cow-boys-1883564\"><em>Tabac, Philip Morris, Swedish Match, Altria : duel de cow-boys<\/em><\/a>, Les Echos, publi\u00e9 le 28 novembre 2022, consult\u00e9 le 26 d\u00e9cembre 2022.<\/p>\n<p style=\"text-align: justify;\"><a href=\"#_ftnref2\" name=\"_ftn2\">[2]<\/a> Swedish Match, <a href=\"https:\/\/www.swedishmatch.com\/Sustainability\/focus-areas\/improve-public-health\/\"><em>Improve public health<\/em><\/a>, consult\u00e9 le 26 d\u00e9cembre 2022.<\/p>\n<p style=\"text-align: justify;\"><a href=\"#_ftnref3\" name=\"_ftn3\">[3]<\/a> Oudit P, <a href=\"https:\/\/www.lemonde.fr\/sport\/article\/2022\/11\/23\/tabac-sans-fumee-dopage-ou-conduite-dopante_6151308_3242.html\"><em>Tabac sans fum\u00e9e : dopage ou conduite dopante ?,<\/em><\/a> Le Monde, publi\u00e9 le 23 novembre 2022, consult\u00e9 le 26 d\u00e9cembre 2022.<\/p>\n<p style=\"text-align: justify;\"><a href=\"#_ftnref4\" name=\"_ftn4\">[4]<\/a> Baudier L, <a href=\"https:\/\/www.letelegramme.fr\/france\/qu-est-ce-que-le-snus-ce-tabac-illegal-prise-des-sportifs-02-12-2022-13233254.php\"><em>Qu\u2019est-ce que le snus, ce tabac ill\u00e9gal pris\u00e9 des sportifs ?<\/em><\/a>, Le T\u00e9l\u00e9gramme, publi\u00e9 le 2 d\u00e9cembre 2022, consult\u00e9 le 26 d\u00e9cembre 2022.<\/p>\n<p style=\"text-align: justify;\"><a href=\"#_ftnref5\" name=\"_ftn5\">[5]<\/a> Valognes T, Loisy F, <a href=\"https:\/\/www.leparisien.fr\/essonne-91\/ca-rend-accro-rapidement-alerte-au-snus-ce-tabac-a-sucer-interdit-populaire-chez-les-ados-26-12-2022-5IDISTSX6FFMDKW6K3D7KLAXDI.php\"><em>\u00ab \u00c7a rend accro rapidement \u00bb : alerte au snus, ce tabac \u00e0 sucer interdit, populaire chez les ados<\/em><\/a>, Le Parisien, publi\u00e9 le 26 d\u00e9cembre 2022, consult\u00e9 le 26 d\u00e9cembre 2022.<\/p>\n<p style=\"text-align: justify;\"><a href=\"#_ftnref6\" name=\"_ftn6\">[6]<\/a> <a href=\"https:\/\/health.ec.europa.eu\/system\/files\/2016-11\/dir_201440_fr_0.pdf\"><em>Directive 2014\/40\/UE du Parlement europe\u0301en et du Conseil du 3 avril 2014<\/em><\/a>, Journal officiel de l\u2019Union europe\u0301enne, art. 5 et 39.<\/p>\n<p style=\"text-align: justify;\"><a href=\"#_ftnref7\" name=\"_ftn7\">[7]<\/a> <a href=\"https:\/\/nicopouches.fr\/fr\/blog\/dossiers\/snus-sans-tabac-ou-nicopods-une-solution-pour-les-snusers-francais-\"><em>Snus sans tabac ou nicopods : une solution pour les snusers fran\u00e7ais ?<\/em><\/a><em>, <\/em>Nico Pouches, consult\u00e9 le 26 d\u00e9cembre 2022.<\/p>\n<p><span style=\"color: #999999;\"><strong><a style=\"color: #999999;\" href=\"http:\/\/www.cnct.fr\/\" target=\"_blank\" rel=\"noopener noreferrer\">Comit\u00e9 national contre le tabagisme |<\/a><\/strong><\/span><\/p>\n","protected":false},"excerpt":{"rendered":"<p>Misrepresented as &quot;snus&quot; by the media, nicotine pouches (or &quot;pouches&quot;) are taking advantage of the uncertainty surrounding nicotine products to gradually develop the French market. Promoted by sports celebrities, these nicotine pouches are appealing to young people and are already sold on websites, social networks and in some tobacco shops.<\/p>","protected":false},"featured_media":11336,"template":"","tags":[],"thematique":[507,516],"class_list":["post-20902","actualites","type-actualites","status-publish","has-post-thumbnail","hentry","thematique-marketing-publicite","thematique-nouveaux-produits"],"acf":[],"_links":{"self":[{"href":"https:\/\/www.generationsanstabac.org\/en\/wp-json\/wp\/v2\/actualites\/20902","targetHints":{"allow":["GET"]}}],"collection":[{"href":"https:\/\/www.generationsanstabac.org\/en\/wp-json\/wp\/v2\/actualites"}],"about":[{"href":"https:\/\/www.generationsanstabac.org\/en\/wp-json\/wp\/v2\/types\/actualites"}],"version-history":[{"count":0,"href":"https:\/\/www.generationsanstabac.org\/en\/wp-json\/wp\/v2\/actualites\/20902\/revisions"}],"wp:featuredmedia":[{"embeddable":true,"href":"https:\/\/www.generationsanstabac.org\/en\/wp-json\/wp\/v2\/media\/11336"}],"wp:attachment":[{"href":"https:\/\/www.generationsanstabac.org\/en\/wp-json\/wp\/v2\/media?parent=20902"}],"wp:term":[{"taxonomy":"post_tag","embeddable":true,"href":"https:\/\/www.generationsanstabac.org\/en\/wp-json\/wp\/v2\/tags?post=20902"},{"taxonomy":"thematique","embeddable":true,"href":"https:\/\/www.generationsanstabac.org\/en\/wp-json\/wp\/v2\/thematique?post=20902"}],"curies":[{"name":"wp","href":"https:\/\/api.w.org\/{rel}","templated":true}]}}