{"id":20900,"date":"2022-12-29T09:11:00","date_gmt":"2022-12-29T08:11:00","guid":{"rendered":"https:\/\/www.generationsanstabac.org\/actualites\/les-gets-premiere-station-de-ski-francaise-a-interdire-la-cigarette-en-europe\/"},"modified":"2022-12-29T09:11:00","modified_gmt":"2022-12-29T08:11:00","slug":"les-gets-premiere-station-de-ski-francaise-a-interdire-la-cigarette-en-europe","status":"publish","type":"actualites","link":"https:\/\/www.generationsanstabac.org\/en\/actualites\/les-gets-premiere-station-de-ski-francaise-a-interdire-la-cigarette-en-europe\/","title":{"rendered":"Les Gets: first French ski resort to ban smoking in Europe"},"content":{"rendered":"<p style=\"text-align: justify;\"><em>Par un arr\u00eat\u00e9 municipal publi\u00e9 le 8 d\u00e9cembre dernier, il sera interdit de fumer sur les 68 pistes et 50 remont\u00e9es m\u00e9caniques du domaine des Gets (Haute-Savoie), jusqu\u2019\u00e0 la fin de la saison, le lundi 10 avril 2023<a href=\"#_ftn1\" name=\"_ftnref1\"><strong>[1]<\/strong><\/a>.<\/em><\/p>\n<p style=\"text-align: justify;\">Des stations de ski non-fumeurs existent d\u00e9j\u00e0 dans d&rsquo;autres parties du monde, comme au Japon, en Nouvelle-Z\u00e9lande et au Canada. Mais la station fran\u00e7aise des Gets sera la premi\u00e8re en Europe \u00e0 devenir non-fumeuse.<\/p>\n<h2 style=\"text-align: justify;\"><strong>Une d\u00e9marche avant tout \u00e9cologique<\/strong><\/h2>\n<p style=\"text-align: justify;\">Selon Chrystelle Felisaz, charg\u00e9e de communication du domaine des Gets, cette interdiction s\u2019inscrit dans une d\u00e9marche globale visant \u00ab \u00e0 pr\u00e9server la nature \u00bb des d\u00e9chets toxiques qu\u2019engendrent les m\u00e9gots. En 2022, plus de 3 000 m\u00e9gots ont \u00e9t\u00e9 collect\u00e9s sur le domaine skiable et dans le village lors de la journ\u00e9e \u00ab Montagne Propre \u00bb. En France, entre 20 000 et 25 000 tonnes de m\u00e9gots (soit l\u2019\u00e9quivalent de deux Tours Eiffel) sont jet\u00e9s dans la nature chaque ann\u00e9e.<\/p>\n<p style=\"text-align: justify;\">Le m\u00e9got est un d\u00e9chet hautement toxique, charg\u00e9 de substances dangereuses et tr\u00e8s difficilement recyclable. De plus, ils sont peu voire pas biod\u00e9gradables et sont ainsi un facteur majeur de pollution environnementale des sols et des eaux. Un seul m\u00e9got peut polluer jusqu\u2019\u00e0 1 m\u00e8tre cube de neige entra\u00eenant ainsi la pollution de l\u2019eau des rivi\u00e8res et des nappes phr\u00e9atiques lors de sa fonte.<\/p>\n<p style=\"text-align: justify;\">La police municipale effectuera des patrouilles le long des pistes, et les usagers ne respectant pas l\u2019interdit s\u2019exposeront \u00e0 une amende forfaitaire de type 2 (de 22 \u20ac jusqu\u2019\u00e0 150 \u20ac en cas de r\u00e9cidive).<\/p>\n<h2 style=\"text-align: justify;\"><strong>La multiplication des lieux sans tabac pour d\u00e9normaliser le tabagisme<\/strong><\/h2>\n<p style=\"text-align: justify;\">Outre l\u2019aspect \u00e9cologique, la multiplication des espaces sans tabac contribue \u00e0 d\u00e9normaliser le tabagisme des espaces publics et de la vie quotidienne. Les espaces sans tabac sont souvent des lieux de loisirs et de d\u00e9tente, des lieux fr\u00e9quent\u00e9s par les enfants et les adolescents.<\/p>\n<p style=\"text-align: justify;\">On retrouve des initiatives similaires dans de nombreuses communes fran\u00e7aises qui progressivement mettent en place de plus en plus d\u2019espaces sans tabac (parcs, abords des \u00e9coles, plages etc.). Certaines villes vont m\u00eame plus loin dans leur ambition d\u2019am\u00e9liorer la sant\u00e9, le bien-\u00eatre et la qualit\u00e9 de vie de leurs habitants en s\u2019engageant dans le projet d\u2019une \u00ab <a href=\"https:\/\/villelibresanstabac.cnct.fr\/\">ville libre sans tabac<\/a> \u00bb en appliquant un ensemble de mesures de r\u00e9duction et de pr\u00e9vention du tabagisme dont le d\u00e9veloppement d\u2019espaces publics sans tabac.<\/p>\n<p style=\"text-align: justify;\"><strong>Mots-cl\u00e9s : Les Gets, Alpes, Ski, espaces sans tabac, environnement, m\u00e9gots<\/strong><\/p>\n<p style=\"text-align: justify;\"><strong><a href=\"https:\/\/www.generationsanstabac.org\/\">\u00a9G\u00e9n\u00e9ration Sans Tabac<\/a><\/strong><\/p>\n<p style=\"text-align: right;\"><em><strong>AE<\/strong><\/em><\/p>\n<hr \/>\n<p><a href=\"#_ftnref1\" name=\"_ftn1\">[1]<\/a> Juliette Paquier, <a href=\"https:\/\/www.la-croix.com\/France\/Ski-Gets-devient-premiere-station-non-fumeur-dEurope-2022-12-14-1201246543\">Ski : Les Gets deviennent la premi\u00e8re station \u00ab non fumeur \u00bb d\u2019Europe<\/a>, La Croix, publi\u00e9 le 14 d\u00e9cembre 2022, consult\u00e9 le 23 d\u00e9cembre 2022<\/p>\n<p><span style=\"color: #999999;\"><strong><a style=\"color: #999999;\" href=\"http:\/\/www.cnct.fr\/\" target=\"_blank\" rel=\"noopener noreferrer\">Comit\u00e9 national contre le tabagisme |<\/a><\/strong><\/span><\/p>\n","protected":false},"excerpt":{"rendered":"<p>By a municipal decree published on December 8, smoking will be prohibited on the 68 slopes and 50 ski lifts of the Les Gets ski area (Haute-Savoie in France), until the end of the season, Monday, April 10, 2023<\/p>","protected":false},"featured_media":11332,"template":"","tags":[],"thematique":[480,491],"class_list":["post-20900","actualites","type-actualites","status-publish","has-post-thumbnail","hentry","thematique-environnement","thematique-politiques-publiques"],"acf":[],"_links":{"self":[{"href":"https:\/\/www.generationsanstabac.org\/en\/wp-json\/wp\/v2\/actualites\/20900","targetHints":{"allow":["GET"]}}],"collection":[{"href":"https:\/\/www.generationsanstabac.org\/en\/wp-json\/wp\/v2\/actualites"}],"about":[{"href":"https:\/\/www.generationsanstabac.org\/en\/wp-json\/wp\/v2\/types\/actualites"}],"version-history":[{"count":0,"href":"https:\/\/www.generationsanstabac.org\/en\/wp-json\/wp\/v2\/actualites\/20900\/revisions"}],"wp:featuredmedia":[{"embeddable":true,"href":"https:\/\/www.generationsanstabac.org\/en\/wp-json\/wp\/v2\/media\/11332"}],"wp:attachment":[{"href":"https:\/\/www.generationsanstabac.org\/en\/wp-json\/wp\/v2\/media?parent=20900"}],"wp:term":[{"taxonomy":"post_tag","embeddable":true,"href":"https:\/\/www.generationsanstabac.org\/en\/wp-json\/wp\/v2\/tags?post=20900"},{"taxonomy":"thematique","embeddable":true,"href":"https:\/\/www.generationsanstabac.org\/en\/wp-json\/wp\/v2\/thematique?post=20900"}],"curies":[{"name":"wp","href":"https:\/\/api.w.org\/{rel}","templated":true}]}}