{"id":20892,"date":"2022-12-22T09:00:51","date_gmt":"2022-12-22T08:00:51","guid":{"rendered":"https:\/\/www.generationsanstabac.org\/actualites\/interdiction-des-aromes-pour-le-tabac-chauffe-bat-proteste-et-poursuit-lirlande\/"},"modified":"2022-12-22T09:00:51","modified_gmt":"2022-12-22T08:00:51","slug":"interdiction-des-aromes-pour-le-tabac-chauffe-bat-proteste-et-poursuit-lirlande","status":"publish","type":"actualites","link":"https:\/\/www.generationsanstabac.org\/en\/actualites\/interdiction-des-aromes-pour-le-tabac-chauffe-bat-proteste-et-poursuit-lirlande\/","title":{"rendered":"Ban on flavours for heated tobacco: BAT protests and sues Ireland"},"content":{"rendered":"<p style=\"text-align: justify;\"><em>Le fabricant British American Tobacco (BAT) a annonc\u00e9 avoir engag\u00e9 une proc\u00e9dure judiciaire devant la Haute Cour d\u2019Irlande, contre le minist\u00e8re de la Sant\u00e9 et le procureur g\u00e9n\u00e9ral d\u2019Irlande, afin de protester contre l\u2019interdiction de vente de tabac chauff\u00e9 aromatis\u00e9. <\/em><\/p>\n<p style=\"text-align: justify;\">Au d\u00e9but du mois de novembre 2022, la Commission europ\u00e9enne a publi\u00e9 la directive 2022\/2100, \u00e9tendant aux produits du tabac chauff\u00e9s \u00ab l\u2019interdiction de mise sur le march\u00e9 de produits du tabac contenant un ar\u00f4me caract\u00e9risant ou contenant des ar\u00f4mes dans l\u2019un de leurs composants tels que les filtres, le papier, le conditionnement et les capsules, ou tout dispositif technique permettant de modifier l\u2019odeur ou le go\u00fbt \u00bb<a href=\"#_ftn1\" name=\"_ftnref1\">[1]<\/a>.<\/p>\n<h2 style=\"text-align: justify;\"><strong>La \u00ab r\u00e9duction des risques \u00bb invoqu\u00e9e par BAT pour justifier la proc\u00e9dure judiciaire<\/strong><\/h2>\n<p style=\"text-align: justify;\">Le cigarettier justifie sa d\u00e9cision d\u2019engager des proc\u00e9dures judiciaires en raison du caract\u00e8re suppos\u00e9ment moins nocif pour la sant\u00e9 du tabac chauff\u00e9. En effet, selon BAT, comme pour les acteurs de l\u2019industrie du tabac, la consommation de tabac chauff\u00e9 se traduit par une diminution du risque pour le consommateur, et permettrait \u00e0 certains fumeurs de sortir du tabagisme traditionnel. Toutefois, ces all\u00e9gations sont infirm\u00e9es par la recherche scientifique ind\u00e9pendante, qui souligne que la consommation de tabac chauff\u00e9 ne se traduit pas par une r\u00e9duction des risques, mais par un \u00ab risque modifi\u00e9 \u00bb<a href=\"#_ftn2\" name=\"_ftnref2\">[2]<\/a>. Par ailleurs, les \u00e9tudes montrent qu\u2019en grande majorit\u00e9, la consommation de tabac chauff\u00e9 s\u2019ajoute \u00e0 celle de la cigarette manufactur\u00e9e classique, tandis que dans 20% des cas, les consommateurs de tabac chauff\u00e9 \u00e9taient auparavant non-fumeurs<a href=\"#_ftn3\" name=\"_ftnref3\">[3]<\/a>.<\/p>\n<h2 style=\"text-align: justify;\"><strong>Un d\u00e9veloppement rapide en Europe<\/strong><\/h2>\n<p style=\"text-align: justify;\">La strat\u00e9gie par laquelle l\u2019industrie du tabac cherche \u00e0 d\u00e9velopper ce nouveau produit est symptomatique des pratiques de ce secteur, qui montre une certaine constance au fil des d\u00e9cennies. En effet, une partie du d\u00e9veloppement commercial du tabac chauff\u00e9 tient \u00e0 l\u2019effort marketing et publicitaire dont ce nouveau produit fait l\u2019objet de la part des fabricants. Ces strat\u00e9gies promotionnelles, particuli\u00e8rement agressives et souvent illicites, ont notamment permis \u00e0 l\u2019industrie du tabac de fortement p\u00e9n\u00e9trer les march\u00e9s de l\u2019Europe du Sud, \u00e0 l\u2019instar de l\u2019Italie. Toutefois, un rapport de la Commission europ\u00e9enne tirait en juin 2022 la sonnette d\u2019alarme quant au d\u00e9veloppement exponentiel du tabac chauff\u00e9 dans l\u2019ensemble des pays europ\u00e9ens o\u00f9 le produit est commercialis\u00e9. Ainsi, les ventes de tabac chauff\u00e9 ont explos\u00e9 en Europe, passant de 924 millions \u00e0 19,7 milliards entre 2018 et 2020, soit une hausse de plus de 2 000 %, avec des hausses significatives en France (+ 406%), au Portugal (180%) et aux Pays-Bas (153%).<\/p>\n<h2 style=\"text-align: justify;\"><strong>Le recours en justice, une strat\u00e9gie d\u2019influence de l\u2019industrie du tabac<\/strong><\/h2>\n<p style=\"text-align: justify;\">La multiplication des actions de litiges contre les r\u00e9glementations de sant\u00e9 publique fait partie de l\u2019arsenal de l\u2019industrie du tabac pour pr\u00e9server ses int\u00e9r\u00eats. En effet, la conduite r\u00e9guli\u00e8re d\u2019actions l\u00e9gales, devant les juridictions nationales, ou en vertu d\u2019accords commerciaux, voire la simple menace d\u2019actions l\u00e9gales visent \u00e0 obtenir un \u00ab refroidissement r\u00e9glementaire \u00bb pour les pouvoirs publics. Le risque sugg\u00e9r\u00e9 de ces actions en justice tend \u00e0 faire grossir la perception des co\u00fbts que repr\u00e9sentent ces r\u00e9glementations de sant\u00e9 publique aux yeux des d\u00e9cideurs. Si les actions en justice entreprises par l\u2019industrie du tabac \u00e9chouent r\u00e9guli\u00e8rement, cette strat\u00e9gie de multiplier les recours en justice cherche davantage \u00e0 exercer une pression sur les d\u00e9cideurs, et les d\u00e9courager d\u2019entreprendre des politiques de sant\u00e9 publique<a href=\"#_ftn4\" name=\"_ftnref4\">[4]<\/a>.<\/p>\n<p>&nbsp;<\/p>\n<p><strong>Mots-cl\u00e9s : Tabac chauff\u00e9, BAT, Irlande<br \/>\n<\/strong><\/p>\n<p><strong><a href=\"https:\/\/www.generationsanstabac.org\/\">\u00a9G\u00e9n\u00e9ration Sans Tabac<\/a><\/strong><\/p>\n<p style=\"text-align: right;\"><strong><em>FT<\/em><\/strong><\/p>\n<hr \/>\n<p style=\"text-align: justify;\"><a href=\"#_ftnref1\" name=\"_ftn1\">[1]<\/a> Union europ\u00e9enne<a href=\"https:\/\/eur-lex.europa.eu\/legal-content\/FR\/TXT\/HTML\/?uri=CELEX:32022L2100&amp;from=EN\">, Directive d\u00e9l\u00e9g\u00e9e (UE) 2022\/2100 de la Commission du 29 juin 2022 modifiant la directive 2014\/40\/UE du Parlement europ\u00e9en et du Conseil en ce qui concerne le retrait de certaines exemptions pour les produits du tabac chauff\u00e9s<\/a>, 03\/11\/2022<\/p>\n<p style=\"text-align: justify;\"><a href=\"#_ftnref2\" name=\"_ftn2\">[2]<\/a> Glantz SA, Heated tobacco products: the example of IQOS, Tobacco Control 2018;27:s1-s6.<\/p>\n<p style=\"text-align: justify;\"><a href=\"#_ftnref3\" name=\"_ftn3\">[3]<\/a> B. Dautzenberg, M.-D. Dautzenberg. Le tabac chauff\u00e9 : revue syst\u00e9matique de la litt\u00e9rature. Revue des Maladies Respiratoires, 2019, 36, pp.82 &#8211; 103. 10.1016\/j.rmr.2018.10.010. hal-03485625<\/p>\n<p style=\"text-align: justify;\"><a href=\"#_ftnref4\" name=\"_ftn4\">[4]<\/a> Ulucanlar S, Fooks GJ, Gilmore AB. The Policy Dystopia Model: An Interpretive Analysis of Tobacco Industry Political Activity. PLoS Med. 2016 Sep 20;13(9):e1002125. doi: 10.1371\/journal.pmed.1002125. PMID: 27649386; PMCID: PMC5029800.<\/p>\n<p><span style=\"color: #999999;\"><strong><a style=\"color: #999999;\" href=\"http:\/\/www.cnct.fr\/\" target=\"_blank\" rel=\"noopener noreferrer\">Comit\u00e9 national contre le tabagisme |<\/a><\/strong><\/span><\/p>\n","protected":false},"excerpt":{"rendered":"<p>Manufacturer British American Tobacco (BAT) has announced that it has filed legal proceedings in the High Court of Ireland against the Department of Health and the Attorney General of Ireland to protest the ban on the sale of flavoured heated tobacco.<\/p>","protected":false},"featured_media":19894,"template":"","tags":[],"thematique":[502,516],"class_list":["post-20892","actualites","type-actualites","status-publish","has-post-thumbnail","hentry","thematique-justice","thematique-nouveaux-produits"],"acf":[],"_links":{"self":[{"href":"https:\/\/www.generationsanstabac.org\/en\/wp-json\/wp\/v2\/actualites\/20892","targetHints":{"allow":["GET"]}}],"collection":[{"href":"https:\/\/www.generationsanstabac.org\/en\/wp-json\/wp\/v2\/actualites"}],"about":[{"href":"https:\/\/www.generationsanstabac.org\/en\/wp-json\/wp\/v2\/types\/actualites"}],"version-history":[{"count":0,"href":"https:\/\/www.generationsanstabac.org\/en\/wp-json\/wp\/v2\/actualites\/20892\/revisions"}],"wp:featuredmedia":[{"embeddable":true,"href":"https:\/\/www.generationsanstabac.org\/en\/wp-json\/wp\/v2\/media\/19894"}],"wp:attachment":[{"href":"https:\/\/www.generationsanstabac.org\/en\/wp-json\/wp\/v2\/media?parent=20892"}],"wp:term":[{"taxonomy":"post_tag","embeddable":true,"href":"https:\/\/www.generationsanstabac.org\/en\/wp-json\/wp\/v2\/tags?post=20892"},{"taxonomy":"thematique","embeddable":true,"href":"https:\/\/www.generationsanstabac.org\/en\/wp-json\/wp\/v2\/thematique?post=20892"}],"curies":[{"name":"wp","href":"https:\/\/api.w.org\/{rel}","templated":true}]}}