{"id":20890,"date":"2022-12-19T13:03:20","date_gmt":"2022-12-19T12:03:20","guid":{"rendered":"https:\/\/www.generationsanstabac.org\/actualites\/le-retard-des-pays-europeens-dans-la-mise-en-place-des-espaces-sans-tabac\/"},"modified":"2022-12-19T13:03:20","modified_gmt":"2022-12-19T12:03:20","slug":"le-retard-des-pays-europeens-dans-la-mise-en-place-des-espaces-sans-tabac","status":"publish","type":"actualites","link":"https:\/\/www.generationsanstabac.org\/en\/actualites\/le-retard-des-pays-europeens-dans-la-mise-en-place-des-espaces-sans-tabac\/","title":{"rendered":"European countries&#039; delay in setting up smoke-free areas"},"content":{"rendered":"<p style=\"text-align: justify;\"><em>Une nouvelle <\/em><a href=\"https:\/\/www.smokefreepartnership.eu\/smokefree-map\"><em>carte interactive<\/em><\/a><em> des espaces sans tabac, publi\u00e9e le 15 d\u00e9cembre dernier par la coalition europ\u00e9enne Smoke Free Partnership (SFP)<a href=\"#_ftn1\" name=\"_ftnref1\"><strong>[1]<\/strong><\/a>, montre que plusieurs pays europ\u00e9ens ne prot\u00e8gent pas suffisamment leurs citoyens contre la fum\u00e9e de tabac dans les lieux publics conform\u00e9ment \u00e0 l\u2019article 8 de la Convention-Cadre de l\u2019OMS qui pr\u00e9conise des mesures de protection contre l&rsquo;exposition \u00e0 la fum\u00e9e du tabac.<\/em><\/p>\n<p style=\"text-align: justify;\">SFP a analys\u00e9 la l\u00e9gislation concernant les espaces sans tabac et le respect de cette mesure dans 42 pays de la r\u00e9gion EURO de l\u2019OMS (pays de l&rsquo;Union Europ\u00e9enne + Albanie, Belarus, Bosnie-Herz\u00e9govine, Islande, Isra\u00ebl, Kosovo, Moldavie, Mont\u00e9n\u00e9gro, Mac\u00e9doine du Nord, Norv\u00e8ge, Serbie, Suisse, Turquie, Ukraine et Royaume-Uni). Les r\u00e9sultats sont bas\u00e9s sur une enqu\u00eate diffus\u00e9e aupr\u00e8s d&rsquo;organisations non gouvernementales sp\u00e9cialis\u00e9es dans les pays \u00e9valu\u00e9s. L\u2019enqu\u00eate s\u2019est d\u00e9roul\u00e9e au cours de l&rsquo;ann\u00e9e 2021. Les donn\u00e9es relatives \u00e0 la l\u00e9gislation en vigueur renvoient aux textes s\u2019appliquant au 1er juin 2022.<\/p>\n<h2 style=\"text-align: justify;\"><strong>D\u2019importants progr\u00e8s \u00e0 r\u00e9aliser dans plusieurs pays europ\u00e9ens<\/strong><\/h2>\n<p style=\"text-align: justify;\">Selon la carte, seuls 18 des 27 pays de l&rsquo;UE respectent les obligations internationales en mati\u00e8re d&rsquo;interdiction de fumer pr\u00e9vues par l&rsquo;article 8 de la CCLAT de l&rsquo;OMS. Parmi eux, l\u2019Irlande et le Royaume-Uni font figure de bons \u00e9l\u00e8ves aussi bien en termes de l\u00e9gislation que de respect de la mesure. Les Pays-Bas sont le pays qui a fait les progr\u00e8s les plus significatifs au cours de ces derniers mois, tandis que l&rsquo;Allemagne, la Croatie et la Bulgarie sont les pays pour lesquels les politiques d\u2019espaces sans tabac et leur niveau de mise en \u0153uvre sont particuli\u00e8rement pr\u00e9occupants. Ces pays sont par ailleurs particuli\u00e8rement \u00ab vuln\u00e9rables \u00bb au lobby de l\u2019industrie du tabac, cette r\u00e9alit\u00e9 constituant un facteur d\u2019explication majeur. Si la Gr\u00e8ce propose une bonne l\u00e9gislation sans tabac (interdiction de fumer dans les stades, dans les restaurants\/bars, les lieux de travail int\u00e9rieurs en incluant \u00e9galement le tabac chauff\u00e9 dans ces interdictions), la mesure est, en revanche, tr\u00e8s mal respect\u00e9e, notamment l\u00e0 encore en raison de l\u2019ing\u00e9rence tr\u00e8s de l\u2019industrie aupr\u00e8s des d\u00e9cideurs politiques pour retarder et\/ou affaiblir les mesures antitabac.  En ce qui concerne le d\u00e9veloppement des lieux sans tabac dans les lieux ext\u00e9rieurs, la Su\u00e8de est le premier et unique pays \u00e0 avoir instaur\u00e9 une interdiction totale de fumer en terrasse. Des progr\u00e8s globaux sont actuellement r\u00e9alis\u00e9s \u00e9galement en ce qui concerne l\u2019inclusion des produits du tabac chauff\u00e9s et aux nouveaux produits mis sur le march\u00e9 dans le champ de cet interdit.<\/p>\n<p style=\"text-align: justify;\">En France, la l\u00e9gislation et le respect de cette derni\u00e8re est qualifi\u00e9e de \u00ab bonne \u00bb, le pays ne disposant pas d\u2019interdiction pour les terrasses et les lieux de travail ext\u00e9rieurs. La l\u00e9gislation pr\u00e9voit une interdiction de fumer dans l\u2019ensemble des lieux de travail int\u00e9rieurs y compris dans les bars\/restaurants, ainsi que dans les transports publics et l\u2019ensemble des lieux \u00e0 usage collectif int\u00e9rieurs. Cette l\u00e9gislation est globalement bien respect\u00e9e en ce qui concerne les lieux int\u00e9rieurs cependant des pratiques de contournements concernant en particulier les terrasses sont tr\u00e8s r\u00e9guli\u00e8rement signal\u00e9es et cette l\u00e9gislation de protection n\u2019est donc pas effective \u00e0 100%.<\/p>\n<h2 style=\"text-align: justify;\"><strong>Le fardeau du tabagisme passif<\/strong><\/h2>\n<p style=\"text-align: justify;\">Le tabagisme reste la premi\u00e8re cause pr\u00e9matur\u00e9e \u00e9vitable de d\u00e9c\u00e8s dans le monde et en Europe. En outre, l&rsquo;exposition \u00e0 la fum\u00e9e de tabac est responsable d&rsquo;environ 1,2 million de d\u00e9c\u00e8s dans le monde et de 24 000 en Union Europ\u00e9enne.<\/p>\n<p style=\"text-align: justify;\">\u00c0 titre d\u2019exemples, selon une \u00e9tude de 2021, l\u2019exposition \u00e0 la fum\u00e9e secondaire est associ\u00e9e \u00e0 un risque accru de 35% de d\u00e9velopper une insuffisance cardiaque, m\u00eame en l\u2019absence d\u2019autres facteurs de risque<a href=\"#_ftn2\" name=\"_ftnref2\">[2]<\/a>. Une autre \u00e9tude r\u00e9cente avait r\u00e9v\u00e9l\u00e9 que les personnes expos\u00e9es \u00e0 la fum\u00e9e secondaire \u00e9taient 51% plus susceptibles de d\u00e9velopper un cancer de la bouche, qui affecte principalement les l\u00e8vres, la langue, le palais, les gencives ou l\u2019int\u00e9rieur des joues<a href=\"#_ftn3\" name=\"_ftnref3\">[3]<\/a>.<\/p>\n<p style=\"text-align: justify;\">La mise en place des espaces sans tabac est d\u00e9montr\u00e9e comme efficace pour r\u00e9duire les maladies et les d\u00e9c\u00e8s caus\u00e9s par le tabagisme et l&rsquo;exposition \u00e0 la fum\u00e9e de tabac. La l\u00e9gislation d\u2019interdiction de fumer en Europe prot\u00e8ge de plus en plus des millions d&rsquo;Europ\u00e9ens contre les effets nocifs du tabagisme passif. Le fort soutien de l&rsquo;opinion publique en faveur de cette l\u00e9gislation a par ailleurs conduit \u00e0 un niveau encourageant de conformit\u00e9.<\/p>\n<h2 style=\"text-align: justify;\"><strong>Am\u00e9liorer les l\u00e9gislations nationales pour parvenir \u00e0 une g\u00e9n\u00e9ration sans tabac europ\u00e9enne<\/strong><\/h2>\n<p style=\"text-align: justify;\">Selon Lilia Olefir, directrice de Smoke Free Partnership, \u00ab <em>la r\u00e9vision ambitieuse de la recommandation du Conseil sur les environnements sans tabac est un \u00e9l\u00e9ment crucial du plan europ\u00e9en de lutte contre le cancer. Le renforcement de la l\u00e9gislation d\u2019interdiction de fumer au niveau national et l&rsquo;am\u00e9lioration de son application pour garantir des environnements 100 % sans tabac et sans exceptions constituent un axe majeur pour parvenir \u00e0 une g\u00e9n\u00e9ration sans tabac et garantir la r\u00e9duction de la pr\u00e9valence du tabagisme \u00e0 5 % d&rsquo;ici 2040 en Europe. <\/em>\u00bb<\/p>\n<p style=\"text-align: justify;\">Dans cette perspective, SFP formule plusieurs recommandations, parmi lesquelles :<\/p>\n<ul>\n<li style=\"text-align: justify;\">Supprimer les exemptions aux interdictions de fumer, ainsi que la possibilit\u00e9 d\u2019am\u00e9nager des fumoirs ;<\/li>\n<li style=\"text-align: justify;\">Etendre l\u2019interdiction de fumer \u00e0 l\u2019ensemble des espaces publics ou de travail ext\u00e9rieurs ;<\/li>\n<li style=\"text-align: justify;\">Etendre l\u2019interdiction de consommer aux produits nouveaux et \u00e9mergents ;<\/li>\n<li style=\"text-align: justify;\">Appliquer les dispositions de l&rsquo;article 5.3 de la Convention-cadre de l&rsquo;OMS pour la lutte antitabac relatif \u00e0 la protection des politiques de lutte antitabac \u00e0 l\u2019\u00e9gard de l&rsquo;ing\u00e9rence de l&rsquo;industrie du tabac au niveau national ;<\/li>\n<\/ul>\n<p><strong>Mots-cl\u00e9s : espaces sans tabac, tabagisme passif, Europe, SFP, l\u00e9gislation, nouveaux produits, lieux sans tabac<\/strong><\/p>\n<p style=\"text-align: justify;\"><strong><a href=\"https:\/\/www.generationsanstabac.org\/\">\u00a9G\u00e9n\u00e9ration Sans Tabac<\/a><\/strong><\/p>\n<p style=\"text-align: right;\"><strong><em>AE<\/em><\/strong><\/p>\n<hr \/>\n<p><a href=\"#_ftnref1\" name=\"_ftn1\">[1]<\/a> Communiqu\u00e9 de presse, <a href=\"https:\/\/www.smokefreepartnership.eu\/news\/new-smokefree-map-shows-smoke-free-policies-in-europe-still-have-a-long-way-to-go\">New Smokefree Map shows smoke-free policies in Europe still have a long way to go<\/a>, Smoke-free Partnership, publi\u00e9 le 15 d\u00e9cembre 2022, consult\u00e9 le 19 d\u00e9cembre 2022<\/p>\n<p><a href=\"#_ftnref2\" name=\"_ftn2\">[2]<\/a> G\u00e9n\u00e9ration sans tabac, <a href=\"https:\/\/www.generationsanstabac.org\/actualites\/tabagisme-passif-augmente-35-risque-insuffisance-cardiaque\/\">Le tabagisme passif augmente de 35% le risque d\u2019insuffisance cardiaque<\/a>, publi\u00e9 le 1er juin 2021, consult\u00e9 le 19 d\u00e9cembre 2022<\/p>\n<p><a href=\"#_ftnref3\" name=\"_ftn3\">[3]<\/a> G\u00e9n\u00e9ration sans tabac, <a href=\"https:\/\/www.generationsanstabac.org\/actualites\/le-tabagisme-passif-augmente-le-risque-de-cancer-de-la-bouche\/\">Le tabagisme passif augmente le risque de cancer de la bouche<\/a>, publi\u00e9 le 29 avril 2021, consult\u00e9 le 19 d\u00e9cembre 2022<\/p>\n<p><span style=\"color: #999999;\"><strong><a style=\"color: #999999;\" href=\"http:\/\/www.cnct.fr\/\" target=\"_blank\" rel=\"noopener noreferrer\">Comit\u00e9 national contre le tabagisme |<\/a><\/strong><\/span><\/p>\n","protected":false},"excerpt":{"rendered":"<p>A new interactive map of smoke-free spaces, published on December 15 by the European coalition Smoke Free Partnership (SFP), shows that several European countries are not adequately protecting their citizens from tobacco smoke in public places in accordance with Article 8 of the WHO Framework Convention, which recommends protective measures against exposure to tobacco smoke.<\/p>","protected":false},"featured_media":11322,"template":"","tags":[],"thematique":[480,474],"class_list":["post-20890","actualites","type-actualites","status-publish","has-post-thumbnail","hentry","thematique-environnement","thematique-sante"],"acf":[],"_links":{"self":[{"href":"https:\/\/www.generationsanstabac.org\/en\/wp-json\/wp\/v2\/actualites\/20890","targetHints":{"allow":["GET"]}}],"collection":[{"href":"https:\/\/www.generationsanstabac.org\/en\/wp-json\/wp\/v2\/actualites"}],"about":[{"href":"https:\/\/www.generationsanstabac.org\/en\/wp-json\/wp\/v2\/types\/actualites"}],"version-history":[{"count":0,"href":"https:\/\/www.generationsanstabac.org\/en\/wp-json\/wp\/v2\/actualites\/20890\/revisions"}],"wp:featuredmedia":[{"embeddable":true,"href":"https:\/\/www.generationsanstabac.org\/en\/wp-json\/wp\/v2\/media\/11322"}],"wp:attachment":[{"href":"https:\/\/www.generationsanstabac.org\/en\/wp-json\/wp\/v2\/media?parent=20890"}],"wp:term":[{"taxonomy":"post_tag","embeddable":true,"href":"https:\/\/www.generationsanstabac.org\/en\/wp-json\/wp\/v2\/tags?post=20890"},{"taxonomy":"thematique","embeddable":true,"href":"https:\/\/www.generationsanstabac.org\/en\/wp-json\/wp\/v2\/thematique?post=20890"}],"curies":[{"name":"wp","href":"https:\/\/api.w.org\/{rel}","templated":true}]}}